{"id":107100,"date":"2021-03-31T07:35:53","date_gmt":"2021-03-31T10:35:53","guid":{"rendered":"https:\/\/www.eltrabajo.cl\/portal\/?p=107100"},"modified":"2021-03-30T23:15:18","modified_gmt":"2021-03-31T02:15:18","slug":"el-dificil-momento-del-balompie-amateur-local","status":"publish","type":"post","link":"https:\/\/eltrabajo.cl\/portal\/el-dificil-momento-del-balompie-amateur-local\/","title":{"rendered":"El dif\u00edcil momento del balompi\u00e9 amateur local"},"content":{"rendered":"<p style=\"text-align: justify;\">Es una obviedad decir que el momento por el que atraviesa el balompi\u00e9 aficionado local es delicado. La falta de competencias se ha traducido en que los clubes se vean imposibilitados de generar recursos que les permitan subsistir de manera adecuada.<\/p>\n<p style=\"text-align: justify;\"><strong>El Trabajo Deportivo<\/strong> tuvo la oportunidad de hablar con el presidente del club Alianza Curim\u00f3n, <strong>Jorge Villanueva<\/strong>, quien en la actualidad y de manera interina est\u00e1 ejerciendo funciones como contador de la Asociaci\u00f3n de F\u00fatbol Amateur de San Felipe, lugar desde el cual puede tener una clara visi\u00f3n de la realidad actual.<\/p>\n<p style=\"text-align: justify;\">Consultado el profesional sobre la dif\u00edcil situaci\u00f3n por la que se atraviesa, Villanueva dijo: <em>\u00abHay un d\u00e9ficit importante en las arcas de la Asociaci\u00f3n; a los clubes les lleg\u00f3 muy bien la subvenci\u00f3n que les entreg\u00f3 la municipalidad hace un tiempo atr\u00e1s, pero esos dineros se gastaron muy r\u00e1pido porque muchas instituciones ten\u00edan deudas de arrastre, ya que no hay que olvidar que durante todo el 2020 no se jug\u00f3, lo que impidi\u00f3 que generaran recursos para pagar sus gastos que no son pocos, entonces ese dinero que fue muy importante y se agradece que haya llegado, sirvi\u00f3 como un paliativo\u00bb.<\/em><\/p>\n<p style=\"text-align: justify;\">Jorge Villanueva no quiso hacer eco de algunas miradas catastrofistas que se\u00f1alan que algunas instituciones est\u00e1n en riesgo de desaparecer, aunque s\u00ed reconoce que el momento es muy delicado en todos los niveles, <em>\u00abno creo que pase eso <\/em>(desaparecer),<em> pero no significa que algunos no puedan subsistir. Es bueno que haya claridad respecto que el f\u00fatbol amateur se mueve por lo que semanalmente se hace, y si no hay actividad es evidente que la situaci\u00f3n es cr\u00edtica para algunos, incluida la Asociaci\u00f3n que no est\u00e1 recibiendo dinero por parte de los clubes que deben pagar en sus cuotas, y no hay que olvidar que la Asociaci\u00f3n tiene gastos fijos importantes como es el caso del sueldo de su secretaria\u00bb,<\/em> culmin\u00f3 diciendo el directivo.<\/p>\n<figure id=\"attachment_107101\" aria-describedby=\"caption-attachment-107101\" style=\"width: 699px\" class=\"wp-caption alignnone\"><img data-recalc-dims=\"1\" loading=\"lazy\" decoding=\"async\" class=\"size-full wp-image-107101\" src=\"https:\/\/i0.wp.com\/eltrabajo.cl\/portal\/wp-content\/uploads\/2021\/03\/jorge-villanueva.jpg?resize=640%2C421&#038;ssl=1\" alt=\"Jorge Villanueva est\u00e1 llevando la contabilidad en la Asociaci\u00f3n de F\u00fatbol Amateur sanfelipe\u00f1a.\" width=\"640\" height=\"421\" srcset=\"https:\/\/i0.wp.com\/eltrabajo.cl\/portal\/wp-content\/uploads\/2021\/03\/jorge-villanueva.jpg?w=699&amp;ssl=1 699w, https:\/\/i0.wp.com\/eltrabajo.cl\/portal\/wp-content\/uploads\/2021\/03\/jorge-villanueva.jpg?resize=300%2C197&amp;ssl=1 300w, https:\/\/i0.wp.com\/eltrabajo.cl\/portal\/wp-content\/uploads\/2021\/03\/jorge-villanueva.jpg?resize=200%2C132&amp;ssl=1 200w, https:\/\/i0.wp.com\/eltrabajo.cl\/portal\/wp-content\/uploads\/2021\/03\/jorge-villanueva.jpg?resize=696%2C458&amp;ssl=1 696w\" sizes=\"auto, (max-width: 640px) 100vw, 640px\" \/><figcaption id=\"caption-attachment-107101\" class=\"wp-caption-text\">Jorge Villanueva est\u00e1 llevando la contabilidad en la Asociaci\u00f3n de F\u00fatbol Amateur sanfelipe\u00f1a.<\/figcaption><\/figure>\n","protected":false},"excerpt":{"rendered":"<p>Es una obviedad decir que el momento por el que atraviesa el balompi\u00e9 aficionado local es delicado. La falta de competencias se ha traducido en que los clubes se vean imposibilitados de&#8230;<\/p>\n","protected":false},"author":482,"featured_media":107101,"comment_status":"closed","ping_status":"open","sticky":false,"template":"","format":"standard","meta":{"advanced_seo_description":"","jetpack_seo_html_title":"","jetpack_seo_noindex":false,"_jetpack_memberships_contains_paid_content":false,"footnotes":""},"categories":[19],"tags":[],"class_list":["post-107100","post","type-post","status-publish","format-standard","has-post-thumbnail","hentry","category-deportes"],"jetpack_featured_media_url":"https:\/\/i0.wp.com\/eltrabajo.cl\/portal\/wp-content\/uploads\/2021\/03\/jorge-villanueva.jpg?fit=699%2C460&ssl=1","jetpack_sharing_enabled":true,"jetpack_likes_enabled":true,"jetpack-related-posts":[],"_links":{"self":[{"href":"https:\/\/eltrabajo.cl\/portal\/wp-json\/wp\/v2\/posts\/107100","targetHints":{"allow":["GET"]}}],"collection":[{"href":"https:\/\/eltrabajo.cl\/portal\/wp-json\/wp\/v2\/posts"}],"about":[{"href":"https:\/\/eltrabajo.cl\/portal\/wp-json\/wp\/v2\/types\/post"}],"author":[{"embeddable":true,"href":"https:\/\/eltrabajo.cl\/portal\/wp-json\/wp\/v2\/users\/482"}],"replies":[{"embeddable":true,"href":"https:\/\/eltrabajo.cl\/portal\/wp-json\/wp\/v2\/comments?post=107100"}],"version-history":[{"count":0,"href":"https:\/\/eltrabajo.cl\/portal\/wp-json\/wp\/v2\/posts\/107100\/revisions"}],"wp:featuredmedia":[{"embeddable":true,"href":"https:\/\/eltrabajo.cl\/portal\/wp-json\/wp\/v2\/media\/107101"}],"wp:attachment":[{"href":"https:\/\/eltrabajo.cl\/portal\/wp-json\/wp\/v2\/media?parent=107100"}],"wp:term":[{"taxonomy":"category","embeddable":true,"href":"https:\/\/eltrabajo.cl\/portal\/wp-json\/wp\/v2\/categories?post=107100"},{"taxonomy":"post_tag","embeddable":true,"href":"https:\/\/eltrabajo.cl\/portal\/wp-json\/wp\/v2\/tags?post=107100"}],"curies":[{"name":"wp","href":"https:\/\/api.w.org\/{rel}","templated":true}]}}