{"id":107165,"date":"2021-04-05T07:30:59","date_gmt":"2021-04-05T11:30:59","guid":{"rendered":"https:\/\/www.eltrabajo.cl\/portal\/?p=107165"},"modified":"2021-04-04T20:10:05","modified_gmt":"2021-04-05T00:10:05","slug":"con-una-atractiva-accion-san-felipe-celebrara-el-dia-de-la-actividad-fisica-y-el-deporte","status":"publish","type":"post","link":"https:\/\/eltrabajo.cl\/portal\/con-una-atractiva-accion-san-felipe-celebrara-el-dia-de-la-actividad-fisica-y-el-deporte\/","title":{"rendered":"Con una atractiva acci\u00f3n San Felipe celebrar\u00e1 el D\u00eda de la Actividad F\u00edsica y el Deporte"},"content":{"rendered":"<p style=\"text-align: justify;\">Ma\u00f1ana martes se celebrar\u00e1 el <em>D\u00eda Mundial de la Actividad F\u00edsica y el Deporte<\/em>, fecha que com\u00fanmente sol\u00eda celebrarse con una serie de actividades en colegios y diversas entidades p\u00fablicas. La delicada situaci\u00f3n sanitaria que atraviesa la ciudad y el pa\u00eds producto de la pandemia, provoc\u00f3 que el Departamento de Deportes de la Municipalidad de San Felipe optar por programar una actividad virtual abierta a toda la comunidad.<\/p>\n<p style=\"text-align: justify;\">El evento ser\u00e1 Online a trav\u00e9s de la plataforma de Facebook del municipio. Fue el joven integrante del Departamento de Deportes del Municipio sanfelipe\u00f1o, <strong>Diego Garc\u00eda<\/strong>, el encargado de dar a conocer los alcances de la actividad: \u00ab<em>Habr\u00e1n distintas clases durante toda la ma\u00f1ana, y como entendemos que mucha gente no podr\u00e1 participar debido a sus actividades laborales o de otra \u00edndole, las clases quedar\u00e1n grabadas para que puedan revivirla y as\u00ed practicarlas en un horario que sea m\u00e1s c\u00f3modo para ellas<\/em>\u00bb, parti\u00f3 informando el funcionario que m\u00e1s adelante entreg\u00f3 otros datos muy importantes tales como que, \u00ab<em>todo comenzar\u00e1 a las 8 de la ma\u00f1ana con un taller de Yoga que estar\u00e1 a cargo de la profesora Aura Palacios. El segundo bloque ser\u00e1 desde la ma\u00f1ana y ser\u00e1 uno de Acondicionamiento f\u00edsico para todo p\u00fablico bajo la conducci\u00f3n de la profesional Cristina Abarca, mientras que el tercer turno se iniciar\u00e1 a las 10 de la ma\u00f1ana y se tratar\u00e1 de Acondicionamiento F\u00edsico para el Adulto Mayor que tendr\u00e1n la posibilidad de disfrutar una clase especialmente dirigida hacia a ellos debido a la importancia que tienen para nuestra sociedad, y es por lo mismo que la profesora de ese taller ser\u00e1 Judith Pinto quien se ha especializado en el adulto mayor<\/em>\u00bb, explic\u00f3 Garc\u00eda.<\/p>\n<p style=\"text-align: justify;\">La culminaci\u00f3n de la actividad telem\u00e1tica consistir\u00e1 de una clase de Zumba, la que se program\u00f3 a las 11 de la ma\u00f1ana, bajo la tutela de Issadora P\u00e9rez, quien cuenta con una vasta experiencia en esa disciplina.<\/p>\n<p style=\"text-align: justify;\">Por su parte el jefe del Departamento de Deportes, <strong>Julio Silva<\/strong>, hizo un llamado a la ciudadan\u00eda para que participe de esta actividad, afirmando que \u00ab<em>ojala la mayor parte de la comunidad puedan participar; sabemos que en estos tiempos es imposible por los aforos reunir a la gente, y es por eso que no quisimos que la fecha pasara por alto, as\u00ed que organizamos esta acci\u00f3n que ir\u00e1 para todos por las redes sociales<\/em>\u00bb.<\/p>\n<figure id=\"attachment_107166\" aria-describedby=\"caption-attachment-107166\" style=\"width: 698px\" class=\"wp-caption alignnone\"><img data-recalc-dims=\"1\" loading=\"lazy\" decoding=\"async\" class=\"size-full wp-image-107166\" src=\"https:\/\/i0.wp.com\/eltrabajo.cl\/portal\/wp-content\/uploads\/2021\/04\/Silva-y-garcia.jpg?resize=640%2C506&#038;ssl=1\" alt=\"Los profesionales del Departamento de Deportes Julio Silva (sentado) y Diego Garc\u00eda, afinando los \u00faltimos detalles de la actividad de este martes. \" width=\"640\" height=\"506\" srcset=\"https:\/\/i0.wp.com\/eltrabajo.cl\/portal\/wp-content\/uploads\/2021\/04\/Silva-y-garcia.jpg?w=698&amp;ssl=1 698w, https:\/\/i0.wp.com\/eltrabajo.cl\/portal\/wp-content\/uploads\/2021\/04\/Silva-y-garcia.jpg?resize=300%2C237&amp;ssl=1 300w, https:\/\/i0.wp.com\/eltrabajo.cl\/portal\/wp-content\/uploads\/2021\/04\/Silva-y-garcia.jpg?resize=190%2C150&amp;ssl=1 190w, https:\/\/i0.wp.com\/eltrabajo.cl\/portal\/wp-content\/uploads\/2021\/04\/Silva-y-garcia.jpg?resize=696%2C550&amp;ssl=1 696w\" sizes=\"auto, (max-width: 640px) 100vw, 640px\" \/><figcaption id=\"caption-attachment-107166\" class=\"wp-caption-text\">Los profesionales del Departamento de Deportes Julio Silva (sentado) y Diego Garc\u00eda, afinando los \u00faltimos detalles de la actividad de este martes.<\/figcaption><\/figure>\n","protected":false},"excerpt":{"rendered":"<p>Ma\u00f1ana martes se celebrar\u00e1 el D\u00eda Mundial de la Actividad F\u00edsica y el Deporte, fecha que com\u00fanmente sol\u00eda celebrarse con una serie de actividades en colegios y diversas entidades p\u00fablicas. La delicada&#8230;<\/p>\n","protected":false},"author":482,"featured_media":107166,"comment_status":"closed","ping_status":"open","sticky":false,"template":"","format":"standard","meta":{"advanced_seo_description":"","jetpack_seo_html_title":"","jetpack_seo_noindex":false,"_jetpack_memberships_contains_paid_content":false,"footnotes":""},"categories":[19],"tags":[],"class_list":["post-107165","post","type-post","status-publish","format-standard","has-post-thumbnail","hentry","category-deportes"],"jetpack_featured_media_url":"https:\/\/i0.wp.com\/eltrabajo.cl\/portal\/wp-content\/uploads\/2021\/04\/Silva-y-garcia.jpg?fit=698%2C552&ssl=1","jetpack_sharing_enabled":true,"jetpack_likes_enabled":true,"jetpack-related-posts":[],"_links":{"self":[{"href":"https:\/\/eltrabajo.cl\/portal\/wp-json\/wp\/v2\/posts\/107165","targetHints":{"allow":["GET"]}}],"collection":[{"href":"https:\/\/eltrabajo.cl\/portal\/wp-json\/wp\/v2\/posts"}],"about":[{"href":"https:\/\/eltrabajo.cl\/portal\/wp-json\/wp\/v2\/types\/post"}],"author":[{"embeddable":true,"href":"https:\/\/eltrabajo.cl\/portal\/wp-json\/wp\/v2\/users\/482"}],"replies":[{"embeddable":true,"href":"https:\/\/eltrabajo.cl\/portal\/wp-json\/wp\/v2\/comments?post=107165"}],"version-history":[{"count":0,"href":"https:\/\/eltrabajo.cl\/portal\/wp-json\/wp\/v2\/posts\/107165\/revisions"}],"wp:featuredmedia":[{"embeddable":true,"href":"https:\/\/eltrabajo.cl\/portal\/wp-json\/wp\/v2\/media\/107166"}],"wp:attachment":[{"href":"https:\/\/eltrabajo.cl\/portal\/wp-json\/wp\/v2\/media?parent=107165"}],"wp:term":[{"taxonomy":"category","embeddable":true,"href":"https:\/\/eltrabajo.cl\/portal\/wp-json\/wp\/v2\/categories?post=107165"},{"taxonomy":"post_tag","embeddable":true,"href":"https:\/\/eltrabajo.cl\/portal\/wp-json\/wp\/v2\/tags?post=107165"}],"curies":[{"name":"wp","href":"https:\/\/api.w.org\/{rel}","templated":true}]}}