{"id":107224,"date":"2021-04-07T07:35:25","date_gmt":"2021-04-07T11:35:25","guid":{"rendered":"https:\/\/www.eltrabajo.cl\/portal\/?p=107224"},"modified":"2021-04-06T21:12:23","modified_gmt":"2021-04-07T01:12:23","slug":"el-covid-vuelve-a-poner-en-pausa-al-basquetbol-local","status":"publish","type":"post","link":"https:\/\/eltrabajo.cl\/portal\/el-covid-vuelve-a-poner-en-pausa-al-basquetbol-local\/","title":{"rendered":"El Covid vuelve a poner en pausa al b\u00e1squetbol local"},"content":{"rendered":"<p style=\"text-align: justify;\">El ingreso a cuarentena de San Felipe y otras comunas del valle de Aconcagua, una vez m\u00e1s signific\u00f3 un retroceso para el retorno del b\u00e1squetbol local que deber\u00e1 seguir esperando poder hacer sonar la chicharra.<\/p>\n<p style=\"text-align: justify;\">Hasta antes del retroceso a la fase 2 del programa Paso a Paso, la Asociaci\u00f3n de B\u00e1squetbol Alejandro Rivadeneira ten\u00eda pr\u00e1cticamente definido un torneo 3&#215;3, evento que ya ten\u00eda asegurada la participaci\u00f3n de la totalidad de los clubes que presentar\u00edan distintos teams, en una competencia que pondr\u00eda fin al receso de m\u00e1s de un a\u00f1o en el que se encuentra sumergido el baloncesto de la futura regi\u00f3n Cordillera.<\/p>\n<p style=\"text-align: justify;\">La esperanza a la que se aferran en la Asociaci\u00f3n es que la cuarentena permita bajar los \u00edndices de contagio, a lo que se sumar\u00e1 el proceso de vacunaci\u00f3n, y cuando eso ocurra iniciar casi de manera inmediata el torneo, por lo que los jugadores deber\u00e1n entrenar en sus hogares para que est\u00e9n preparados cuando llegue ese esperado momento en el que el bal\u00f3n anaranjado comience a botear.<\/p>\n<figure id=\"attachment_107225\" aria-describedby=\"caption-attachment-107225\" style=\"width: 700px\" class=\"wp-caption alignnone\"><img data-recalc-dims=\"1\" loading=\"lazy\" decoding=\"async\" class=\"size-full wp-image-107225\" src=\"https:\/\/i0.wp.com\/eltrabajo.cl\/portal\/wp-content\/uploads\/2021\/04\/basquet.jpg?resize=640%2C640&#038;ssl=1\" alt=\"El torneo 3x3 que organizar\u00eda la asociaci\u00f3n local deber\u00e1 seguir esperando.\" width=\"640\" height=\"640\" srcset=\"https:\/\/i0.wp.com\/eltrabajo.cl\/portal\/wp-content\/uploads\/2021\/04\/basquet.jpg?w=700&amp;ssl=1 700w, https:\/\/i0.wp.com\/eltrabajo.cl\/portal\/wp-content\/uploads\/2021\/04\/basquet.jpg?resize=300%2C300&amp;ssl=1 300w, https:\/\/i0.wp.com\/eltrabajo.cl\/portal\/wp-content\/uploads\/2021\/04\/basquet.jpg?resize=150%2C150&amp;ssl=1 150w, https:\/\/i0.wp.com\/eltrabajo.cl\/portal\/wp-content\/uploads\/2021\/04\/basquet.jpg?resize=696%2C696&amp;ssl=1 696w\" sizes=\"auto, (max-width: 640px) 100vw, 640px\" \/><figcaption id=\"caption-attachment-107225\" class=\"wp-caption-text\">El torneo 3&#215;3 que organizar\u00eda la asociaci\u00f3n local deber\u00e1 seguir esperando.<\/figcaption><\/figure>\n","protected":false},"excerpt":{"rendered":"<p>El ingreso a cuarentena de San Felipe y otras comunas del valle de Aconcagua, una vez m\u00e1s signific\u00f3 un retroceso para el retorno del b\u00e1squetbol local que deber\u00e1 seguir esperando poder hacer&#8230;<\/p>\n","protected":false},"author":482,"featured_media":107225,"comment_status":"closed","ping_status":"open","sticky":false,"template":"","format":"standard","meta":{"advanced_seo_description":"","jetpack_seo_html_title":"","jetpack_seo_noindex":false,"_jetpack_memberships_contains_paid_content":false,"footnotes":""},"categories":[19],"tags":[],"class_list":["post-107224","post","type-post","status-publish","format-standard","has-post-thumbnail","hentry","category-deportes"],"jetpack_featured_media_url":"https:\/\/i0.wp.com\/eltrabajo.cl\/portal\/wp-content\/uploads\/2021\/04\/basquet.jpg?fit=700%2C700&ssl=1","jetpack_sharing_enabled":true,"jetpack_likes_enabled":true,"jetpack-related-posts":[],"_links":{"self":[{"href":"https:\/\/eltrabajo.cl\/portal\/wp-json\/wp\/v2\/posts\/107224","targetHints":{"allow":["GET"]}}],"collection":[{"href":"https:\/\/eltrabajo.cl\/portal\/wp-json\/wp\/v2\/posts"}],"about":[{"href":"https:\/\/eltrabajo.cl\/portal\/wp-json\/wp\/v2\/types\/post"}],"author":[{"embeddable":true,"href":"https:\/\/eltrabajo.cl\/portal\/wp-json\/wp\/v2\/users\/482"}],"replies":[{"embeddable":true,"href":"https:\/\/eltrabajo.cl\/portal\/wp-json\/wp\/v2\/comments?post=107224"}],"version-history":[{"count":0,"href":"https:\/\/eltrabajo.cl\/portal\/wp-json\/wp\/v2\/posts\/107224\/revisions"}],"wp:featuredmedia":[{"embeddable":true,"href":"https:\/\/eltrabajo.cl\/portal\/wp-json\/wp\/v2\/media\/107225"}],"wp:attachment":[{"href":"https:\/\/eltrabajo.cl\/portal\/wp-json\/wp\/v2\/media?parent=107224"}],"wp:term":[{"taxonomy":"category","embeddable":true,"href":"https:\/\/eltrabajo.cl\/portal\/wp-json\/wp\/v2\/categories?post=107224"},{"taxonomy":"post_tag","embeddable":true,"href":"https:\/\/eltrabajo.cl\/portal\/wp-json\/wp\/v2\/tags?post=107224"}],"curies":[{"name":"wp","href":"https:\/\/api.w.org\/{rel}","templated":true}]}}