{"id":107336,"date":"2021-04-13T07:35:02","date_gmt":"2021-04-13T11:35:02","guid":{"rendered":"https:\/\/www.eltrabajo.cl\/portal\/?p=107336"},"modified":"2021-04-12T21:13:06","modified_gmt":"2021-04-13T01:13:06","slug":"primos-grimalt-quieren-comenzar-a-abrochar-su-participacion-en-jjoo-de-tokio","status":"publish","type":"post","link":"https:\/\/eltrabajo.cl\/portal\/primos-grimalt-quieren-comenzar-a-abrochar-su-participacion-en-jjoo-de-tokio\/","title":{"rendered":"Primos Grimalt quieren comenzar a abrochar su participaci\u00f3n en JJOO de Tokio"},"content":{"rendered":"<p style=\"text-align: justify;\">Despu\u00e9s de haberse quedado recientemente con el segundo lugar en el Circuito Sudamericano, los primos <strong>Esteban <\/strong>y<strong> Marco Grimalt<\/strong> se jugar\u00e1n en M\u00e9xico puntos que ser\u00e1n vitales para sus aspiraciones de clasificar a los Juegos Ol\u00edmpicos de Tokio.<\/p>\n<p style=\"text-align: justify;\">Los destacados deportistas nacionales, que dicho sea de paso est\u00e1n fuertemente vinculados e identificados con San Felipe y el valle de Aconcagua, intentar\u00e1n agregar puntos en tres torneos de primera categor\u00eda (Word Tour 4 Estrellas) que desde el pr\u00f3ximo viernes 16 del presente mes se realizar\u00e1 en M\u00e9xico (Canc\u00fan) y que son realizados por la Federaci\u00f3n Internacional de V\u00f3leibol.<\/p>\n<p style=\"text-align: justify;\">La primera de las tres competencias que tendr\u00e1n una sola sede para poder aplicar bajo la modalidad de \u2018Burbuja\u2019, y as\u00ed disminuir los riesgos de contagio de Covid\u201319, ser\u00e1 entre el 16 y el 20 de abril. La segunda est\u00e1 agendada para 22 al 26, mientras que la \u00faltima qued\u00f3 programada entre el 28 de abril al 2 de mayo.<\/p>\n<p style=\"text-align: justify;\">Concluida la aventura mexicana, la dupla Grimalt se enfocar\u00e1 en sus dos \u00faltimos torneos clasificatorios que tendr\u00e1n como sede a Rusia y la Rep\u00fablica Checa, paradas vitales en su ambici\u00f3n por llegar a la cita m\u00e1xima del deporte mundial.<\/p>\n<figure id=\"attachment_107338\" aria-describedby=\"caption-attachment-107338\" style=\"width: 698px\" class=\"wp-caption alignnone\"><img data-recalc-dims=\"1\" loading=\"lazy\" decoding=\"async\" class=\"size-full wp-image-107338\" src=\"https:\/\/i0.wp.com\/eltrabajo.cl\/portal\/wp-content\/uploads\/2021\/04\/Primos-Grimalt.jpg?resize=640%2C326&#038;ssl=1\" alt=\"La dupla nacional comenzar\u00e1 a competir este fin de semana en M\u00e9xico.\" width=\"640\" height=\"326\" srcset=\"https:\/\/i0.wp.com\/eltrabajo.cl\/portal\/wp-content\/uploads\/2021\/04\/Primos-Grimalt.jpg?w=698&amp;ssl=1 698w, https:\/\/i0.wp.com\/eltrabajo.cl\/portal\/wp-content\/uploads\/2021\/04\/Primos-Grimalt.jpg?resize=300%2C153&amp;ssl=1 300w, https:\/\/i0.wp.com\/eltrabajo.cl\/portal\/wp-content\/uploads\/2021\/04\/Primos-Grimalt.jpg?resize=200%2C102&amp;ssl=1 200w, https:\/\/i0.wp.com\/eltrabajo.cl\/portal\/wp-content\/uploads\/2021\/04\/Primos-Grimalt.jpg?resize=696%2C354&amp;ssl=1 696w\" sizes=\"auto, (max-width: 640px) 100vw, 640px\" \/><figcaption id=\"caption-attachment-107338\" class=\"wp-caption-text\">La dupla nacional comenzar\u00e1 a competir este fin de semana en M\u00e9xico.<\/figcaption><\/figure>\n","protected":false},"excerpt":{"rendered":"<p>Despu\u00e9s de haberse quedado recientemente con el segundo lugar en el Circuito Sudamericano, los primos Esteban y Marco Grimalt se jugar\u00e1n en M\u00e9xico puntos que ser\u00e1n vitales para sus aspiraciones de clasificar&#8230;<\/p>\n","protected":false},"author":482,"featured_media":107338,"comment_status":"closed","ping_status":"open","sticky":false,"template":"","format":"standard","meta":{"advanced_seo_description":"","jetpack_seo_html_title":"","jetpack_seo_noindex":false,"_jetpack_memberships_contains_paid_content":false,"footnotes":""},"categories":[19],"tags":[],"class_list":["post-107336","post","type-post","status-publish","format-standard","has-post-thumbnail","hentry","category-deportes"],"jetpack_featured_media_url":"https:\/\/i0.wp.com\/eltrabajo.cl\/portal\/wp-content\/uploads\/2021\/04\/Primos-Grimalt.jpg?fit=698%2C355&ssl=1","jetpack_sharing_enabled":true,"jetpack_likes_enabled":true,"jetpack-related-posts":[],"_links":{"self":[{"href":"https:\/\/eltrabajo.cl\/portal\/wp-json\/wp\/v2\/posts\/107336","targetHints":{"allow":["GET"]}}],"collection":[{"href":"https:\/\/eltrabajo.cl\/portal\/wp-json\/wp\/v2\/posts"}],"about":[{"href":"https:\/\/eltrabajo.cl\/portal\/wp-json\/wp\/v2\/types\/post"}],"author":[{"embeddable":true,"href":"https:\/\/eltrabajo.cl\/portal\/wp-json\/wp\/v2\/users\/482"}],"replies":[{"embeddable":true,"href":"https:\/\/eltrabajo.cl\/portal\/wp-json\/wp\/v2\/comments?post=107336"}],"version-history":[{"count":0,"href":"https:\/\/eltrabajo.cl\/portal\/wp-json\/wp\/v2\/posts\/107336\/revisions"}],"wp:featuredmedia":[{"embeddable":true,"href":"https:\/\/eltrabajo.cl\/portal\/wp-json\/wp\/v2\/media\/107338"}],"wp:attachment":[{"href":"https:\/\/eltrabajo.cl\/portal\/wp-json\/wp\/v2\/media?parent=107336"}],"wp:term":[{"taxonomy":"category","embeddable":true,"href":"https:\/\/eltrabajo.cl\/portal\/wp-json\/wp\/v2\/categories?post=107336"},{"taxonomy":"post_tag","embeddable":true,"href":"https:\/\/eltrabajo.cl\/portal\/wp-json\/wp\/v2\/tags?post=107336"}],"curies":[{"name":"wp","href":"https:\/\/api.w.org\/{rel}","templated":true}]}}