{"id":107371,"date":"2021-04-14T07:40:02","date_gmt":"2021-04-14T11:40:02","guid":{"rendered":"https:\/\/www.eltrabajo.cl\/portal\/?p=107371"},"modified":"2021-04-13T22:18:05","modified_gmt":"2021-04-14T02:18:05","slug":"deportista-aconcaguino-busca-su-lugar-en-el-rudo-mundo-de-las-mma","status":"publish","type":"post","link":"https:\/\/eltrabajo.cl\/portal\/deportista-aconcaguino-busca-su-lugar-en-el-rudo-mundo-de-las-mma\/","title":{"rendered":"Deportista aconcag\u00fcino busca su lugar en el rudo mundo de las MMA"},"content":{"rendered":"<p style=\"text-align: left;\"><span style=\"color: #ff0000;\"><strong>Artes Marciales Mixta o Todo Vale:<\/strong><\/span><\/p>\n<p style=\"text-align: justify;\">Con paciencia y mucho esfuerzo de por medio, un joven aconcag\u00fcino busca hacerse un espacio en el concierto nacional en el rudo mundo del Boxeo, Kick Boxing y las Artes Marciales Mixtas, esta \u00faltima una disciplina ampliamente conocida como <strong>\u2018Vale Todo\u2019<\/strong>.\u00a0 Nos referimos a <strong>Arturo Vergara Alegr\u00eda<\/strong>, un andino que a sus 26 a\u00f1os de edad se ha puesto metas importantes para el futuro cercano.<\/p>\n<p style=\"text-align: justify;\">Arturo cont\u00f3 a <strong>El Trabajo Deportivo<\/strong> que el a\u00f1o 2013 comenz\u00f3 a incursionar en el MMA (Artes Marciales Mixtas por su sigla en ingl\u00e9s), aventura en la que lo acompa\u00f1aron los instructores <strong>Mauricio<\/strong> y <strong>Nicol\u00e1s Donoso<\/strong>, quienes se encargan de su preparaci\u00f3n f\u00edsica y t\u00e9cnica.<\/p>\n<p style=\"text-align: justify;\">La poca por no decir nula actividad en esas disciplinas en la zona, hicieron que el peleador debiera buscar competencias en Santiago, donde de a poco y con mucha constancia comenz\u00f3 a abrir puertas. Un momento importante fue cuando conoci\u00f3 a la campeona <strong>\u2018Crespita\u2019 Rodr\u00edguez<\/strong>, con la que comenz\u00f3 a entrenar, adem\u00e1s que pudo incursionar en el boxeo donde disput\u00f3 una buena cantidad de peleas a nivel semi profesional. M\u00e1s tarde y ya con m\u00e1s experiencia en el cuerpo, el andino opt\u00f3 por pelear en Kick Boxing, espec\u00edficamente en los 63 kilos. <em>\u00abHe estado en varias categor\u00edas (60, 61, 63, 65, 69 kilos) ya que la idea es sumar experiencia\u00bb,<\/em> relat\u00f3.<\/p>\n<p style=\"text-align: justify;\">Un momento importante y que se convirti\u00f3 en un verdadero punto de inflexi\u00f3n fue cuando se coron\u00f3 campe\u00f3n nacional y sudamericano amateur de Kick Boxing, lo que lo llev\u00f3 a profesionalizarse. <em>\u00abEs como partir de nuevo porque es distinto, en todo caso he disputado cuatro peleas, teniendo tres triunfos y una derrota\u00bb,<\/em> agreg\u00f3, dejando para el final que <em>\u00abla idea m\u00eda es volver al MMA que es lo que verdaderamente me encanta, aparte que abre muchas puertas al ser un deporte m\u00e1s llamativo\u00bb,<\/em> finaliz\u00f3.<\/p>\n<p style=\"text-align: justify;\">\n<figure id=\"attachment_107373\" aria-describedby=\"caption-attachment-107373\" style=\"width: 699px\" class=\"wp-caption alignnone\"><img data-recalc-dims=\"1\" loading=\"lazy\" decoding=\"async\" class=\"size-full wp-image-107373\" src=\"https:\/\/i0.wp.com\/eltrabajo.cl\/portal\/wp-content\/uploads\/2021\/04\/Arturo-Vergara-2.jpg?resize=640%2C801&#038;ssl=1\" alt=\"Arturo Vergara en plena acci\u00f3n mientras combate en Kick Boxing y Boxeo \" width=\"640\" height=\"801\" srcset=\"https:\/\/i0.wp.com\/eltrabajo.cl\/portal\/wp-content\/uploads\/2021\/04\/Arturo-Vergara-2.jpg?w=699&amp;ssl=1 699w, https:\/\/i0.wp.com\/eltrabajo.cl\/portal\/wp-content\/uploads\/2021\/04\/Arturo-Vergara-2.jpg?resize=240%2C300&amp;ssl=1 240w, https:\/\/i0.wp.com\/eltrabajo.cl\/portal\/wp-content\/uploads\/2021\/04\/Arturo-Vergara-2.jpg?resize=120%2C150&amp;ssl=1 120w, https:\/\/i0.wp.com\/eltrabajo.cl\/portal\/wp-content\/uploads\/2021\/04\/Arturo-Vergara-2.jpg?resize=696%2C871&amp;ssl=1 696w\" sizes=\"auto, (max-width: 640px) 100vw, 640px\" \/><figcaption id=\"caption-attachment-107373\" class=\"wp-caption-text\">Arturo Vergara en plena acci\u00f3n mientras combate en Kick Boxing y Boxeo<\/figcaption><\/figure>\n<p><img data-recalc-dims=\"1\" loading=\"lazy\" decoding=\"async\" class=\"alignnone size-full wp-image-107372\" src=\"https:\/\/i0.wp.com\/eltrabajo.cl\/portal\/wp-content\/uploads\/2021\/04\/Arturo-Vergara-1.jpg?resize=640%2C962&#038;ssl=1\" alt=\"\" width=\"640\" height=\"962\" srcset=\"https:\/\/i0.wp.com\/eltrabajo.cl\/portal\/wp-content\/uploads\/2021\/04\/Arturo-Vergara-1.jpg?w=699&amp;ssl=1 699w, https:\/\/i0.wp.com\/eltrabajo.cl\/portal\/wp-content\/uploads\/2021\/04\/Arturo-Vergara-1.jpg?resize=200%2C300&amp;ssl=1 200w, https:\/\/i0.wp.com\/eltrabajo.cl\/portal\/wp-content\/uploads\/2021\/04\/Arturo-Vergara-1.jpg?resize=681%2C1024&amp;ssl=1 681w, https:\/\/i0.wp.com\/eltrabajo.cl\/portal\/wp-content\/uploads\/2021\/04\/Arturo-Vergara-1.jpg?resize=100%2C150&amp;ssl=1 100w, https:\/\/i0.wp.com\/eltrabajo.cl\/portal\/wp-content\/uploads\/2021\/04\/Arturo-Vergara-1.jpg?resize=696%2C1046&amp;ssl=1 696w\" sizes=\"auto, (max-width: 640px) 100vw, 640px\" \/><\/p>\n","protected":false},"excerpt":{"rendered":"<p>Artes Marciales Mixta o Todo Vale: Con paciencia y mucho esfuerzo de por medio, un joven aconcag\u00fcino busca hacerse un espacio en el concierto nacional en el rudo mundo del Boxeo, Kick&#8230;<\/p>\n","protected":false},"author":482,"featured_media":107374,"comment_status":"closed","ping_status":"open","sticky":false,"template":"","format":"standard","meta":{"advanced_seo_description":"","jetpack_seo_html_title":"","jetpack_seo_noindex":false,"_jetpack_memberships_contains_paid_content":false,"footnotes":""},"categories":[19],"tags":[],"class_list":["post-107371","post","type-post","status-publish","format-standard","has-post-thumbnail","hentry","category-deportes"],"jetpack_featured_media_url":"https:\/\/i0.wp.com\/eltrabajo.cl\/portal\/wp-content\/uploads\/2021\/04\/Arturo-Vergara.jpg?fit=699%2C475&ssl=1","jetpack_sharing_enabled":true,"jetpack_likes_enabled":true,"jetpack-related-posts":[],"_links":{"self":[{"href":"https:\/\/eltrabajo.cl\/portal\/wp-json\/wp\/v2\/posts\/107371","targetHints":{"allow":["GET"]}}],"collection":[{"href":"https:\/\/eltrabajo.cl\/portal\/wp-json\/wp\/v2\/posts"}],"about":[{"href":"https:\/\/eltrabajo.cl\/portal\/wp-json\/wp\/v2\/types\/post"}],"author":[{"embeddable":true,"href":"https:\/\/eltrabajo.cl\/portal\/wp-json\/wp\/v2\/users\/482"}],"replies":[{"embeddable":true,"href":"https:\/\/eltrabajo.cl\/portal\/wp-json\/wp\/v2\/comments?post=107371"}],"version-history":[{"count":0,"href":"https:\/\/eltrabajo.cl\/portal\/wp-json\/wp\/v2\/posts\/107371\/revisions"}],"wp:featuredmedia":[{"embeddable":true,"href":"https:\/\/eltrabajo.cl\/portal\/wp-json\/wp\/v2\/media\/107374"}],"wp:attachment":[{"href":"https:\/\/eltrabajo.cl\/portal\/wp-json\/wp\/v2\/media?parent=107371"}],"wp:term":[{"taxonomy":"category","embeddable":true,"href":"https:\/\/eltrabajo.cl\/portal\/wp-json\/wp\/v2\/categories?post=107371"},{"taxonomy":"post_tag","embeddable":true,"href":"https:\/\/eltrabajo.cl\/portal\/wp-json\/wp\/v2\/tags?post=107371"}],"curies":[{"name":"wp","href":"https:\/\/api.w.org\/{rel}","templated":true}]}}