{"id":107410,"date":"2021-04-15T07:35:23","date_gmt":"2021-04-15T11:35:23","guid":{"rendered":"https:\/\/www.eltrabajo.cl\/portal\/?p=107410"},"modified":"2021-04-14T21:00:55","modified_gmt":"2021-04-15T01:00:55","slug":"clases-on-line-esta-impartiendo-el-departamento-de-deportes-de-san-felipe","status":"publish","type":"post","link":"https:\/\/eltrabajo.cl\/portal\/clases-on-line-esta-impartiendo-el-departamento-de-deportes-de-san-felipe\/","title":{"rendered":"Clases On line est\u00e1 impartiendo el Departamento de Deportes de San Felipe"},"content":{"rendered":"<p style=\"text-align: justify;\">El Departamento de Deportes de la Municipalidad de San Felipe se ha puesto como objetivo inmediato, el que la cuarentena no impida a la gente seguir activa en materia f\u00edsica, por lo que desde el s\u00e1bado reci\u00e9n pasado se dio inicio a una serie de clases On Line a trav\u00e9s de la plataforma de Facebook, en las \u00e1reas de Zumba, Entrenamiento Funcional y Acondicionamiento F\u00edsico.<\/p>\n<p style=\"text-align: justify;\">Las clases son y ser\u00e1n impartidas por destacados monitores que llevan a\u00f1os en la materia, como lo son: Nicol\u00e1s Salazar, Issadora P\u00e9rez, Cristina Abarca y Cristhofer Fible, quienes ponen a disposici\u00f3n de la ciudadan\u00eda todos sus conocimientos y experticia en la materia.<\/p>\n<p style=\"text-align: justify;\">Los d\u00edas y horarios de los talleres son:<\/p>\n<p style=\"text-align: justify;\">Zumba 1: Lunes, martes y jueves de 10:30 a 11:30 horas<\/p>\n<p style=\"text-align: justify;\">Zumba 2: Lunes, mi\u00e9rcoles y viernes de 19:30 a 20:30 horas<\/p>\n<p style=\"text-align: justify;\">Entrenamiento funcional: Lunes a viernes de 18:00 a 19:00 horas<\/p>\n<p style=\"text-align: justify;\">Acondicionamiento f\u00edsico: Lunes a viernes de 8:30 a 9:30 horas<\/p>\n<figure id=\"attachment_107411\" aria-describedby=\"caption-attachment-107411\" style=\"width: 698px\" class=\"wp-caption alignnone\"><img data-recalc-dims=\"1\" loading=\"lazy\" decoding=\"async\" class=\"size-full wp-image-107411\" src=\"https:\/\/i0.wp.com\/eltrabajo.cl\/portal\/wp-content\/uploads\/2021\/04\/instructores.jpg?resize=640%2C395&#038;ssl=1\" alt=\"Dos de los Instructores mientas imparten las clases telem\u00e1ticas.\" width=\"640\" height=\"395\" srcset=\"https:\/\/i0.wp.com\/eltrabajo.cl\/portal\/wp-content\/uploads\/2021\/04\/instructores.jpg?w=698&amp;ssl=1 698w, https:\/\/i0.wp.com\/eltrabajo.cl\/portal\/wp-content\/uploads\/2021\/04\/instructores.jpg?resize=300%2C185&amp;ssl=1 300w, https:\/\/i0.wp.com\/eltrabajo.cl\/portal\/wp-content\/uploads\/2021\/04\/instructores.jpg?resize=200%2C123&amp;ssl=1 200w, https:\/\/i0.wp.com\/eltrabajo.cl\/portal\/wp-content\/uploads\/2021\/04\/instructores.jpg?resize=696%2C430&amp;ssl=1 696w\" sizes=\"auto, (max-width: 640px) 100vw, 640px\" \/><figcaption id=\"caption-attachment-107411\" class=\"wp-caption-text\">Dos de los Instructores mientas imparten las clases telem\u00e1ticas.<\/figcaption><\/figure>\n","protected":false},"excerpt":{"rendered":"<p>El Departamento de Deportes de la Municipalidad de San Felipe se ha puesto como objetivo inmediato, el que la cuarentena no impida a la gente seguir activa en materia f\u00edsica, por lo&#8230;<\/p>\n","protected":false},"author":482,"featured_media":107411,"comment_status":"closed","ping_status":"open","sticky":false,"template":"","format":"standard","meta":{"advanced_seo_description":"","jetpack_seo_html_title":"","jetpack_seo_noindex":false,"_jetpack_memberships_contains_paid_content":false,"footnotes":""},"categories":[19],"tags":[],"class_list":["post-107410","post","type-post","status-publish","format-standard","has-post-thumbnail","hentry","category-deportes"],"jetpack_featured_media_url":"https:\/\/i0.wp.com\/eltrabajo.cl\/portal\/wp-content\/uploads\/2021\/04\/instructores.jpg?fit=698%2C431&ssl=1","jetpack_sharing_enabled":true,"jetpack_likes_enabled":true,"jetpack-related-posts":[],"_links":{"self":[{"href":"https:\/\/eltrabajo.cl\/portal\/wp-json\/wp\/v2\/posts\/107410","targetHints":{"allow":["GET"]}}],"collection":[{"href":"https:\/\/eltrabajo.cl\/portal\/wp-json\/wp\/v2\/posts"}],"about":[{"href":"https:\/\/eltrabajo.cl\/portal\/wp-json\/wp\/v2\/types\/post"}],"author":[{"embeddable":true,"href":"https:\/\/eltrabajo.cl\/portal\/wp-json\/wp\/v2\/users\/482"}],"replies":[{"embeddable":true,"href":"https:\/\/eltrabajo.cl\/portal\/wp-json\/wp\/v2\/comments?post=107410"}],"version-history":[{"count":0,"href":"https:\/\/eltrabajo.cl\/portal\/wp-json\/wp\/v2\/posts\/107410\/revisions"}],"wp:featuredmedia":[{"embeddable":true,"href":"https:\/\/eltrabajo.cl\/portal\/wp-json\/wp\/v2\/media\/107411"}],"wp:attachment":[{"href":"https:\/\/eltrabajo.cl\/portal\/wp-json\/wp\/v2\/media?parent=107410"}],"wp:term":[{"taxonomy":"category","embeddable":true,"href":"https:\/\/eltrabajo.cl\/portal\/wp-json\/wp\/v2\/categories?post=107410"},{"taxonomy":"post_tag","embeddable":true,"href":"https:\/\/eltrabajo.cl\/portal\/wp-json\/wp\/v2\/tags?post=107410"}],"curies":[{"name":"wp","href":"https:\/\/api.w.org\/{rel}","templated":true}]}}