{"id":107475,"date":"2021-04-19T07:40:39","date_gmt":"2021-04-19T11:40:39","guid":{"rendered":"https:\/\/www.eltrabajo.cl\/portal\/?p=107475"},"modified":"2021-04-18T20:12:13","modified_gmt":"2021-04-19T00:12:13","slug":"reconocen-importante-triunfo-de-gaston-manzur-en-titan-fc","status":"publish","type":"post","link":"https:\/\/eltrabajo.cl\/portal\/reconocen-importante-triunfo-de-gaston-manzur-en-titan-fc\/","title":{"rendered":"Reconocen importante triunfo de Gast\u00f3n Manzur en Tit\u00e1n FC"},"content":{"rendered":"<p style=\"text-align: justify;\">El peleador de JiuJitsu, <strong>Gast\u00f3n G\u00f3mez Manzur<\/strong>, obtuvo el primer lugar en el evento Tit\u00e1n FC, desarrollado en Estados Unidos, tras ganar la categor\u00eda de Peso Mosca 57 kilos. Tras tan importante logro, la Corporaci\u00f3n de Deporte del municipio junto las autoridades municipales, encabezaron una reuni\u00f3n virtual para reconocerlo por su gran m\u00e9rito.<\/p>\n<p style=\"text-align: justify;\">El andino de 32 a\u00f1os practica hace 15 a\u00f1os el JiuJitsu, un arte marcial y deporte de combate. Es por ello, que ya hab\u00eda participado de otros encuentros internacionales, como en el Pena Open de Brasilia, obteniendo grandes victorias y enorgulleciendo al pa\u00eds y a la comuna de Los Andes y al Valle de Aconcagua en general.<\/p>\n<p style=\"text-align: justify;\">El deportista, conocido internacionalmente por el seud\u00f3nimo <strong>Gast\u00f3n<\/strong> \u2018<strong>Cabeludo<\/strong>\u2019 <strong>Manzur<\/strong>, se\u00f1al\u00f3 que es un logro tras muchos a\u00f1os de entrenamiento: \u00ab<em>Llevo 15 a\u00f1os trabajando para pelear por las ligas grandes y no ha sido f\u00e1cil, he gastado dinero invirtiendo en mi deporte y me he preparado para adquirir conocimiento. Agradecido de la vida, a pesar de todas las dificultades lo pude lograr, nada es imposible<\/em>\u00bb.<\/p>\n<p style=\"text-align: justify;\">Es as\u00ed como el concejal <strong>Juan Montenegro<\/strong>, se\u00f1al\u00f3 la necesidad que a nivel pa\u00eds se entregue m\u00e1s apoyo: \u00ab<em>Estamos al debe con los deportistas, sabemos que la municipalidad y la Corporaci\u00f3n de Deporte hacen grandes esfuerzos para que personas como Gast\u00f3n puedan tener una subvenci\u00f3n econ\u00f3mica, pero no basta. Somos un municipio peque\u00f1o dentro del pa\u00eds y tenemos que apoyar a much\u00edsimos deportistas, pero el compromiso para poder financiar estas actividades debe ser del Ministerio de Deportes<\/em>\u00bb.<\/p>\n<p style=\"text-align: justify;\">Por su parte, <strong>Guido Contuliano<\/strong>, director ejecutivo Corporaci\u00f3n de Deportes junto al alcalde, se comprometieron a ayudar dentro de lo posible al peleador de JiuJitsu: \u00ab<em>Queremos poner a disposici\u00f3n parte de nuestro peque\u00f1o presupuesto, que en tiempos de pandemia es acotado. Podemos hacer un esfuerzo, aunque sea poco para apoyar a Gast\u00f3n Manzur, que se lo merece, cuenta con nosotros<\/em>\u00bb.<\/p>\n<p style=\"text-align: justify;\">De esta manera, haber participado y ganado el Torneo Tit\u00e1n FC, ser\u00e1 un gran beneficio para la carrera de Gast\u00f3n \u2018Cabeludo\u2019 Manzur, puesto que le abrir\u00e1 las puertas para pelear en las grandes ligas mundiales.<\/p>\n<figure id=\"attachment_107476\" aria-describedby=\"caption-attachment-107476\" style=\"width: 699px\" class=\"wp-caption alignnone\"><img data-recalc-dims=\"1\" loading=\"lazy\" decoding=\"async\" class=\"size-full wp-image-107476\" src=\"https:\/\/i0.wp.com\/eltrabajo.cl\/portal\/wp-content\/uploads\/2021\/04\/Titan_Gaston-Gomez.jpg?resize=640%2C634&#038;ssl=1\" alt=\"VALE LO QUE PESA.- La victoria del aconcag\u00fcino permitir\u00e1 que pueda competir en las grandes ligas mundiales.\" width=\"640\" height=\"634\" srcset=\"https:\/\/i0.wp.com\/eltrabajo.cl\/portal\/wp-content\/uploads\/2021\/04\/Titan_Gaston-Gomez.jpg?w=699&amp;ssl=1 699w, https:\/\/i0.wp.com\/eltrabajo.cl\/portal\/wp-content\/uploads\/2021\/04\/Titan_Gaston-Gomez.jpg?resize=300%2C297&amp;ssl=1 300w, https:\/\/i0.wp.com\/eltrabajo.cl\/portal\/wp-content\/uploads\/2021\/04\/Titan_Gaston-Gomez.jpg?resize=152%2C150&amp;ssl=1 152w, https:\/\/i0.wp.com\/eltrabajo.cl\/portal\/wp-content\/uploads\/2021\/04\/Titan_Gaston-Gomez.jpg?resize=696%2C689&amp;ssl=1 696w\" sizes=\"auto, (max-width: 640px) 100vw, 640px\" \/><figcaption id=\"caption-attachment-107476\" class=\"wp-caption-text\">VALE LO QUE PESA.- La victoria del aconcag\u00fcino permitir\u00e1 que pueda competir en las grandes ligas mundiales.<\/figcaption><\/figure>\n","protected":false},"excerpt":{"rendered":"<p>El peleador de JiuJitsu, Gast\u00f3n G\u00f3mez Manzur, obtuvo el primer lugar en el evento Tit\u00e1n FC, desarrollado en Estados Unidos, tras ganar la categor\u00eda de Peso Mosca 57 kilos. Tras tan importante&#8230;<\/p>\n","protected":false},"author":482,"featured_media":107476,"comment_status":"closed","ping_status":"open","sticky":false,"template":"","format":"standard","meta":{"advanced_seo_description":"","jetpack_seo_html_title":"","jetpack_seo_noindex":false,"_jetpack_memberships_contains_paid_content":false,"footnotes":""},"categories":[19],"tags":[],"class_list":["post-107475","post","type-post","status-publish","format-standard","has-post-thumbnail","hentry","category-deportes"],"jetpack_featured_media_url":"https:\/\/i0.wp.com\/eltrabajo.cl\/portal\/wp-content\/uploads\/2021\/04\/Titan_Gaston-Gomez.jpg?fit=699%2C692&ssl=1","jetpack_sharing_enabled":true,"jetpack_likes_enabled":true,"jetpack-related-posts":[],"_links":{"self":[{"href":"https:\/\/eltrabajo.cl\/portal\/wp-json\/wp\/v2\/posts\/107475","targetHints":{"allow":["GET"]}}],"collection":[{"href":"https:\/\/eltrabajo.cl\/portal\/wp-json\/wp\/v2\/posts"}],"about":[{"href":"https:\/\/eltrabajo.cl\/portal\/wp-json\/wp\/v2\/types\/post"}],"author":[{"embeddable":true,"href":"https:\/\/eltrabajo.cl\/portal\/wp-json\/wp\/v2\/users\/482"}],"replies":[{"embeddable":true,"href":"https:\/\/eltrabajo.cl\/portal\/wp-json\/wp\/v2\/comments?post=107475"}],"version-history":[{"count":0,"href":"https:\/\/eltrabajo.cl\/portal\/wp-json\/wp\/v2\/posts\/107475\/revisions"}],"wp:featuredmedia":[{"embeddable":true,"href":"https:\/\/eltrabajo.cl\/portal\/wp-json\/wp\/v2\/media\/107476"}],"wp:attachment":[{"href":"https:\/\/eltrabajo.cl\/portal\/wp-json\/wp\/v2\/media?parent=107475"}],"wp:term":[{"taxonomy":"category","embeddable":true,"href":"https:\/\/eltrabajo.cl\/portal\/wp-json\/wp\/v2\/categories?post=107475"},{"taxonomy":"post_tag","embeddable":true,"href":"https:\/\/eltrabajo.cl\/portal\/wp-json\/wp\/v2\/tags?post=107475"}],"curies":[{"name":"wp","href":"https:\/\/api.w.org\/{rel}","templated":true}]}}