{"id":107481,"date":"2021-04-19T07:50:10","date_gmt":"2021-04-19T11:50:10","guid":{"rendered":"https:\/\/www.eltrabajo.cl\/portal\/?p=107481"},"modified":"2021-04-18T20:18:10","modified_gmt":"2021-04-19T00:18:10","slug":"en-hospital-muere-ciclista-al-ser-impactado-por-camion-recolector-de-basura","status":"publish","type":"post","link":"https:\/\/eltrabajo.cl\/portal\/en-hospital-muere-ciclista-al-ser-impactado-por-camion-recolector-de-basura\/","title":{"rendered":"En hospital muere ciclista al ser impactado por cami\u00f3n recolector de basura"},"content":{"rendered":"<p style=\"text-align: justify;\">Un ciclista result\u00f3 muerto luego que fuera colisionado por el cami\u00f3n recolector de basura en calle General Vel\u00e1squez de Villa Carmen y Dolores este viernes pasado el mediod\u00eda.<\/p>\n<p style=\"text-align: justify;\">La tragedia ocurri\u00f3 cuando el conductor del cami\u00f3n recolector, identificado como <strong>Eduardo del Rosario Salinas Villalobos <\/strong>(67), circulaba por la calle General Vel\u00e1squez de Villa Carmen y Dolores, momento en el cual al detenerse para que los trabajadores recogieran los residuos y luego reiniciar la marcha, no se percat\u00f3 de la presencia del ciclista <strong>Jos\u00edas Eduardo Astudillo Castillo<\/strong> (49), arroll\u00e1ndolo con la rueda delantera derecha.<\/p>\n<p style=\"text-align: justify;\">Seg\u00fan la informaci\u00f3n entregada por el capit\u00e1n <strong>Luis Tobar<\/strong>, \u00ab<em>este accidente es del tipo colisi\u00f3n que se genera a eso de las 12:30 horas en calle General Vel\u00e1squez en la comuna de San Felipe, en donde lamentablemente resulta una persona fallecida, el conductor de la bicicleta, y en este accidente de tr\u00e1nsito se ve involucrado un cami\u00f3n recolector de la basura junto a esta bicicleta, lo cual debido a la gravedad de las lesiones, el conductor de la bicicleta posteriormente en el hospital de San Felipe resulta fallecido<\/em>\u00bb, se\u00f1al\u00f3.<\/p>\n<p style=\"text-align: justify;\">Agreg\u00f3 que sobre el accidente hay testigos, \u00ab<em>por parte de esta unidad de la SIAT se tiene su testimonio, sin embargo, nosotros como unidad especializada tenemos establecida cu\u00e1l es la din\u00e1mica, causa basal del accidente, claramente por la reserva de esta investigaci\u00f3n no puedo revelar cu\u00e1les son los hechos a los que hemos arribado, pero s\u00ed puedo aclarar s\u00ed que ambos m\u00f3viles, es decir la bicicleta y este cami\u00f3n, se desplazaban en la misma direcci\u00f3n<\/em>\u00bb, manifest\u00f3 el capit\u00e1n Tobar.<\/p>\n<p style=\"text-align: justify;\">El conductor del cami\u00f3n recolector de basura, de acuerdo a disposici\u00f3n del Fiscal de Turno, pas\u00f3 a control de detenci\u00f3n este d\u00eda s\u00e1bado en la ma\u00f1ana en el Tribunal de Garant\u00eda de San Felipe.<\/p>\n<p style=\"text-align: justify;\">\n<p style=\"text-align: justify;\"><span style=\"color: #ff0000;\"><strong>CONTROL DE DETENCI\u00d3N<\/strong><\/span><\/p>\n<p style=\"text-align: justify;\">Este d\u00eda s\u00e1bado en la ma\u00f1ana se efectu\u00f3 el control de detenci\u00f3n en el Tribunal de Garant\u00eda de San Felipe, donde el fiscal <strong>Alejandro Bustos<\/strong> se\u00f1al\u00f3 lo siguiente: <em>\u00abHoy 17 de abril tuvo lugar el control de detenci\u00f3n y la formalizaci\u00f3n de investigaci\u00f3n en contra de un imputado que fue detenido el d\u00eda de ayer (viernes), por su participaci\u00f3n en un accidente de tr\u00e1nsito con resultado de muerte que tuvo lugar al mediod\u00eda en la calle General Vel\u00e1squez en la comuna de San Felipe. De acuerdo a los antecedentes que fueron expuestos durante la audiencia el d\u00eda de ayer<\/em> (viernes), <em>el conductor de un cami\u00f3n recolector de basura, no estando atento a las condiciones del tr\u00e1nsito, reinici\u00f3 su marcha impactando por alcance a un ciclista, quien result\u00f3 arrollado por el veh\u00edculo mayor y a consecuencia de las lesiones que sufri\u00f3, falleci\u00f3 en horas de la tarde en el Hospital San Camilo de San Felipe<\/em>\u00bb, indic\u00f3.<\/p>\n<p style=\"text-align: justify;\">Agreg\u00f3 que se fij\u00f3 un plazo de investigaci\u00f3n de 100 d\u00edas. Mientras que el imputado qued\u00f3 sujeto a las medidas cautelares de Arraigo Nacional y Firma Mensual en la Unidad de Carabineros m\u00e1s cercana al domicilio.<\/p>\n<figure id=\"attachment_107482\" aria-describedby=\"caption-attachment-107482\" style=\"width: 699px\" class=\"wp-caption alignnone\"><img data-recalc-dims=\"1\" loading=\"lazy\" decoding=\"async\" class=\"size-full wp-image-107482\" src=\"https:\/\/i0.wp.com\/eltrabajo.cl\/portal\/wp-content\/uploads\/2021\/04\/Ciclista.jpg?resize=640%2C481&#038;ssl=1\" alt=\"El cami\u00f3n y la bicicleta en el lugar del accidente, una lamentable tragedia que enluta a una familia entera.\" width=\"640\" height=\"481\" srcset=\"https:\/\/i0.wp.com\/eltrabajo.cl\/portal\/wp-content\/uploads\/2021\/04\/Ciclista.jpg?w=699&amp;ssl=1 699w, https:\/\/i0.wp.com\/eltrabajo.cl\/portal\/wp-content\/uploads\/2021\/04\/Ciclista.jpg?resize=300%2C225&amp;ssl=1 300w, https:\/\/i0.wp.com\/eltrabajo.cl\/portal\/wp-content\/uploads\/2021\/04\/Ciclista.jpg?resize=200%2C150&amp;ssl=1 200w, https:\/\/i0.wp.com\/eltrabajo.cl\/portal\/wp-content\/uploads\/2021\/04\/Ciclista.jpg?resize=696%2C523&amp;ssl=1 696w\" sizes=\"auto, (max-width: 640px) 100vw, 640px\" \/><figcaption id=\"caption-attachment-107482\" class=\"wp-caption-text\">El cami\u00f3n y la bicicleta en el lugar del accidente, una lamentable tragedia que enluta a una familia entera.<\/figcaption><\/figure>\n","protected":false},"excerpt":{"rendered":"<p>Un ciclista result\u00f3 muerto luego que fuera colisionado por el cami\u00f3n recolector de basura en calle General Vel\u00e1squez de Villa Carmen y Dolores este viernes pasado el mediod\u00eda. La tragedia ocurri\u00f3 cuando&#8230;<\/p>\n","protected":false},"author":482,"featured_media":107482,"comment_status":"closed","ping_status":"open","sticky":false,"template":"","format":"standard","meta":{"advanced_seo_description":"","jetpack_seo_html_title":"","jetpack_seo_noindex":false,"_jetpack_memberships_contains_paid_content":false,"footnotes":""},"categories":[21],"tags":[],"class_list":["post-107481","post","type-post","status-publish","format-standard","has-post-thumbnail","hentry","category-policial"],"jetpack_featured_media_url":"https:\/\/i0.wp.com\/eltrabajo.cl\/portal\/wp-content\/uploads\/2021\/04\/Ciclista.jpg?fit=699%2C525&ssl=1","jetpack_sharing_enabled":true,"jetpack_likes_enabled":true,"jetpack-related-posts":[],"_links":{"self":[{"href":"https:\/\/eltrabajo.cl\/portal\/wp-json\/wp\/v2\/posts\/107481","targetHints":{"allow":["GET"]}}],"collection":[{"href":"https:\/\/eltrabajo.cl\/portal\/wp-json\/wp\/v2\/posts"}],"about":[{"href":"https:\/\/eltrabajo.cl\/portal\/wp-json\/wp\/v2\/types\/post"}],"author":[{"embeddable":true,"href":"https:\/\/eltrabajo.cl\/portal\/wp-json\/wp\/v2\/users\/482"}],"replies":[{"embeddable":true,"href":"https:\/\/eltrabajo.cl\/portal\/wp-json\/wp\/v2\/comments?post=107481"}],"version-history":[{"count":0,"href":"https:\/\/eltrabajo.cl\/portal\/wp-json\/wp\/v2\/posts\/107481\/revisions"}],"wp:featuredmedia":[{"embeddable":true,"href":"https:\/\/eltrabajo.cl\/portal\/wp-json\/wp\/v2\/media\/107482"}],"wp:attachment":[{"href":"https:\/\/eltrabajo.cl\/portal\/wp-json\/wp\/v2\/media?parent=107481"}],"wp:term":[{"taxonomy":"category","embeddable":true,"href":"https:\/\/eltrabajo.cl\/portal\/wp-json\/wp\/v2\/categories?post=107481"},{"taxonomy":"post_tag","embeddable":true,"href":"https:\/\/eltrabajo.cl\/portal\/wp-json\/wp\/v2\/tags?post=107481"}],"curies":[{"name":"wp","href":"https:\/\/api.w.org\/{rel}","templated":true}]}}