{"id":107550,"date":"2021-04-22T07:40:51","date_gmt":"2021-04-22T11:40:51","guid":{"rendered":"https:\/\/www.eltrabajo.cl\/portal\/?p=107550"},"modified":"2021-04-21T23:05:16","modified_gmt":"2021-04-22T03:05:16","slug":"evaluan-gravedad-de-lesion-sufrida-por-sebastian-toro","status":"publish","type":"post","link":"https:\/\/eltrabajo.cl\/portal\/evaluan-gravedad-de-lesion-sufrida-por-sebastian-toro\/","title":{"rendered":"Eval\u00faan gravedad de lesi\u00f3n sufrida por Sebasti\u00e1n Toro"},"content":{"rendered":"<p style=\"text-align: justify;\">A los malos resultados en el inicio del torneo, Uni\u00f3n San Felipe puede sumar un problema no menor si se llega a confirmar una molestia f\u00edsica del zaguero central <strong>Sebasti\u00e1n Toro<\/strong>, quien en el partido del s\u00e1bado pasado frente a Puerto Montt habr\u00eda sufrido un da\u00f1o a una de sus rodillas.<\/p>\n<p style=\"text-align: justify;\">Se especula que el zaguero tendr\u00eda una rotura al ligamento cruzado, dolencia que a\u00fan est\u00e1 en estudio y evaluaci\u00f3n por los m\u00e9dicos que est\u00e1n tratando al ex Colo Colo. Si bien es cierto el jugador presenta un problema en sus extremidades, a\u00fan se est\u00e1 a la espera de que se confirme la gravedad de \u00e9sta.<\/p>\n<p style=\"text-align: justify;\">De ratificarse la lesi\u00f3n, Sebasti\u00e1n Toro estar\u00e1 un largo periodo fuera del equipo, ya que la recuperaci\u00f3n de un problema f\u00edsico de este tipo va entre los cuatro a seis meses, lo que en la pr\u00e1ctica significar\u00eda que el jugador llegado desde el club Colina se perder\u00e1 pr\u00e1cticamente todo el torneo de la Primera Divisi\u00f3n B del f\u00fatbol profesional chileno.<\/p>\n<figure id=\"attachment_107551\" aria-describedby=\"caption-attachment-107551\" style=\"width: 699px\" class=\"wp-caption alignnone\"><img data-recalc-dims=\"1\" loading=\"lazy\" decoding=\"async\" class=\"size-full wp-image-107551\" src=\"https:\/\/i0.wp.com\/eltrabajo.cl\/portal\/wp-content\/uploads\/2021\/04\/sebastian-Toro.jpg?resize=640%2C725&#038;ssl=1\" alt=\"Es altamente probable que una lesi\u00f3n aleje por un buen tiempo a Sebasti\u00e1n Toro de las canchas.\" width=\"640\" height=\"725\" srcset=\"https:\/\/i0.wp.com\/eltrabajo.cl\/portal\/wp-content\/uploads\/2021\/04\/sebastian-Toro.jpg?w=699&amp;ssl=1 699w, https:\/\/i0.wp.com\/eltrabajo.cl\/portal\/wp-content\/uploads\/2021\/04\/sebastian-Toro.jpg?resize=265%2C300&amp;ssl=1 265w, https:\/\/i0.wp.com\/eltrabajo.cl\/portal\/wp-content\/uploads\/2021\/04\/sebastian-Toro.jpg?resize=132%2C150&amp;ssl=1 132w, https:\/\/i0.wp.com\/eltrabajo.cl\/portal\/wp-content\/uploads\/2021\/04\/sebastian-Toro.jpg?resize=696%2C789&amp;ssl=1 696w\" sizes=\"auto, (max-width: 640px) 100vw, 640px\" \/><figcaption id=\"caption-attachment-107551\" class=\"wp-caption-text\">Es altamente probable que una lesi\u00f3n aleje por un buen tiempo a Sebasti\u00e1n Toro de las canchas.<\/figcaption><\/figure>\n","protected":false},"excerpt":{"rendered":"<p>A los malos resultados en el inicio del torneo, Uni\u00f3n San Felipe puede sumar un problema no menor si se llega a confirmar una molestia f\u00edsica del zaguero central Sebasti\u00e1n Toro, quien&#8230;<\/p>\n","protected":false},"author":482,"featured_media":107551,"comment_status":"closed","ping_status":"open","sticky":false,"template":"","format":"standard","meta":{"advanced_seo_description":"","jetpack_seo_html_title":"","jetpack_seo_noindex":false,"_jetpack_memberships_contains_paid_content":false,"footnotes":""},"categories":[19],"tags":[],"class_list":["post-107550","post","type-post","status-publish","format-standard","has-post-thumbnail","hentry","category-deportes"],"jetpack_featured_media_url":"https:\/\/i0.wp.com\/eltrabajo.cl\/portal\/wp-content\/uploads\/2021\/04\/sebastian-Toro.jpg?fit=699%2C792&ssl=1","jetpack_sharing_enabled":true,"jetpack_likes_enabled":true,"jetpack-related-posts":[],"_links":{"self":[{"href":"https:\/\/eltrabajo.cl\/portal\/wp-json\/wp\/v2\/posts\/107550","targetHints":{"allow":["GET"]}}],"collection":[{"href":"https:\/\/eltrabajo.cl\/portal\/wp-json\/wp\/v2\/posts"}],"about":[{"href":"https:\/\/eltrabajo.cl\/portal\/wp-json\/wp\/v2\/types\/post"}],"author":[{"embeddable":true,"href":"https:\/\/eltrabajo.cl\/portal\/wp-json\/wp\/v2\/users\/482"}],"replies":[{"embeddable":true,"href":"https:\/\/eltrabajo.cl\/portal\/wp-json\/wp\/v2\/comments?post=107550"}],"version-history":[{"count":0,"href":"https:\/\/eltrabajo.cl\/portal\/wp-json\/wp\/v2\/posts\/107550\/revisions"}],"wp:featuredmedia":[{"embeddable":true,"href":"https:\/\/eltrabajo.cl\/portal\/wp-json\/wp\/v2\/media\/107551"}],"wp:attachment":[{"href":"https:\/\/eltrabajo.cl\/portal\/wp-json\/wp\/v2\/media?parent=107550"}],"wp:term":[{"taxonomy":"category","embeddable":true,"href":"https:\/\/eltrabajo.cl\/portal\/wp-json\/wp\/v2\/categories?post=107550"},{"taxonomy":"post_tag","embeddable":true,"href":"https:\/\/eltrabajo.cl\/portal\/wp-json\/wp\/v2\/tags?post=107550"}],"curies":[{"name":"wp","href":"https:\/\/api.w.org\/{rel}","templated":true}]}}