{"id":107573,"date":"2021-04-23T07:40:20","date_gmt":"2021-04-23T11:40:20","guid":{"rendered":"https:\/\/www.eltrabajo.cl\/portal\/?p=107573"},"modified":"2021-04-22T20:49:05","modified_gmt":"2021-04-23T00:49:05","slug":"el-deporte-esta-de-luto-fallecio-integrante-historico-del-uni-uni-70-71","status":"publish","type":"post","link":"https:\/\/eltrabajo.cl\/portal\/el-deporte-esta-de-luto-fallecio-integrante-historico-del-uni-uni-70-71\/","title":{"rendered":"El deporte est\u00e1 de luto: Falleci\u00f3 integrante hist\u00f3rico del Un\u00ed Un\u00ed 70-71"},"content":{"rendered":"<p style=\"text-align: justify;\">Hay hombres que en alg\u00fan momento de sus vidas logran hacer cosas extraordinarias que les permiten inscribir su nombre en la historia de alguna comunidad o instituci\u00f3n. Ese fue el caso de <strong>Luis Guillermo Miranda Campos<\/strong>, un jugador que integr\u00f3 el inolvidable equipo de Uni\u00f3n San Felipe que alcanz\u00f3 la gloria m\u00e1xima cuando gan\u00f3 el t\u00edtulo de 1971, el que hasta ahora es el m\u00e1ximo logro en la historia del deporte sanfelipe\u00f1o y aconcag\u00fcino en general.<\/p>\n<p style=\"text-align: justify;\">En horas de la ma\u00f1ana de ayer y luego de dar una batalla a una enfermedad, el recordado <strong>\u2018Pelao Miranda\u2019<\/strong> abandon\u00f3 el mundo terrenal al fallecer en su casa habitaci\u00f3n en la comuna de La Cisterna.<\/p>\n<p style=\"text-align: justify;\">Luis Miranda naci\u00f3 un primero de noviembre de 1937 en Requinoa; en esa localidad dio sus primeros pasos como jugador cuando visti\u00f3 la divisa del Lautaro de Requinoa. M\u00e1s tarde Miranda comenzar\u00eda a inscribir su nombre en la historia al ser campe\u00f3n con Audax Italiano el a\u00f1o 1957, y a\u00f1os despu\u00e9s cuando dio vueltas ol\u00edmpicas con el Uni\u00f3n San Felipe de <strong>Luis Santib\u00e1\u00f1ez<\/strong>.<\/p>\n<figure id=\"attachment_107574\" aria-describedby=\"caption-attachment-107574\" style=\"width: 699px\" class=\"wp-caption alignnone\"><img data-recalc-dims=\"1\" loading=\"lazy\" decoding=\"async\" class=\"size-full wp-image-107574\" src=\"https:\/\/i0.wp.com\/eltrabajo.cl\/portal\/wp-content\/uploads\/2021\/04\/Miranda.jpg?resize=640%2C586&#038;ssl=1\" alt=\"El recordado Luis Miranda en un encuentro con sus seres queridos.\" width=\"640\" height=\"586\" srcset=\"https:\/\/i0.wp.com\/eltrabajo.cl\/portal\/wp-content\/uploads\/2021\/04\/Miranda.jpg?w=699&amp;ssl=1 699w, https:\/\/i0.wp.com\/eltrabajo.cl\/portal\/wp-content\/uploads\/2021\/04\/Miranda.jpg?resize=300%2C275&amp;ssl=1 300w, https:\/\/i0.wp.com\/eltrabajo.cl\/portal\/wp-content\/uploads\/2021\/04\/Miranda.jpg?resize=164%2C150&amp;ssl=1 164w, https:\/\/i0.wp.com\/eltrabajo.cl\/portal\/wp-content\/uploads\/2021\/04\/Miranda.jpg?resize=696%2C637&amp;ssl=1 696w\" sizes=\"auto, (max-width: 640px) 100vw, 640px\" \/><figcaption id=\"caption-attachment-107574\" class=\"wp-caption-text\">El recordado Luis Miranda en un encuentro con sus seres queridos.<\/figcaption><\/figure>\n","protected":false},"excerpt":{"rendered":"<p>Hay hombres que en alg\u00fan momento de sus vidas logran hacer cosas extraordinarias que les permiten inscribir su nombre en la historia de alguna comunidad o instituci\u00f3n. Ese fue el caso de&#8230;<\/p>\n","protected":false},"author":482,"featured_media":107574,"comment_status":"closed","ping_status":"open","sticky":false,"template":"","format":"standard","meta":{"advanced_seo_description":"","jetpack_seo_html_title":"","jetpack_seo_noindex":false,"_jetpack_memberships_contains_paid_content":false,"footnotes":""},"categories":[19],"tags":[],"class_list":["post-107573","post","type-post","status-publish","format-standard","has-post-thumbnail","hentry","category-deportes"],"jetpack_featured_media_url":"https:\/\/i0.wp.com\/eltrabajo.cl\/portal\/wp-content\/uploads\/2021\/04\/Miranda.jpg?fit=699%2C640&ssl=1","jetpack_sharing_enabled":true,"jetpack_likes_enabled":true,"jetpack-related-posts":[],"_links":{"self":[{"href":"https:\/\/eltrabajo.cl\/portal\/wp-json\/wp\/v2\/posts\/107573","targetHints":{"allow":["GET"]}}],"collection":[{"href":"https:\/\/eltrabajo.cl\/portal\/wp-json\/wp\/v2\/posts"}],"about":[{"href":"https:\/\/eltrabajo.cl\/portal\/wp-json\/wp\/v2\/types\/post"}],"author":[{"embeddable":true,"href":"https:\/\/eltrabajo.cl\/portal\/wp-json\/wp\/v2\/users\/482"}],"replies":[{"embeddable":true,"href":"https:\/\/eltrabajo.cl\/portal\/wp-json\/wp\/v2\/comments?post=107573"}],"version-history":[{"count":0,"href":"https:\/\/eltrabajo.cl\/portal\/wp-json\/wp\/v2\/posts\/107573\/revisions"}],"wp:featuredmedia":[{"embeddable":true,"href":"https:\/\/eltrabajo.cl\/portal\/wp-json\/wp\/v2\/media\/107574"}],"wp:attachment":[{"href":"https:\/\/eltrabajo.cl\/portal\/wp-json\/wp\/v2\/media?parent=107573"}],"wp:term":[{"taxonomy":"category","embeddable":true,"href":"https:\/\/eltrabajo.cl\/portal\/wp-json\/wp\/v2\/categories?post=107573"},{"taxonomy":"post_tag","embeddable":true,"href":"https:\/\/eltrabajo.cl\/portal\/wp-json\/wp\/v2\/tags?post=107573"}],"curies":[{"name":"wp","href":"https:\/\/api.w.org\/{rel}","templated":true}]}}