{"id":107643,"date":"2021-04-27T08:00:21","date_gmt":"2021-04-27T12:00:21","guid":{"rendered":"https:\/\/www.eltrabajo.cl\/portal\/?p=107643"},"modified":"2021-04-26T21:46:59","modified_gmt":"2021-04-27T01:46:59","slug":"abuelita-de-88-anos-necesita-techo-y-arreglos-para-no-congelarse-en-invierno","status":"publish","type":"post","link":"https:\/\/eltrabajo.cl\/portal\/abuelita-de-88-anos-necesita-techo-y-arreglos-para-no-congelarse-en-invierno\/","title":{"rendered":"Abuelita de 88 a\u00f1os necesita techo y arreglos para no congelarse en invierno"},"content":{"rendered":"<p style=\"text-align: left;\"><span style=\"color: #ff0000;\"><strong>Vive con 11 perros y un hijo discapacitado, pero no le falta amor:<\/strong><\/span><\/p>\n<p style=\"text-align: justify;\">Pedimos a nuestros fieles lectores y a las autoridades de nuestra comuna y provincia, en este caso al Serviu, Municipio y Gobernaci\u00f3n, as\u00ed como a instituciones sociales, que presten mucha atenci\u00f3n a la historia que hoy publicamos en <strong>Diario El Trabajo<\/strong>. Se trata de una abuelita de 88 a\u00f1os de edad, quien vive en una media agua de latas en el cerro La Virgen, camino al Vertedero La Hormiga, en compa\u00f1\u00eda de su hijo Humberto, tambi\u00e9n adulto mayor.<\/p>\n<p style=\"text-align: justify;\">A su situaci\u00f3n hay que ponerle atenci\u00f3n, porque pese a que vive con once perros y varios gatos en una habitaci\u00f3n donde se mete el fr\u00edo por las noches y cae un chorro de agua cuando llueve, esta adulta mayor <strong>no est\u00e1 abandonada<\/strong>, sus dos hijas y el hijo la asisten, la ba\u00f1an, la alimentan y le brindan cari\u00f1o, pero ella se niega a salir de ese lugar. A\u00fan as\u00ed no s\u00f3lo de amor vive una madre, necesita apoyo de nuestras autoridades para mejorar esa casita tapada con pl\u00e1sticos, lonas y latones viejos.<\/p>\n<p style=\"text-align: justify;\">\n<p style=\"text-align: left;\"><span style=\"color: #ff0000;\"><strong>FR\u00cdO EN LA NOCHE,\u00a0AGUA CUANDO LLUEVE<\/strong><\/span><\/p>\n<p style=\"text-align: justify;\"><strong>Diario El Trabajo<\/strong> visit\u00f3 a do\u00f1a <strong>Natividad Rojas Covarrubias<\/strong>, all\u00e1 nos atendi\u00f3 y aunque no escucha bien, con sus hijos pudimos conversar para conocer bien esta situaci\u00f3n. <strong>Marcela Far\u00edas Rojas<\/strong>, hija de do\u00f1a Natividad, fue quien habl\u00f3 con <strong>Diario El Trabajo<\/strong> a nombre de su madre y de sus familiares, quienes dentro de sus posibilidades cuidan de ella: <em>\u00abNo se ha podido postular a mi madre, ella tampoco quiere salir de ac\u00e1, ella est\u00e1 acostumbrada a vivir con sus animales, con el clima de ac\u00e1, no le gusta la bulla, entonces ella quiere seguir viviendo ac\u00e1 con sus perros, sus gatos, y tambi\u00e9n est\u00e1 acostumbrada al fuego para el fr\u00edo<\/em>\u00bb, coment\u00f3 Marcela.<\/p>\n<p style=\"text-align: justify;\">&#8211; <strong>\u00bfC\u00f3mo hacen ustedes para ba\u00f1ar a su madre?<\/strong><\/p>\n<p style=\"text-align: justify;\">&#8211; Para el ba\u00f1o, cuando hace calorcito se calienta agua en un tarro, se limpia con jaboncito la parte de arriba va primero, despu\u00e9s para abajo, y cuando hace harta calor no, ah\u00ed ella se sienta en su silla de ruedas, la enjabonamos entera y le echamos el ag\u00fcita. La cabeza se le lava aparte, no todo el cuerpo junto porque tenemos temor de que se nos vaya a enfermar, por eso la lavamos de a poquito.<\/p>\n<p style=\"text-align: justify;\">&#8211; <strong>\u00bfEn materia de vivienda, qu\u00e9 es lo que ustedes necesitan para que do\u00f1a Natividad no pase fr\u00edos en invierno?<\/strong><\/p>\n<p style=\"text-align: justify;\">&#8211; Por ejemplo, el techo yo creo que se tendr\u00eda que cambiar, forrarla un poco m\u00e1s por dentro, ya que nuestros recursos son escasos, apenas juntamos unas pocas monedas para poderle forrar una parte donde duerme ella, se mete mucho el fr\u00edo en la noche cuando caen muchas heladas a ella se le humedece todo abajo (\u2026) Mi madre y mi hermano Humberto que la cuida, no necesitan casa nueva, quiz\u00e1s s\u00ed la necesitan, pero en esta entrevista lo que necesitamos es que nos ayuden a forrar la casita que ya tenemos ac\u00e1 desde hace 28 a\u00f1os, reforzar, forrar el cielo raso y a los lados, y cambiarle zinc (\u2026) con las lluvias no se moja el piso con agua del cerro porque se le hace una canaleta a los lados en el patio, s\u00f3lo que s\u00ed hay una gotera entre la pieza de mi hermano y la de mam\u00e1, cae un chorro de agua, hay que ponerle una carpa, esta media agua yo se la compr\u00e9 a mam\u00e1 hace muchos a\u00f1os, cuando tra\u00edan casas el Hogar de Cristo para vender, en esos a\u00f1os me cost\u00f3 $125.000.<\/p>\n<p style=\"text-align: justify;\">\n<p style=\"text-align: justify;\"><span style=\"color: #ff0000;\"><strong>SERVIU AL TANTO<\/strong><\/span><\/p>\n<p style=\"text-align: justify;\">Nuestro medio consult\u00f3 a la delegada biprovincial del Serviu, <strong>Patricia Boffa Casas<\/strong>, sobre este caso, y la misma nos indic\u00f3 que \u00ab<em>lo primero que vamos a hacer a la brevedad es enviar un asistente social del Serviu para poder ver la situaci\u00f3n antes de comprometernos a poder generar alguna acci\u00f3n que nosotros podamos hacer, de esta situaci\u00f3n estoy al tanto desde el pasado fin de semana cuando se comunicaron conmigo del Colectivo LGTB quienes fueron en ayuda esta se\u00f1ora con una cama, un colch\u00f3n y mercader\u00eda. En nuestro caso como Serviu estamos muy interesados en ayudar, primero lo que tenemos que tener es una evaluaci\u00f3n y saber si podemos intervenir como Serviu, o colaborar en este caso social que nos ha tocado a todos el coraz\u00f3n<\/em>\u00bb, dijo Boffa.<\/p>\n<p style=\"text-align: justify;\">\n<p style=\"text-align: justify;\"><span style=\"color: #ff0000;\"><strong>LO QUE NECESITAN<\/strong><\/span><\/p>\n<p style=\"text-align: justify;\">Hablando con esta familia de adultos mayores sobre lo que necesitan con urgencia, ellos nos reportaron: Una lavadora que tenga centr\u00edfuga, una refrigeradora, un ba\u00f1o qu\u00edmico, pues usan una letrina o pozo de campo, un cilindro de gas para estufa, que sus paredes sean forradas y techumbre para la media agua. Importante destacar el esfuerzo que est\u00e1 haciendo el <strong>Colectivo LGTB<\/strong> en beneficio de estos adultos mayores.<\/p>\n<p style=\"text-align: justify;\"><strong>Roberto Gonz\u00e1lez Short<\/strong><\/p>\n<figure id=\"attachment_107648\" aria-describedby=\"caption-attachment-107648\" style=\"width: 699px\" class=\"wp-caption alignnone\"><img data-recalc-dims=\"1\" loading=\"lazy\" decoding=\"async\" class=\"size-full wp-image-107648\" src=\"https:\/\/i0.wp.com\/eltrabajo.cl\/portal\/wp-content\/uploads\/2021\/04\/abuelita-portada.jpg?resize=640%2C427&#038;ssl=1\" alt=\"Esta abuelita de 88 a\u00f1os de edad, Natividad Rojas Covarrubias, vive en una media agua de latas en el cerro La Virgen, camino al Vertedero La Hormiga. \" width=\"640\" height=\"427\" srcset=\"https:\/\/i0.wp.com\/eltrabajo.cl\/portal\/wp-content\/uploads\/2021\/04\/abuelita-portada.jpg?w=699&amp;ssl=1 699w, https:\/\/i0.wp.com\/eltrabajo.cl\/portal\/wp-content\/uploads\/2021\/04\/abuelita-portada.jpg?resize=300%2C200&amp;ssl=1 300w, https:\/\/i0.wp.com\/eltrabajo.cl\/portal\/wp-content\/uploads\/2021\/04\/abuelita-portada.jpg?resize=200%2C133&amp;ssl=1 200w, https:\/\/i0.wp.com\/eltrabajo.cl\/portal\/wp-content\/uploads\/2021\/04\/abuelita-portada.jpg?resize=696%2C464&amp;ssl=1 696w\" sizes=\"auto, (max-width: 640px) 100vw, 640px\" \/><figcaption id=\"caption-attachment-107648\" class=\"wp-caption-text\">Esta abuelita de 88 a\u00f1os de edad, Natividad Rojas Covarrubias, vive en una media agua de latas en el cerro La Virgen, camino al Vertedero La Hormiga.<\/figcaption><\/figure>\n<figure id=\"attachment_107645\" aria-describedby=\"caption-attachment-107645\" style=\"width: 699px\" class=\"wp-caption alignnone\"><img data-recalc-dims=\"1\" loading=\"lazy\" decoding=\"async\" class=\"size-full wp-image-107645\" src=\"https:\/\/i0.wp.com\/eltrabajo.cl\/portal\/wp-content\/uploads\/2021\/04\/Abuelita2.jpg?resize=640%2C424&#038;ssl=1\" alt=\"CERRO ABAJO.- En estas condiciones est\u00e1 la techumbre de la media agua donde vive do\u00f1a Natividad en el cerro La Virgen, camino al vertedero La Hormiga.\" width=\"640\" height=\"424\" srcset=\"https:\/\/i0.wp.com\/eltrabajo.cl\/portal\/wp-content\/uploads\/2021\/04\/Abuelita2.jpg?w=699&amp;ssl=1 699w, https:\/\/i0.wp.com\/eltrabajo.cl\/portal\/wp-content\/uploads\/2021\/04\/Abuelita2.jpg?resize=300%2C199&amp;ssl=1 300w, https:\/\/i0.wp.com\/eltrabajo.cl\/portal\/wp-content\/uploads\/2021\/04\/Abuelita2.jpg?resize=200%2C132&amp;ssl=1 200w, https:\/\/i0.wp.com\/eltrabajo.cl\/portal\/wp-content\/uploads\/2021\/04\/Abuelita2.jpg?resize=696%2C461&amp;ssl=1 696w\" sizes=\"auto, (max-width: 640px) 100vw, 640px\" \/><figcaption id=\"caption-attachment-107645\" class=\"wp-caption-text\">CERRO ABAJO.- En estas condiciones est\u00e1 la techumbre de la media agua donde vive do\u00f1a Natividad en el cerro La Virgen, camino al vertedero La Hormiga.<\/figcaption><\/figure>\n<figure id=\"attachment_107644\" aria-describedby=\"caption-attachment-107644\" style=\"width: 699px\" class=\"wp-caption alignnone\"><img data-recalc-dims=\"1\" loading=\"lazy\" decoding=\"async\" class=\"size-full wp-image-107644\" src=\"https:\/\/i0.wp.com\/eltrabajo.cl\/portal\/wp-content\/uploads\/2021\/04\/Abuelita1.jpg?resize=640%2C439&#038;ssl=1\" alt=\"ABANDONADA NO EST\u00c1.- Ella es do\u00f1a Natividad Rojas Covarrubias, acompa\u00f1ada de sus hijos Humberto y Marcela, y una solidaria vecina.\" width=\"640\" height=\"439\" srcset=\"https:\/\/i0.wp.com\/eltrabajo.cl\/portal\/wp-content\/uploads\/2021\/04\/Abuelita1.jpg?w=699&amp;ssl=1 699w, https:\/\/i0.wp.com\/eltrabajo.cl\/portal\/wp-content\/uploads\/2021\/04\/Abuelita1.jpg?resize=300%2C206&amp;ssl=1 300w, https:\/\/i0.wp.com\/eltrabajo.cl\/portal\/wp-content\/uploads\/2021\/04\/Abuelita1.jpg?resize=200%2C137&amp;ssl=1 200w, https:\/\/i0.wp.com\/eltrabajo.cl\/portal\/wp-content\/uploads\/2021\/04\/Abuelita1.jpg?resize=218%2C150&amp;ssl=1 218w, https:\/\/i0.wp.com\/eltrabajo.cl\/portal\/wp-content\/uploads\/2021\/04\/Abuelita1.jpg?resize=696%2C477&amp;ssl=1 696w\" sizes=\"auto, (max-width: 640px) 100vw, 640px\" \/><figcaption id=\"caption-attachment-107644\" class=\"wp-caption-text\">ABANDONADA NO EST\u00c1.- Ella es do\u00f1a Natividad Rojas Covarrubias, acompa\u00f1ada de sus hijos Humberto y Marcela, y una solidaria vecina.<\/figcaption><\/figure>\n<figure id=\"attachment_107646\" aria-describedby=\"caption-attachment-107646\" style=\"width: 699px\" class=\"wp-caption alignnone\"><img data-recalc-dims=\"1\" loading=\"lazy\" decoding=\"async\" class=\"size-full wp-image-107646\" src=\"https:\/\/i0.wp.com\/eltrabajo.cl\/portal\/wp-content\/uploads\/2021\/04\/Abuelita4.jpg?resize=640%2C382&#038;ssl=1\" alt=\"NECESITAN APOYO.- Aqu\u00ed est\u00e1 la ropa ya lavada con gran esfuerzo, atr\u00e1s vemos los pl\u00e1sticos, cartones y lona con la que se cubren del fr\u00edo y la lluvia.\" width=\"640\" height=\"382\" srcset=\"https:\/\/i0.wp.com\/eltrabajo.cl\/portal\/wp-content\/uploads\/2021\/04\/Abuelita4.jpg?w=699&amp;ssl=1 699w, https:\/\/i0.wp.com\/eltrabajo.cl\/portal\/wp-content\/uploads\/2021\/04\/Abuelita4.jpg?resize=300%2C179&amp;ssl=1 300w, https:\/\/i0.wp.com\/eltrabajo.cl\/portal\/wp-content\/uploads\/2021\/04\/Abuelita4.jpg?resize=200%2C119&amp;ssl=1 200w, https:\/\/i0.wp.com\/eltrabajo.cl\/portal\/wp-content\/uploads\/2021\/04\/Abuelita4.jpg?resize=696%2C415&amp;ssl=1 696w\" sizes=\"auto, (max-width: 640px) 100vw, 640px\" \/><figcaption id=\"caption-attachment-107646\" class=\"wp-caption-text\">NECESITAN APOYO.- Aqu\u00ed est\u00e1 la ropa ya lavada con gran esfuerzo, atr\u00e1s vemos los pl\u00e1sticos, cartones y lona con la que se cubren del fr\u00edo y la lluvia.<\/figcaption><\/figure>\n<figure id=\"attachment_107647\" aria-describedby=\"caption-attachment-107647\" style=\"width: 699px\" class=\"wp-caption alignnone\"><img data-recalc-dims=\"1\" loading=\"lazy\" decoding=\"async\" class=\"size-full wp-image-107647\" src=\"https:\/\/i0.wp.com\/eltrabajo.cl\/portal\/wp-content\/uploads\/2021\/04\/Abuelita_Natividad-Rojas-Covarrubias.jpg?resize=640%2C591&#038;ssl=1\" alt=\"Natividad Rojas Covarrubias, 88 a\u00f1os de edad, ella enfrenta todos los d\u00edas la vida con optimismo.\" width=\"640\" height=\"591\" srcset=\"https:\/\/i0.wp.com\/eltrabajo.cl\/portal\/wp-content\/uploads\/2021\/04\/Abuelita_Natividad-Rojas-Covarrubias.jpg?w=699&amp;ssl=1 699w, https:\/\/i0.wp.com\/eltrabajo.cl\/portal\/wp-content\/uploads\/2021\/04\/Abuelita_Natividad-Rojas-Covarrubias.jpg?resize=300%2C277&amp;ssl=1 300w, https:\/\/i0.wp.com\/eltrabajo.cl\/portal\/wp-content\/uploads\/2021\/04\/Abuelita_Natividad-Rojas-Covarrubias.jpg?resize=163%2C150&amp;ssl=1 163w, https:\/\/i0.wp.com\/eltrabajo.cl\/portal\/wp-content\/uploads\/2021\/04\/Abuelita_Natividad-Rojas-Covarrubias.jpg?resize=696%2C642&amp;ssl=1 696w\" sizes=\"auto, (max-width: 640px) 100vw, 640px\" \/><figcaption id=\"caption-attachment-107647\" class=\"wp-caption-text\">Natividad Rojas Covarrubias, 88 a\u00f1os de edad, ella enfrenta todos los d\u00edas la vida con optimismo.<\/figcaption><\/figure>\n","protected":false},"excerpt":{"rendered":"<p>Vive con 11 perros y un hijo discapacitado, pero no le falta amor: Pedimos a nuestros fieles lectores y a las autoridades de nuestra comuna y provincia, en este caso al Serviu,&#8230;<\/p>\n","protected":false},"author":482,"featured_media":107648,"comment_status":"closed","ping_status":"open","sticky":false,"template":"","format":"standard","meta":{"advanced_seo_description":"","jetpack_seo_html_title":"","jetpack_seo_noindex":false,"_jetpack_memberships_contains_paid_content":false,"footnotes":""},"categories":[15],"tags":[],"class_list":["post-107643","post","type-post","status-publish","format-standard","has-post-thumbnail","hentry","category-comunidad"],"jetpack_featured_media_url":"https:\/\/i0.wp.com\/eltrabajo.cl\/portal\/wp-content\/uploads\/2021\/04\/abuelita-portada.jpg?fit=699%2C466&ssl=1","jetpack_sharing_enabled":true,"jetpack_likes_enabled":true,"jetpack-related-posts":[],"_links":{"self":[{"href":"https:\/\/eltrabajo.cl\/portal\/wp-json\/wp\/v2\/posts\/107643","targetHints":{"allow":["GET"]}}],"collection":[{"href":"https:\/\/eltrabajo.cl\/portal\/wp-json\/wp\/v2\/posts"}],"about":[{"href":"https:\/\/eltrabajo.cl\/portal\/wp-json\/wp\/v2\/types\/post"}],"author":[{"embeddable":true,"href":"https:\/\/eltrabajo.cl\/portal\/wp-json\/wp\/v2\/users\/482"}],"replies":[{"embeddable":true,"href":"https:\/\/eltrabajo.cl\/portal\/wp-json\/wp\/v2\/comments?post=107643"}],"version-history":[{"count":0,"href":"https:\/\/eltrabajo.cl\/portal\/wp-json\/wp\/v2\/posts\/107643\/revisions"}],"wp:featuredmedia":[{"embeddable":true,"href":"https:\/\/eltrabajo.cl\/portal\/wp-json\/wp\/v2\/media\/107648"}],"wp:attachment":[{"href":"https:\/\/eltrabajo.cl\/portal\/wp-json\/wp\/v2\/media?parent=107643"}],"wp:term":[{"taxonomy":"category","embeddable":true,"href":"https:\/\/eltrabajo.cl\/portal\/wp-json\/wp\/v2\/categories?post=107643"},{"taxonomy":"post_tag","embeddable":true,"href":"https:\/\/eltrabajo.cl\/portal\/wp-json\/wp\/v2\/tags?post=107643"}],"curies":[{"name":"wp","href":"https:\/\/api.w.org\/{rel}","templated":true}]}}