{"id":107654,"date":"2021-04-28T07:40:03","date_gmt":"2021-04-28T11:40:03","guid":{"rendered":"https:\/\/www.eltrabajo.cl\/portal\/?p=107654"},"modified":"2021-04-27T20:53:24","modified_gmt":"2021-04-28T00:53:24","slug":"transforman-quirofanos-en-camas-uci-para-pacientes-graves-por-covid-19","status":"publish","type":"post","link":"https:\/\/eltrabajo.cl\/portal\/transforman-quirofanos-en-camas-uci-para-pacientes-graves-por-covid-19\/","title":{"rendered":"Transforman quir\u00f3fanos en camas UCI para pacientes graves por Covid-19"},"content":{"rendered":"<p style=\"text-align: left;\"><span style=\"color: #ff0000;\"><strong>Jefe de pabell\u00f3n y enfermera Jefe del San Camilo con Diario El Trabajo:<\/strong><\/span><\/p>\n<p style=\"text-align: justify;\">Que los hospitales est\u00e1n trabajando a su m\u00e1xima capacidad es una noticia que vemos a diario, pero no siempre dimensionamos lo que esta gesti\u00f3n significa, pues no vemos todo el trabajo y los esfuerzos que se realizan en su interior para seguir atendiendo a los nuevos pacientes que siguen y siguen contagi\u00e1ndose pese a todas las medidas restrictivas.<\/p>\n<p style=\"text-align: justify;\">Un buen ejemplo de este esfuerzo es el gran trabajo que est\u00e1 realizando el personal del Servicio de Pabell\u00f3n del Hospital San Camilo, el cual ha debido reinventarse para adaptar sus quir\u00f3fanos, es decir, las salas donde normalmente se opera, en espacios para sumar nuevas camas de pacientes cr\u00edticos con Coronavirus.<\/p>\n<p style=\"text-align: justify;\">Y es que el requerimiento de camas es a nivel nacional, todos los establecimientos han debido ver la forma de aumentar su capacidad de camas cr\u00edticas y el San Camilo no es la excepci\u00f3n. Antes de la pandemia, contaba con seis camas de UCI. Hoy su oferta a la red nacional es de 23.<\/p>\n<p style=\"text-align: justify;\">\u00ab<em>Nosotros contamos normalmente con cinco pabellones, pero hoy nos manejamos s\u00f3lo con dos: el de Urgencias y uno extra para los casos m\u00e1s necesarios como c\u00e1ncer y otras intervenciones que no pueden esperar. Las otras tres salas las convertimos en UCI para dar cobertura a todos los pacientes que se agravan producto del Covid-19<\/em>\u00bb, asegura el jefe de Pabell\u00f3n, <strong>Dr. Jos\u00e9 Meneses<\/strong>.<\/p>\n<p style=\"text-align: justify;\">\n<p style=\"text-align: justify;\"><span style=\"color: #ff0000;\"><strong>\u00abSI SUPIERAN\u2026\u00bb<\/strong><\/span><\/p>\n<p style=\"text-align: justify;\">Sus declaraciones las complementa <strong>Blanca Contreras<\/strong>, enfermera supervisora, quien destaca todo el trabajo que ha debido enfrentar el personal para lograr esta reconversi\u00f3n. <em>\u00abNuestros funcionarios han debido cambiar sus turnos, aprender nuevos procedimientos, lidiar con otro tipo de pacientes y lo han hecho de buena manera, aportando a esta gran crisis como buenos funcionarios de la salud que son, es nuestro deber y lo estamos cumpliendo con orgullo<\/em>\u00bb.<\/p>\n<p style=\"text-align: justify;\">Lo anterior, eso s\u00ed, no es gratuito, al cansancio natural de los turnos extenuantes ha debido sumar el estr\u00e9s psicol\u00f3gico de tratar con pacientes que permanecen mucho m\u00e1s tiempo con ellos que antes y ante quienes deben utilizar numeroso equipo de protecci\u00f3n.<\/p>\n<p style=\"text-align: justify;\">\u00ab<em>Nos alegra verlos de alta, pero tambi\u00e9n hemos visto c\u00f3mo algunos fallecen en el intento. Eso duele. Dan ganas de invitar a los irresponsables a ver c\u00f3mo sufren los enfermos y todo el trabajo que se hace para salvarles la vida. Si supieran, cambiar\u00edan su actitud<\/em>\u00bb, agrega Contreras.<\/p>\n<p style=\"text-align: justify;\">Esto lo ratifica el Dr. Meneses, para quien el esfuerzo del personal es destacable: \u00ab<em>Al inicio hab\u00eda miedo, reticencia a los resultados, pero nos capacitamos y nos adaptamos, pese a nuestros espacios reducidos y todos los cambios que esto implica. Ac\u00e1 no s\u00f3lo ha participado el personal cl\u00ednico, sino que tambi\u00e9n esto ha demandado un trabajo de servicios generales, de equipos m\u00e9dicos, de la parte administrativa, inform\u00e1tica, etc. Montar camas cr\u00edticas no es f\u00e1cil, pero le hemos puesto empe\u00f1o porque sabemos que estamos haciendo algo grande. Estamos cansados, pero con la moral en alto\u00bb.<\/em><\/p>\n<p style=\"text-align: justify;\">Hasta ahora se desconoce cu\u00e1ndo terminar\u00e1 esta pandemia, pero los hospitales y sus funcionarios del Hospital seguir\u00e1n trabajando para recuperar la salud de la poblaci\u00f3n. Hoy es el Covid-19, ma\u00f1ana, no se sabe. Pese a esto, siempre hay una luz de esperanza, pues ante la pregunta si lo volver\u00edan a hacer, ambos profesionales responden al un\u00edsono: <em>\u00abS\u00ed, de todas maneras\u00bb.<\/em><\/p>\n<figure id=\"attachment_107655\" aria-describedby=\"caption-attachment-107655\" style=\"width: 698px\" class=\"wp-caption alignnone\"><img data-recalc-dims=\"1\" loading=\"lazy\" decoding=\"async\" class=\"size-full wp-image-107655\" src=\"https:\/\/i0.wp.com\/eltrabajo.cl\/portal\/wp-content\/uploads\/2021\/04\/Pabellones-portada.jpg?resize=640%2C419&#038;ssl=1\" alt=\"BUSCANDO LA EXCELENCIA.- El requerimiento de camas es a nivel nacional, todos los establecimientos han debido ver la forma de aumentar su capacidad de camas cr\u00edticas y el San Camilo no es la excepci\u00f3n.\" width=\"640\" height=\"419\" srcset=\"https:\/\/i0.wp.com\/eltrabajo.cl\/portal\/wp-content\/uploads\/2021\/04\/Pabellones-portada.jpg?w=698&amp;ssl=1 698w, https:\/\/i0.wp.com\/eltrabajo.cl\/portal\/wp-content\/uploads\/2021\/04\/Pabellones-portada.jpg?resize=300%2C196&amp;ssl=1 300w, https:\/\/i0.wp.com\/eltrabajo.cl\/portal\/wp-content\/uploads\/2021\/04\/Pabellones-portada.jpg?resize=200%2C131&amp;ssl=1 200w, https:\/\/i0.wp.com\/eltrabajo.cl\/portal\/wp-content\/uploads\/2021\/04\/Pabellones-portada.jpg?resize=696%2C456&amp;ssl=1 696w\" sizes=\"auto, (max-width: 640px) 100vw, 640px\" \/><figcaption id=\"caption-attachment-107655\" class=\"wp-caption-text\">BUSCANDO LA EXCELENCIA.- El requerimiento de camas es a nivel nacional, todos los establecimientos han debido ver la forma de aumentar su capacidad de camas cr\u00edticas y el San Camilo no es la excepci\u00f3n.<\/figcaption><\/figure>\n<figure id=\"attachment_107656\" aria-describedby=\"caption-attachment-107656\" style=\"width: 699px\" class=\"wp-caption alignnone\"><img data-recalc-dims=\"1\" loading=\"lazy\" decoding=\"async\" class=\"size-full wp-image-107656\" src=\"https:\/\/i0.wp.com\/eltrabajo.cl\/portal\/wp-content\/uploads\/2021\/04\/Pabellones_Blanca-Contreras.jpg?resize=640%2C647&#038;ssl=1\" alt=\"Blanca Contreras, enfermera supervisora del Hospital San Camilo.\" width=\"640\" height=\"647\" srcset=\"https:\/\/i0.wp.com\/eltrabajo.cl\/portal\/wp-content\/uploads\/2021\/04\/Pabellones_Blanca-Contreras.jpg?w=699&amp;ssl=1 699w, https:\/\/i0.wp.com\/eltrabajo.cl\/portal\/wp-content\/uploads\/2021\/04\/Pabellones_Blanca-Contreras.jpg?resize=297%2C300&amp;ssl=1 297w, https:\/\/i0.wp.com\/eltrabajo.cl\/portal\/wp-content\/uploads\/2021\/04\/Pabellones_Blanca-Contreras.jpg?resize=148%2C150&amp;ssl=1 148w, https:\/\/i0.wp.com\/eltrabajo.cl\/portal\/wp-content\/uploads\/2021\/04\/Pabellones_Blanca-Contreras.jpg?resize=696%2C704&amp;ssl=1 696w\" sizes=\"auto, (max-width: 640px) 100vw, 640px\" \/><figcaption id=\"caption-attachment-107656\" class=\"wp-caption-text\">Blanca Contreras, enfermera supervisora del Hospital San Camilo.<\/figcaption><\/figure>\n<figure id=\"attachment_107657\" aria-describedby=\"caption-attachment-107657\" style=\"width: 699px\" class=\"wp-caption alignnone\"><img data-recalc-dims=\"1\" loading=\"lazy\" decoding=\"async\" class=\"size-full wp-image-107657\" src=\"https:\/\/i0.wp.com\/eltrabajo.cl\/portal\/wp-content\/uploads\/2021\/04\/Pabellones_Jose-Meneses.jpg?resize=640%2C630&#038;ssl=1\" alt=\"Jefe de Pabell\u00f3n, Dr. Jos\u00e9 Meneses.\" width=\"640\" height=\"630\" srcset=\"https:\/\/i0.wp.com\/eltrabajo.cl\/portal\/wp-content\/uploads\/2021\/04\/Pabellones_Jose-Meneses.jpg?w=699&amp;ssl=1 699w, https:\/\/i0.wp.com\/eltrabajo.cl\/portal\/wp-content\/uploads\/2021\/04\/Pabellones_Jose-Meneses.jpg?resize=300%2C295&amp;ssl=1 300w, https:\/\/i0.wp.com\/eltrabajo.cl\/portal\/wp-content\/uploads\/2021\/04\/Pabellones_Jose-Meneses.jpg?resize=152%2C150&amp;ssl=1 152w, https:\/\/i0.wp.com\/eltrabajo.cl\/portal\/wp-content\/uploads\/2021\/04\/Pabellones_Jose-Meneses.jpg?resize=696%2C685&amp;ssl=1 696w\" sizes=\"auto, (max-width: 640px) 100vw, 640px\" \/><figcaption id=\"caption-attachment-107657\" class=\"wp-caption-text\">Jefe de Pabell\u00f3n, Dr. Jos\u00e9 Meneses.<\/figcaption><\/figure>\n","protected":false},"excerpt":{"rendered":"<p>Jefe de pabell\u00f3n y enfermera Jefe del San Camilo con Diario El Trabajo: Que los hospitales est\u00e1n trabajando a su m\u00e1xima capacidad es una noticia que vemos a diario, pero no siempre&#8230;<\/p>\n","protected":false},"author":482,"featured_media":107655,"comment_status":"closed","ping_status":"open","sticky":false,"template":"","format":"standard","meta":{"advanced_seo_description":"","jetpack_seo_html_title":"","jetpack_seo_noindex":false,"_jetpack_memberships_contains_paid_content":false,"footnotes":""},"categories":[105],"tags":[],"class_list":["post-107654","post","type-post","status-publish","format-standard","has-post-thumbnail","hentry","category-covid-19"],"jetpack_featured_media_url":"https:\/\/i0.wp.com\/eltrabajo.cl\/portal\/wp-content\/uploads\/2021\/04\/Pabellones-portada.jpg?fit=698%2C457&ssl=1","jetpack_sharing_enabled":true,"jetpack_likes_enabled":true,"jetpack-related-posts":[],"_links":{"self":[{"href":"https:\/\/eltrabajo.cl\/portal\/wp-json\/wp\/v2\/posts\/107654","targetHints":{"allow":["GET"]}}],"collection":[{"href":"https:\/\/eltrabajo.cl\/portal\/wp-json\/wp\/v2\/posts"}],"about":[{"href":"https:\/\/eltrabajo.cl\/portal\/wp-json\/wp\/v2\/types\/post"}],"author":[{"embeddable":true,"href":"https:\/\/eltrabajo.cl\/portal\/wp-json\/wp\/v2\/users\/482"}],"replies":[{"embeddable":true,"href":"https:\/\/eltrabajo.cl\/portal\/wp-json\/wp\/v2\/comments?post=107654"}],"version-history":[{"count":0,"href":"https:\/\/eltrabajo.cl\/portal\/wp-json\/wp\/v2\/posts\/107654\/revisions"}],"wp:featuredmedia":[{"embeddable":true,"href":"https:\/\/eltrabajo.cl\/portal\/wp-json\/wp\/v2\/media\/107655"}],"wp:attachment":[{"href":"https:\/\/eltrabajo.cl\/portal\/wp-json\/wp\/v2\/media?parent=107654"}],"wp:term":[{"taxonomy":"category","embeddable":true,"href":"https:\/\/eltrabajo.cl\/portal\/wp-json\/wp\/v2\/categories?post=107654"},{"taxonomy":"post_tag","embeddable":true,"href":"https:\/\/eltrabajo.cl\/portal\/wp-json\/wp\/v2\/tags?post=107654"}],"curies":[{"name":"wp","href":"https:\/\/api.w.org\/{rel}","templated":true}]}}