{"id":107678,"date":"2021-04-29T07:40:33","date_gmt":"2021-04-29T11:40:33","guid":{"rendered":"https:\/\/www.eltrabajo.cl\/portal\/?p=107678"},"modified":"2021-04-28T20:11:15","modified_gmt":"2021-04-29T00:11:15","slug":"jorge-kike-acuna-se-convierte-en-el-nuevo-entrenador-de-union-san-felipe","status":"publish","type":"post","link":"https:\/\/eltrabajo.cl\/portal\/jorge-kike-acuna-se-convierte-en-el-nuevo-entrenador-de-union-san-felipe\/","title":{"rendered":"Jorge \u2018Kike\u2019 Acu\u00f1a se convierte en el nuevo entrenador de Uni\u00f3n San Felipe"},"content":{"rendered":"<p style=\"text-align: left;\"><span style=\"color: #ff0000;\"><strong>Tras despido de Tom\u00e1s Arrotea:<\/strong><\/span><\/p>\n<p style=\"text-align: justify;\">Al mismo instante que la sociedad controladora del Un\u00ed Un\u00ed hac\u00eda p\u00fablico el despido de <strong>Tom\u00e1s Arrotea<\/strong>, se comunic\u00f3 que el popular ex volante de contenci\u00f3n <strong>Jorge \u2018Kike\u2019 Acu\u00f1a<\/strong>, asumir\u00e1 la jefatura t\u00e9cnica del plantel de honor albirrojo.<\/p>\n<p style=\"text-align: justify;\">Acu\u00f1a ser\u00e1 asistido en dichas funciones por el ex defensor central <strong>Nicol\u00e1s Su\u00e1rez<\/strong>, con quien ya trabaj\u00f3 en funciones similares cuando integraron el exitoso staff t\u00e9cnico que encabez\u00f3 <strong>H\u00e9ctor Roco Lucero<\/strong>.<\/p>\n<p style=\"text-align: justify;\">La dupla t\u00e9cnica tiene en com\u00fan el que recientemente se titularon de entrenadores profesionales, adem\u00e1s de conocerse muy bien al trabajar en las series inferiores del Un\u00ed Un\u00ed.<\/p>\n<p style=\"text-align: justify;\">El nuevo cuerpo t\u00e9cnico unionista asumi\u00f3 sus funciones ayer en la tarde y su primer examen ser\u00e1 el lunes pr\u00f3ximo cuando los sanfelipe\u00f1os desaf\u00eden a San Luis en Quillota.<\/p>\n<figure id=\"attachment_107679\" aria-describedby=\"caption-attachment-107679\" style=\"width: 699px\" class=\"wp-caption alignnone\"><img data-recalc-dims=\"1\" loading=\"lazy\" decoding=\"async\" class=\"size-full wp-image-107679\" src=\"https:\/\/i0.wp.com\/eltrabajo.cl\/portal\/wp-content\/uploads\/2021\/04\/acuna.jpg?resize=640%2C462&#038;ssl=1\" alt=\"Jorge Acu\u00f1a ser\u00e1 de manera interina el entrenador del Un\u00ed Un\u00ed.\" width=\"640\" height=\"462\" srcset=\"https:\/\/i0.wp.com\/eltrabajo.cl\/portal\/wp-content\/uploads\/2021\/04\/acuna.jpg?w=699&amp;ssl=1 699w, https:\/\/i0.wp.com\/eltrabajo.cl\/portal\/wp-content\/uploads\/2021\/04\/acuna.jpg?resize=300%2C217&amp;ssl=1 300w, https:\/\/i0.wp.com\/eltrabajo.cl\/portal\/wp-content\/uploads\/2021\/04\/acuna.jpg?resize=200%2C144&amp;ssl=1 200w, https:\/\/i0.wp.com\/eltrabajo.cl\/portal\/wp-content\/uploads\/2021\/04\/acuna.jpg?resize=696%2C503&amp;ssl=1 696w, https:\/\/i0.wp.com\/eltrabajo.cl\/portal\/wp-content\/uploads\/2021\/04\/acuna.jpg?resize=324%2C235&amp;ssl=1 324w\" sizes=\"auto, (max-width: 640px) 100vw, 640px\" \/><figcaption id=\"caption-attachment-107679\" class=\"wp-caption-text\">Jorge Acu\u00f1a ser\u00e1 de manera interina el entrenador del Un\u00ed Un\u00ed.<\/figcaption><\/figure>\n","protected":false},"excerpt":{"rendered":"<p>Tras despido de Tom\u00e1s Arrotea: Al mismo instante que la sociedad controladora del Un\u00ed Un\u00ed hac\u00eda p\u00fablico el despido de Tom\u00e1s Arrotea, se comunic\u00f3 que el popular ex volante de contenci\u00f3n Jorge&#8230;<\/p>\n","protected":false},"author":482,"featured_media":107679,"comment_status":"closed","ping_status":"open","sticky":false,"template":"","format":"standard","meta":{"advanced_seo_description":"","jetpack_seo_html_title":"","jetpack_seo_noindex":false,"_jetpack_memberships_contains_paid_content":false,"footnotes":""},"categories":[19],"tags":[],"class_list":["post-107678","post","type-post","status-publish","format-standard","has-post-thumbnail","hentry","category-deportes"],"jetpack_featured_media_url":"https:\/\/i0.wp.com\/eltrabajo.cl\/portal\/wp-content\/uploads\/2021\/04\/acuna.jpg?fit=699%2C505&ssl=1","jetpack_sharing_enabled":true,"jetpack_likes_enabled":true,"jetpack-related-posts":[],"_links":{"self":[{"href":"https:\/\/eltrabajo.cl\/portal\/wp-json\/wp\/v2\/posts\/107678","targetHints":{"allow":["GET"]}}],"collection":[{"href":"https:\/\/eltrabajo.cl\/portal\/wp-json\/wp\/v2\/posts"}],"about":[{"href":"https:\/\/eltrabajo.cl\/portal\/wp-json\/wp\/v2\/types\/post"}],"author":[{"embeddable":true,"href":"https:\/\/eltrabajo.cl\/portal\/wp-json\/wp\/v2\/users\/482"}],"replies":[{"embeddable":true,"href":"https:\/\/eltrabajo.cl\/portal\/wp-json\/wp\/v2\/comments?post=107678"}],"version-history":[{"count":0,"href":"https:\/\/eltrabajo.cl\/portal\/wp-json\/wp\/v2\/posts\/107678\/revisions"}],"wp:featuredmedia":[{"embeddable":true,"href":"https:\/\/eltrabajo.cl\/portal\/wp-json\/wp\/v2\/media\/107679"}],"wp:attachment":[{"href":"https:\/\/eltrabajo.cl\/portal\/wp-json\/wp\/v2\/media?parent=107678"}],"wp:term":[{"taxonomy":"category","embeddable":true,"href":"https:\/\/eltrabajo.cl\/portal\/wp-json\/wp\/v2\/categories?post=107678"},{"taxonomy":"post_tag","embeddable":true,"href":"https:\/\/eltrabajo.cl\/portal\/wp-json\/wp\/v2\/tags?post=107678"}],"curies":[{"name":"wp","href":"https:\/\/api.w.org\/{rel}","templated":true}]}}