{"id":107736,"date":"2021-05-03T07:50:04","date_gmt":"2021-05-03T11:50:04","guid":{"rendered":"https:\/\/www.eltrabajo.cl\/portal\/?p=107736"},"modified":"2021-05-02T20:14:16","modified_gmt":"2021-05-03T00:14:16","slug":"ante-un-rival-clasico-como-san-luis-el-uni-uni-intentara-empezar-el-despegue","status":"publish","type":"post","link":"https:\/\/eltrabajo.cl\/portal\/ante-un-rival-clasico-como-san-luis-el-uni-uni-intentara-empezar-el-despegue\/","title":{"rendered":"Ante un rival cl\u00e1sico como San Luis el Un\u00ed Un\u00ed intentar\u00e1 empezar el despegue"},"content":{"rendered":"<p style=\"text-align: justify;\">Hoy a las tres y media de la tarde en el Estadio Lucio Fari\u00f1a Fern\u00e1ndez de Quillota, se producir\u00e1 el esperado estreno de la dupla t\u00e9cnica <strong>Acu\u00f1a<\/strong>&#8211;<strong>Suarez<\/strong> al mando del Un\u00ed Un\u00ed. El partido ha adquirido altas cuotas de importancia para la escuadra sanfelipe\u00f1a al estar obligada a sumar para comenzar dejar atr\u00e1s las paup\u00e9rrimas actuaciones que se tradujeron en tres derrotas que lo tienen metido en lo m\u00e1s bajo de la tabla de posiciones, donde incluso es superado por <strong>Lautaro<\/strong> de Buin -equipo que a\u00fan no ha jugado- en una situaci\u00f3n que grafica el mal trabajo que realiz\u00f3 el entrenador trasandino <strong>Tom\u00e1s Arrotea<\/strong>, quien fue despedido durante la semana reci\u00e9n pasada.<\/p>\n<p style=\"text-align: justify;\">Los nuevos adiestradores albirrojos fueron enf\u00e1ticos al se\u00f1alar que el equipo albirrojo no est\u00e1 para experimentos y que por lo mismo volver\u00e1 a su dibujo tradicional, para encontrar una solidez defensiva optima y desde ah\u00ed con m\u00e1s tranquilidad ir en busca del arco contrario.<\/p>\n<p style=\"text-align: justify;\">Una probable formaci\u00f3n para el enfrentamiento contra San Luis ser\u00eda la siguiente: <strong>Lucas Giovini<\/strong>; <strong>Francisco Salinas<\/strong>, <strong>Matias Silva<\/strong>, <strong>Jes\u00fas Pino<\/strong>, <strong>Jos\u00e9 Vargas<\/strong>; <strong>Enzo Orme\u00f1o<\/strong>, <strong>Juan M\u00e9ndez<\/strong>, <strong>Tom\u00e1s Lanzini<\/strong>, <strong>Sebasti\u00e1n Romero<\/strong>, <strong>Bairo Riveros<\/strong>, <strong>Ignacio Mes\u00edas<\/strong>.<\/p>\n<p style=\"text-align: justify;\">El \u00e1rbitro encargado de dirigir las acciones en el pleito de hoy ser\u00e1: <strong>Franco Arru\u00e9<\/strong>, el que ser\u00e1 asistido por los jueces de l\u00ednea: <strong>Diego Gamboa<\/strong>, <strong>Marcia Castillo<\/strong>, adem\u00e1s del cuarto \u00e1rbitro <strong>Gast\u00f3n Philippe<\/strong>.<\/p>\n<p style=\"text-align: justify;\">Programaci\u00f3n fecha 4\u00aa<\/p>\n<p style=\"text-align: justify;\">Lunes 3 de abril<\/p>\n<p style=\"text-align: justify;\">11:00 horas: Magallanes \u2013 Temuco.<\/p>\n<p style=\"text-align: justify;\">12:00 horas: Barnechea \u2013 Deportes Iquique.<\/p>\n<p style=\"text-align: justify;\">12:00 horas: Copiap\u00f3 \u2013 Santiago Morning.<\/p>\n<p style=\"text-align: justify;\">15:30 horas: San Luis \u2013 Uni\u00f3n San Felipe.<\/p>\n<p style=\"text-align: justify;\">18:00 horas: Cobreloa \u2013 Coquimbo Unido.<\/p>\n<p style=\"text-align: justify;\">Partido jugado ayer:<\/p>\n<p style=\"text-align: justify;\">Universidad de Concepci\u00f3n 3 \u2013 Rangers 2.<\/p>\n<figure id=\"attachment_107737\" aria-describedby=\"caption-attachment-107737\" style=\"width: 698px\" class=\"wp-caption alignnone\"><img data-recalc-dims=\"1\" loading=\"lazy\" decoding=\"async\" class=\"size-full wp-image-107737\" src=\"https:\/\/i0.wp.com\/eltrabajo.cl\/portal\/wp-content\/uploads\/2021\/05\/Dupla-Tecnica.jpg?resize=640%2C382&#038;ssl=1\" alt=\"Esta tarde en Quillota se producir\u00e1 el estreno de la dupla t\u00e9cnica compuesta por Jorge Acu\u00f1a y Nicol\u00e1s Suarez. \" width=\"640\" height=\"382\" srcset=\"https:\/\/i0.wp.com\/eltrabajo.cl\/portal\/wp-content\/uploads\/2021\/05\/Dupla-Tecnica.jpg?w=698&amp;ssl=1 698w, https:\/\/i0.wp.com\/eltrabajo.cl\/portal\/wp-content\/uploads\/2021\/05\/Dupla-Tecnica.jpg?resize=300%2C179&amp;ssl=1 300w, https:\/\/i0.wp.com\/eltrabajo.cl\/portal\/wp-content\/uploads\/2021\/05\/Dupla-Tecnica.jpg?resize=200%2C119&amp;ssl=1 200w, https:\/\/i0.wp.com\/eltrabajo.cl\/portal\/wp-content\/uploads\/2021\/05\/Dupla-Tecnica.jpg?resize=696%2C416&amp;ssl=1 696w\" sizes=\"auto, (max-width: 640px) 100vw, 640px\" \/><figcaption id=\"caption-attachment-107737\" class=\"wp-caption-text\">Esta tarde en Quillota se producir\u00e1 el estreno de la dupla t\u00e9cnica compuesta por Jorge Acu\u00f1a y Nicol\u00e1s Suarez.<\/figcaption><\/figure>\n","protected":false},"excerpt":{"rendered":"<p>Hoy a las tres y media de la tarde en el Estadio Lucio Fari\u00f1a Fern\u00e1ndez de Quillota, se producir\u00e1 el esperado estreno de la dupla t\u00e9cnica Acu\u00f1a&#8211;Suarez al mando del Un\u00ed Un\u00ed&#8230;.<\/p>\n","protected":false},"author":482,"featured_media":107737,"comment_status":"closed","ping_status":"open","sticky":false,"template":"","format":"standard","meta":{"advanced_seo_description":"","jetpack_seo_html_title":"","jetpack_seo_noindex":false,"_jetpack_memberships_contains_paid_content":false,"footnotes":""},"categories":[19],"tags":[],"class_list":["post-107736","post","type-post","status-publish","format-standard","has-post-thumbnail","hentry","category-deportes"],"jetpack_featured_media_url":"https:\/\/i0.wp.com\/eltrabajo.cl\/portal\/wp-content\/uploads\/2021\/05\/Dupla-Tecnica.jpg?fit=698%2C417&ssl=1","jetpack_sharing_enabled":true,"jetpack_likes_enabled":true,"jetpack-related-posts":[],"_links":{"self":[{"href":"https:\/\/eltrabajo.cl\/portal\/wp-json\/wp\/v2\/posts\/107736","targetHints":{"allow":["GET"]}}],"collection":[{"href":"https:\/\/eltrabajo.cl\/portal\/wp-json\/wp\/v2\/posts"}],"about":[{"href":"https:\/\/eltrabajo.cl\/portal\/wp-json\/wp\/v2\/types\/post"}],"author":[{"embeddable":true,"href":"https:\/\/eltrabajo.cl\/portal\/wp-json\/wp\/v2\/users\/482"}],"replies":[{"embeddable":true,"href":"https:\/\/eltrabajo.cl\/portal\/wp-json\/wp\/v2\/comments?post=107736"}],"version-history":[{"count":0,"href":"https:\/\/eltrabajo.cl\/portal\/wp-json\/wp\/v2\/posts\/107736\/revisions"}],"wp:featuredmedia":[{"embeddable":true,"href":"https:\/\/eltrabajo.cl\/portal\/wp-json\/wp\/v2\/media\/107737"}],"wp:attachment":[{"href":"https:\/\/eltrabajo.cl\/portal\/wp-json\/wp\/v2\/media?parent=107736"}],"wp:term":[{"taxonomy":"category","embeddable":true,"href":"https:\/\/eltrabajo.cl\/portal\/wp-json\/wp\/v2\/categories?post=107736"},{"taxonomy":"post_tag","embeddable":true,"href":"https:\/\/eltrabajo.cl\/portal\/wp-json\/wp\/v2\/tags?post=107736"}],"curies":[{"name":"wp","href":"https:\/\/api.w.org\/{rel}","templated":true}]}}