{"id":107895,"date":"2021-05-10T07:40:05","date_gmt":"2021-05-10T11:40:05","guid":{"rendered":"https:\/\/www.eltrabajo.cl\/portal\/?p=107895"},"modified":"2021-05-09T22:01:20","modified_gmt":"2021-05-10T02:01:20","slug":"fallecio-el-carabinero-y-folclorista-aconcaguino-pedro-molina-espinoza","status":"publish","type":"post","link":"https:\/\/eltrabajo.cl\/portal\/fallecio-el-carabinero-y-folclorista-aconcaguino-pedro-molina-espinoza\/","title":{"rendered":"Falleci\u00f3 el carabinero y folclorista aconcag\u00fcino Pedro Molina Espinoza"},"content":{"rendered":"<p style=\"text-align: left;\"><span style=\"color: #ff0000;\"><strong>Fue sepultado en Talca este viernes:<\/strong><\/span><\/p>\n<p style=\"text-align: justify;\">Con gran dolor fue despedido este viernes el carabinero y folclorista aconcag\u00fcino <strong>Pedro Ricardo Molina Espinoza<\/strong>, tras sufrir las secuelas del Covid-19, enfermedad que logr\u00f3 superar pero no as\u00ed sus secuelas a la edad de 58 a\u00f1os. Estando en San Felipe Pedro contrajo el virus, ingres\u00f3 a la UCI del Hospital San Camilo, fue entubado y tratado por los m\u00e9dicos, logr\u00f3 recibir el Alta m\u00e9dica, pero a los pocos d\u00edas falleci\u00f3.<\/p>\n<p style=\"text-align: justify;\">\n<p style=\"text-align: justify;\"><span style=\"color: #ff0000;\"><strong>GRAN FOLCLORISTA<\/strong><\/span><\/p>\n<p style=\"text-align: justify;\">Por ser \u00e9l sepultado en Talca, s\u00f3lo se hizo un responso en el Cementerio Parque Almendral en La Troya el viernes temprano, <strong>Diario El Trabajo<\/strong> habl\u00f3 con <strong>Ricardo Carmona Pacheco<\/strong>, presidente de la Agrupaci\u00f3n de Ex-Funcionarios Segunda Comisar\u00eda San Felipe, y amigo de Pedro Molina, quien nos relat\u00f3 detalles de la vida del uniformado, a quien Carabineros de Chile no pudo rendirles los honores correspondencia por la actual contingencia sanitaria, \u00ab<em>Pedrito naci\u00f3 el 26 de marzo de 1963, en San Clemente, Regi\u00f3n del Maule, y falleci\u00f3 este 6 de mayo de 2021, en la celebraci\u00f3n del D\u00eda Mundial del Acorde\u00f3n, fue padre de cuatro hijos: <strong>Nicole<\/strong> la enfermera, <strong>Pedro<\/strong> el dise\u00f1ador gr\u00e1fico, <strong>Germ\u00e1n<\/strong> el egresado de Derecho, y actualmente en su pr\u00e1ctica profesional, y <strong>Natalia<\/strong> la estudiante de segundo a\u00f1o de periodismo<\/em>\u00bb, comenta Carmona.<\/p>\n<p style=\"text-align: justify;\">&#8211; <strong>\u00bfCu\u00e1ndo llega al Valle de Aconcagua este carabinero y folclorista?<\/strong><\/p>\n<p style=\"text-align: justify;\">&#8211; Mi amigo Pedro lleg\u00f3 en 1984 al Grupo de Instrucci\u00f3n de Carabineros de\u00a0\u00a0\u00a0\u00a0\u00a0\u00a0\u00a0\u00a0\u00a0\u00a0 la ciudad de Los Andes, donde comienza su preparaci\u00f3n e inmediatamente es integrado a grupos folcl\u00f3ricos del Instituto Profesional Libertador de Los Andes. A su egreso es designado a la Segunda Comisar\u00eda de San Felipe, viviendo el lema de Carabineros de Chile, \u2018Orden y Patria\u2019, en Santa Mar\u00eda, Curim\u00f3n, Putaendo, Catemu, Llay Llay, y paralelamente viviendo su pasi\u00f3n por la m\u00fasica con su guitarra y acorde\u00f3n.<\/p>\n<p style=\"text-align: justify;\">&#8211; <strong>\u00bfQu\u00e9 tipo de folklore desarrollaba don Pedro en su faceta de artista?<\/strong><\/p>\n<p style=\"text-align: justify;\">&#8211; Pedrito Molina cultiv\u00f3 su pasi\u00f3n por las rancheras y folklore nacional, formando y siendo parte de diferentes\u00a0 grupos folcl\u00f3ricos de la zona de Aconcagua. En su profesi\u00f3n tuvo un trato amable y cordial con la ciudadan\u00eda, siendo destacado en los reconocimientos de aniversario de nuestra ciudad por la Municipalidad de San Felipe. La causa de su partida fue las secuelas que dej\u00f3 en su cuerpo el Covid-19, con una\u00a0 falla sist\u00e9mica de pulm\u00f3n y ri\u00f1\u00f3n.<\/p>\n<p style=\"text-align: justify;\"><strong>Roberto Gonz\u00e1lez Short<\/strong><\/p>\n<figure id=\"attachment_107896\" aria-describedby=\"caption-attachment-107896\" style=\"width: 699px\" class=\"wp-caption alignnone\"><img data-recalc-dims=\"1\" loading=\"lazy\" decoding=\"async\" class=\"size-full wp-image-107896\" src=\"https:\/\/i0.wp.com\/eltrabajo.cl\/portal\/wp-content\/uploads\/2021\/05\/Pedrito1.jpg?resize=640%2C443&#038;ssl=1\" alt=\"REY DEL ACORDE\u00d3N.- Ac\u00e1 lo vemos en las dos facetas m\u00e1s notorias de su vida: Como orgulloso carabinero, y tambi\u00e9n como brillante folclorista.\" width=\"640\" height=\"443\" srcset=\"https:\/\/i0.wp.com\/eltrabajo.cl\/portal\/wp-content\/uploads\/2021\/05\/Pedrito1.jpg?w=699&amp;ssl=1 699w, https:\/\/i0.wp.com\/eltrabajo.cl\/portal\/wp-content\/uploads\/2021\/05\/Pedrito1.jpg?resize=300%2C208&amp;ssl=1 300w, https:\/\/i0.wp.com\/eltrabajo.cl\/portal\/wp-content\/uploads\/2021\/05\/Pedrito1.jpg?resize=200%2C138&amp;ssl=1 200w, https:\/\/i0.wp.com\/eltrabajo.cl\/portal\/wp-content\/uploads\/2021\/05\/Pedrito1.jpg?resize=218%2C150&amp;ssl=1 218w, https:\/\/i0.wp.com\/eltrabajo.cl\/portal\/wp-content\/uploads\/2021\/05\/Pedrito1.jpg?resize=696%2C482&amp;ssl=1 696w\" sizes=\"auto, (max-width: 640px) 100vw, 640px\" \/><figcaption id=\"caption-attachment-107896\" class=\"wp-caption-text\">REY DEL ACORDE\u00d3N.- Ac\u00e1 lo vemos en las dos facetas m\u00e1s notorias de su vida: Como orgulloso carabinero, y tambi\u00e9n como brillante folclorista.<\/figcaption><\/figure>\n<figure id=\"attachment_107898\" aria-describedby=\"caption-attachment-107898\" style=\"width: 699px\" class=\"wp-caption alignnone\"><img data-recalc-dims=\"1\" loading=\"lazy\" decoding=\"async\" class=\"size-full wp-image-107898\" src=\"https:\/\/i0.wp.com\/eltrabajo.cl\/portal\/wp-content\/uploads\/2021\/05\/Pedrito_Ricardo-Carmona.jpg?resize=640%2C766&#038;ssl=1\" alt=\"Ricardo Carmona Pacheco, presidente de la Agrupaci\u00f3n de Ex-Funcionarios Segunda Comisar\u00eda San Felipe, y amigo de Pedro Molina.\" width=\"640\" height=\"766\" srcset=\"https:\/\/i0.wp.com\/eltrabajo.cl\/portal\/wp-content\/uploads\/2021\/05\/Pedrito_Ricardo-Carmona.jpg?w=699&amp;ssl=1 699w, https:\/\/i0.wp.com\/eltrabajo.cl\/portal\/wp-content\/uploads\/2021\/05\/Pedrito_Ricardo-Carmona.jpg?resize=251%2C300&amp;ssl=1 251w, https:\/\/i0.wp.com\/eltrabajo.cl\/portal\/wp-content\/uploads\/2021\/05\/Pedrito_Ricardo-Carmona.jpg?resize=125%2C150&amp;ssl=1 125w, https:\/\/i0.wp.com\/eltrabajo.cl\/portal\/wp-content\/uploads\/2021\/05\/Pedrito_Ricardo-Carmona.jpg?resize=696%2C833&amp;ssl=1 696w\" sizes=\"auto, (max-width: 640px) 100vw, 640px\" \/><figcaption id=\"caption-attachment-107898\" class=\"wp-caption-text\">Ricardo Carmona Pacheco, presidente de la Agrupaci\u00f3n de Ex-Funcionarios Segunda Comisar\u00eda San Felipe, y amigo de Pedro Molina.<\/figcaption><\/figure>\n<figure id=\"attachment_107897\" aria-describedby=\"caption-attachment-107897\" style=\"width: 699px\" class=\"wp-caption alignnone\"><img data-recalc-dims=\"1\" loading=\"lazy\" decoding=\"async\" class=\"size-full wp-image-107897\" src=\"https:\/\/i0.wp.com\/eltrabajo.cl\/portal\/wp-content\/uploads\/2021\/05\/Pedrito_Pedro-Molina.jpg?resize=640%2C884&#038;ssl=1\" alt=\"Pedro Molina Espinoza, muri\u00f3 este jueves a la edad de 58 a\u00f1os.\" width=\"640\" height=\"884\" srcset=\"https:\/\/i0.wp.com\/eltrabajo.cl\/portal\/wp-content\/uploads\/2021\/05\/Pedrito_Pedro-Molina.jpg?w=699&amp;ssl=1 699w, https:\/\/i0.wp.com\/eltrabajo.cl\/portal\/wp-content\/uploads\/2021\/05\/Pedrito_Pedro-Molina.jpg?resize=217%2C300&amp;ssl=1 217w, https:\/\/i0.wp.com\/eltrabajo.cl\/portal\/wp-content\/uploads\/2021\/05\/Pedrito_Pedro-Molina.jpg?resize=109%2C150&amp;ssl=1 109w, https:\/\/i0.wp.com\/eltrabajo.cl\/portal\/wp-content\/uploads\/2021\/05\/Pedrito_Pedro-Molina.jpg?resize=696%2C961&amp;ssl=1 696w\" sizes=\"auto, (max-width: 640px) 100vw, 640px\" \/><figcaption id=\"caption-attachment-107897\" class=\"wp-caption-text\">Pedro Molina Espinoza, muri\u00f3 este jueves a la edad de 58 a\u00f1os.<\/figcaption><\/figure>\n<p style=\"text-align: justify;\">\n","protected":false},"excerpt":{"rendered":"<p>Fue sepultado en Talca este viernes: Con gran dolor fue despedido este viernes el carabinero y folclorista aconcag\u00fcino Pedro Ricardo Molina Espinoza, tras sufrir las secuelas del Covid-19, enfermedad que logr\u00f3 superar&#8230;<\/p>\n","protected":false},"author":482,"featured_media":107896,"comment_status":"closed","ping_status":"open","sticky":false,"template":"","format":"standard","meta":{"advanced_seo_description":"","jetpack_seo_html_title":"","jetpack_seo_noindex":false,"_jetpack_memberships_contains_paid_content":false,"footnotes":""},"categories":[15],"tags":[],"class_list":["post-107895","post","type-post","status-publish","format-standard","has-post-thumbnail","hentry","category-comunidad"],"jetpack_featured_media_url":"https:\/\/i0.wp.com\/eltrabajo.cl\/portal\/wp-content\/uploads\/2021\/05\/Pedrito1.jpg?fit=699%2C484&ssl=1","jetpack_sharing_enabled":true,"jetpack_likes_enabled":true,"jetpack-related-posts":[],"_links":{"self":[{"href":"https:\/\/eltrabajo.cl\/portal\/wp-json\/wp\/v2\/posts\/107895","targetHints":{"allow":["GET"]}}],"collection":[{"href":"https:\/\/eltrabajo.cl\/portal\/wp-json\/wp\/v2\/posts"}],"about":[{"href":"https:\/\/eltrabajo.cl\/portal\/wp-json\/wp\/v2\/types\/post"}],"author":[{"embeddable":true,"href":"https:\/\/eltrabajo.cl\/portal\/wp-json\/wp\/v2\/users\/482"}],"replies":[{"embeddable":true,"href":"https:\/\/eltrabajo.cl\/portal\/wp-json\/wp\/v2\/comments?post=107895"}],"version-history":[{"count":0,"href":"https:\/\/eltrabajo.cl\/portal\/wp-json\/wp\/v2\/posts\/107895\/revisions"}],"wp:featuredmedia":[{"embeddable":true,"href":"https:\/\/eltrabajo.cl\/portal\/wp-json\/wp\/v2\/media\/107896"}],"wp:attachment":[{"href":"https:\/\/eltrabajo.cl\/portal\/wp-json\/wp\/v2\/media?parent=107895"}],"wp:term":[{"taxonomy":"category","embeddable":true,"href":"https:\/\/eltrabajo.cl\/portal\/wp-json\/wp\/v2\/categories?post=107895"},{"taxonomy":"post_tag","embeddable":true,"href":"https:\/\/eltrabajo.cl\/portal\/wp-json\/wp\/v2\/tags?post=107895"}],"curies":[{"name":"wp","href":"https:\/\/api.w.org\/{rel}","templated":true}]}}