{"id":107980,"date":"2021-05-13T07:55:49","date_gmt":"2021-05-13T11:55:49","guid":{"rendered":"https:\/\/www.eltrabajo.cl\/portal\/?p=107980"},"modified":"2021-05-12T21:09:29","modified_gmt":"2021-05-13T01:09:29","slug":"en-pleno-centro-detienen-a-conductor-transitando-en-auto-robado-en-quillota","status":"publish","type":"post","link":"https:\/\/eltrabajo.cl\/portal\/en-pleno-centro-detienen-a-conductor-transitando-en-auto-robado-en-quillota\/","title":{"rendered":"En pleno centro detienen a conductor transitando en auto robado en Quillota"},"content":{"rendered":"<p style=\"text-align: justify;\">Carabineros de San Felipe detuvo a un sujeto que se encontraba conduciendo un autom\u00f3vil encargado por robo desde la comuna de Quillota. Se trata de un hombre de 30 a\u00f1os de edad, de iniciales <strong>J.A.B.T<\/strong>.<\/p>\n<p style=\"text-align: justify;\">La informaci\u00f3n la entreg\u00f3 el comisario de Carabineros de San Felipe, mayor <strong>Cristian Ram\u00edrez Gald\u00e1mez<\/strong>, indicando que este procedimiento se produjo este martes 11 de mayo, <em>\u00abalrededor de las 8:45 horas, personal de poblaci\u00f3n de dotaci\u00f3n de la Segunda Com. San Felipe, mientras realizaba patrullajes preventivos en el sector central de la comuna, procedieron a realizar un control vehicular selectivo a un m\u00f3vil station wagon, marca Kia, modelo Sorento,\u00a0 color negro, espec\u00edficamente en calle Coimas, el cual manten\u00eda un encargo vigente del a\u00f1o 2019 por el delito de Hurto simple, originado en la comuna de Quillota, procediendo a la detenci\u00f3n del conductor identificado con las iniciales J.A.B.T., 30 a\u00f1os, entregando el veh\u00edculo a su due\u00f1o de conformidad a las instrucciones del fiscal de turno\u00bb,<\/em> indic\u00f3 el oficial.<\/p>\n<p style=\"text-align: justify;\">El mayor Ram\u00edrez Gald\u00e1mez aprovech\u00f3 esta oportunidad para informar a la ciudadan\u00eda que <em>\u00abestamos\u00a0realizando campa\u00f1as preventivas respecto a esta materia, servicios focalizados para evitar el robo de veh\u00edculos, adem\u00e1s se hace un llamado a la ciudadan\u00eda, a mantener precauci\u00f3n y adoptar medidas de seguridad para evitar el robo de sus veh\u00edculos, adem\u00e1s de especies al interior de los mismos\u00bb,<\/em> manifest\u00f3.<\/p>\n<p style=\"text-align: justify;\">Reiter\u00f3 que el veh\u00edculo fue entregado a su due\u00f1o por orden del Fiscal de Turno de San Felipe.<\/p>\n<figure id=\"attachment_107981\" aria-describedby=\"caption-attachment-107981\" style=\"width: 699px\" class=\"wp-caption alignnone\"><img data-recalc-dims=\"1\" loading=\"lazy\" decoding=\"async\" class=\"size-full wp-image-107981\" src=\"https:\/\/i0.wp.com\/eltrabajo.cl\/portal\/wp-content\/uploads\/2021\/05\/Auto.jpg?resize=640%2C517&#038;ssl=1\" alt=\"Este es el veh\u00edculo que estaba conduciendo el sujeto de 30 a\u00f1os y que ten\u00eda encargo por hurto.\" width=\"640\" height=\"517\" srcset=\"https:\/\/i0.wp.com\/eltrabajo.cl\/portal\/wp-content\/uploads\/2021\/05\/Auto.jpg?w=699&amp;ssl=1 699w, https:\/\/i0.wp.com\/eltrabajo.cl\/portal\/wp-content\/uploads\/2021\/05\/Auto.jpg?resize=300%2C242&amp;ssl=1 300w, https:\/\/i0.wp.com\/eltrabajo.cl\/portal\/wp-content\/uploads\/2021\/05\/Auto.jpg?resize=186%2C150&amp;ssl=1 186w, https:\/\/i0.wp.com\/eltrabajo.cl\/portal\/wp-content\/uploads\/2021\/05\/Auto.jpg?resize=696%2C563&amp;ssl=1 696w\" sizes=\"auto, (max-width: 640px) 100vw, 640px\" \/><figcaption id=\"caption-attachment-107981\" class=\"wp-caption-text\">Este es el veh\u00edculo que estaba conduciendo el sujeto de 30 a\u00f1os y que ten\u00eda encargo por hurto.<\/figcaption><\/figure>\n","protected":false},"excerpt":{"rendered":"<p>Carabineros de San Felipe detuvo a un sujeto que se encontraba conduciendo un autom\u00f3vil encargado por robo desde la comuna de Quillota. Se trata de un hombre de 30 a\u00f1os de edad,&#8230;<\/p>\n","protected":false},"author":482,"featured_media":107981,"comment_status":"closed","ping_status":"open","sticky":false,"template":"","format":"standard","meta":{"advanced_seo_description":"","jetpack_seo_html_title":"","jetpack_seo_noindex":false,"_jetpack_memberships_contains_paid_content":false,"footnotes":""},"categories":[21],"tags":[],"class_list":["post-107980","post","type-post","status-publish","format-standard","has-post-thumbnail","hentry","category-policial"],"jetpack_featured_media_url":"https:\/\/i0.wp.com\/eltrabajo.cl\/portal\/wp-content\/uploads\/2021\/05\/Auto.jpg?fit=699%2C565&ssl=1","jetpack_sharing_enabled":true,"jetpack_likes_enabled":true,"jetpack-related-posts":[],"_links":{"self":[{"href":"https:\/\/eltrabajo.cl\/portal\/wp-json\/wp\/v2\/posts\/107980","targetHints":{"allow":["GET"]}}],"collection":[{"href":"https:\/\/eltrabajo.cl\/portal\/wp-json\/wp\/v2\/posts"}],"about":[{"href":"https:\/\/eltrabajo.cl\/portal\/wp-json\/wp\/v2\/types\/post"}],"author":[{"embeddable":true,"href":"https:\/\/eltrabajo.cl\/portal\/wp-json\/wp\/v2\/users\/482"}],"replies":[{"embeddable":true,"href":"https:\/\/eltrabajo.cl\/portal\/wp-json\/wp\/v2\/comments?post=107980"}],"version-history":[{"count":0,"href":"https:\/\/eltrabajo.cl\/portal\/wp-json\/wp\/v2\/posts\/107980\/revisions"}],"wp:featuredmedia":[{"embeddable":true,"href":"https:\/\/eltrabajo.cl\/portal\/wp-json\/wp\/v2\/media\/107981"}],"wp:attachment":[{"href":"https:\/\/eltrabajo.cl\/portal\/wp-json\/wp\/v2\/media?parent=107980"}],"wp:term":[{"taxonomy":"category","embeddable":true,"href":"https:\/\/eltrabajo.cl\/portal\/wp-json\/wp\/v2\/categories?post=107980"},{"taxonomy":"post_tag","embeddable":true,"href":"https:\/\/eltrabajo.cl\/portal\/wp-json\/wp\/v2\/tags?post=107980"}],"curies":[{"name":"wp","href":"https:\/\/api.w.org\/{rel}","templated":true}]}}