{"id":108000,"date":"2021-05-14T07:40:48","date_gmt":"2021-05-14T11:40:48","guid":{"rendered":"https:\/\/www.eltrabajo.cl\/portal\/?p=108000"},"modified":"2021-05-13T22:15:31","modified_gmt":"2021-05-14T02:15:31","slug":"choque-frontal-en-sector-chepical-en-tocornal-deja-tres-personas-heridas","status":"publish","type":"post","link":"https:\/\/eltrabajo.cl\/portal\/choque-frontal-en-sector-chepical-en-tocornal-deja-tres-personas-heridas\/","title":{"rendered":"Choque frontal en sector Chepical en Tocornal deja tres personas heridas"},"content":{"rendered":"<p style=\"text-align: justify;\">Una colisi\u00f3n frontal entre dos veh\u00edculos livianos es la que se registr\u00f3 a las 8:45 horas de este jueves en el camino Tocornal, a la altura del sector Chepical. Seg\u00fan informes que est\u00e1n siendo investigados por la SIAT de Carabineros, uno de los conductores que ocasion\u00f3 el accidente viajaba de oriente a poniente, y al perder el control del veh\u00edculo choc\u00f3 al que iba en sentido contrario, de poniente a oriente, quien al ver que el otro veh\u00edculo lo enfrentaba detuvo la marcha y recibi\u00f3 el impacto en el costado izquierdo de la parte delantera, quedando ambos veh\u00edculos con serios da\u00f1os y los ocupantes con lesiones de consideraci\u00f3n.<\/p>\n<p style=\"text-align: justify;\">En total fueron tres personas las atendidas por rescatistas del SAMU.<\/p>\n<p style=\"text-align: justify;\"><strong>Roberto Gonz\u00e1lez Short<br \/>\n<\/strong><strong>Foros: Emergencias Santa Mar\u00eda<\/strong><\/p>\n<figure id=\"attachment_108004\" aria-describedby=\"caption-attachment-108004\" style=\"width: 699px\" class=\"wp-caption alignnone\"><img data-recalc-dims=\"1\" loading=\"lazy\" decoding=\"async\" class=\"size-full wp-image-108004\" src=\"https:\/\/i0.wp.com\/eltrabajo.cl\/portal\/wp-content\/uploads\/2021\/05\/Frontal4.jpg?resize=640%2C419&#038;ssl=1\" alt=\"TR\u00c1NSITO INTERRUMPIDO.- Esta es la escena en panor\u00e1mica, el tr\u00e1nsito se interrumpi\u00f3 por m\u00e1s de media hora en Tocornal Chepical.\" width=\"640\" height=\"419\" srcset=\"https:\/\/i0.wp.com\/eltrabajo.cl\/portal\/wp-content\/uploads\/2021\/05\/Frontal4.jpg?w=699&amp;ssl=1 699w, https:\/\/i0.wp.com\/eltrabajo.cl\/portal\/wp-content\/uploads\/2021\/05\/Frontal4.jpg?resize=300%2C197&amp;ssl=1 300w, https:\/\/i0.wp.com\/eltrabajo.cl\/portal\/wp-content\/uploads\/2021\/05\/Frontal4.jpg?resize=200%2C131&amp;ssl=1 200w, https:\/\/i0.wp.com\/eltrabajo.cl\/portal\/wp-content\/uploads\/2021\/05\/Frontal4.jpg?resize=696%2C456&amp;ssl=1 696w\" sizes=\"auto, (max-width: 640px) 100vw, 640px\" \/><figcaption id=\"caption-attachment-108004\" class=\"wp-caption-text\">TR\u00c1NSITO INTERRUMPIDO.- Esta es la escena en panor\u00e1mica, el tr\u00e1nsito se interrumpi\u00f3 por m\u00e1s de media hora en Tocornal Chepical.<\/figcaption><\/figure>\n<figure id=\"attachment_108003\" aria-describedby=\"caption-attachment-108003\" style=\"width: 699px\" class=\"wp-caption alignnone\"><img data-recalc-dims=\"1\" loading=\"lazy\" decoding=\"async\" class=\"size-full wp-image-108003\" src=\"https:\/\/i0.wp.com\/eltrabajo.cl\/portal\/wp-content\/uploads\/2021\/05\/Frontal3-1.jpg?resize=640%2C454&#038;ssl=1\" alt=\"VIVOS DE MILAGRO.- As\u00ed qued\u00f3 el otro veh\u00edculo, destrozado casi por completo en su parte delantera.\" width=\"640\" height=\"454\" srcset=\"https:\/\/i0.wp.com\/eltrabajo.cl\/portal\/wp-content\/uploads\/2021\/05\/Frontal3-1.jpg?w=699&amp;ssl=1 699w, https:\/\/i0.wp.com\/eltrabajo.cl\/portal\/wp-content\/uploads\/2021\/05\/Frontal3-1.jpg?resize=300%2C213&amp;ssl=1 300w, https:\/\/i0.wp.com\/eltrabajo.cl\/portal\/wp-content\/uploads\/2021\/05\/Frontal3-1.jpg?resize=200%2C142&amp;ssl=1 200w, https:\/\/i0.wp.com\/eltrabajo.cl\/portal\/wp-content\/uploads\/2021\/05\/Frontal3-1.jpg?resize=696%2C494&amp;ssl=1 696w\" sizes=\"auto, (max-width: 640px) 100vw, 640px\" \/><figcaption id=\"caption-attachment-108003\" class=\"wp-caption-text\">VIVOS DE MILAGRO.- As\u00ed qued\u00f3 el otro veh\u00edculo, destrozado casi por completo en su parte delantera.<\/figcaption><\/figure>\n<figure id=\"attachment_108002\" aria-describedby=\"caption-attachment-108002\" style=\"width: 699px\" class=\"wp-caption alignnone\"><img data-recalc-dims=\"1\" loading=\"lazy\" decoding=\"async\" class=\"size-full wp-image-108002\" src=\"https:\/\/i0.wp.com\/eltrabajo.cl\/portal\/wp-content\/uploads\/2021\/05\/Frontal2.jpg?resize=640%2C481&#038;ssl=1\" alt=\"DA\u00d1OS MILLONARIOS.- Los da\u00f1os en este veh\u00edculos son cuantiosos, Carabineros investiga las causas basales de la colisi\u00f3n.\" width=\"640\" height=\"481\" srcset=\"https:\/\/i0.wp.com\/eltrabajo.cl\/portal\/wp-content\/uploads\/2021\/05\/Frontal2.jpg?w=699&amp;ssl=1 699w, https:\/\/i0.wp.com\/eltrabajo.cl\/portal\/wp-content\/uploads\/2021\/05\/Frontal2.jpg?resize=300%2C225&amp;ssl=1 300w, https:\/\/i0.wp.com\/eltrabajo.cl\/portal\/wp-content\/uploads\/2021\/05\/Frontal2.jpg?resize=200%2C150&amp;ssl=1 200w, https:\/\/i0.wp.com\/eltrabajo.cl\/portal\/wp-content\/uploads\/2021\/05\/Frontal2.jpg?resize=696%2C523&amp;ssl=1 696w\" sizes=\"auto, (max-width: 640px) 100vw, 640px\" \/><figcaption id=\"caption-attachment-108002\" class=\"wp-caption-text\">DA\u00d1OS MILLONARIOS.- Los da\u00f1os en este veh\u00edculos son cuantiosos, Carabineros investiga las causas basales de la colisi\u00f3n.<\/figcaption><\/figure>\n<figure id=\"attachment_108001\" aria-describedby=\"caption-attachment-108001\" style=\"width: 698px\" class=\"wp-caption alignnone\"><img data-recalc-dims=\"1\" loading=\"lazy\" decoding=\"async\" class=\"size-full wp-image-108001\" src=\"https:\/\/i0.wp.com\/eltrabajo.cl\/portal\/wp-content\/uploads\/2021\/05\/Frontal1-1.jpg?resize=640%2C412&#038;ssl=1\" alt=\"TRES LESIONADOS.- Rescatistas del SAMU y de Bomberos Santa Mar\u00eda atendieron en el lugar a tres personas con lesiones de mediana consideraci\u00f3n.\" width=\"640\" height=\"412\" srcset=\"https:\/\/i0.wp.com\/eltrabajo.cl\/portal\/wp-content\/uploads\/2021\/05\/Frontal1-1.jpg?w=698&amp;ssl=1 698w, https:\/\/i0.wp.com\/eltrabajo.cl\/portal\/wp-content\/uploads\/2021\/05\/Frontal1-1.jpg?resize=300%2C193&amp;ssl=1 300w, https:\/\/i0.wp.com\/eltrabajo.cl\/portal\/wp-content\/uploads\/2021\/05\/Frontal1-1.jpg?resize=200%2C129&amp;ssl=1 200w, https:\/\/i0.wp.com\/eltrabajo.cl\/portal\/wp-content\/uploads\/2021\/05\/Frontal1-1.jpg?resize=696%2C448&amp;ssl=1 696w\" sizes=\"auto, (max-width: 640px) 100vw, 640px\" \/><figcaption id=\"caption-attachment-108001\" class=\"wp-caption-text\">TRES LESIONADOS.- Rescatistas del SAMU y de Bomberos Santa Mar\u00eda atendieron en el lugar a tres personas con lesiones de mediana consideraci\u00f3n.<\/figcaption><\/figure>\n","protected":false},"excerpt":{"rendered":"<p>Una colisi\u00f3n frontal entre dos veh\u00edculos livianos es la que se registr\u00f3 a las 8:45 horas de este jueves en el camino Tocornal, a la altura del sector Chepical. Seg\u00fan informes que&#8230;<\/p>\n","protected":false},"author":482,"featured_media":108001,"comment_status":"closed","ping_status":"open","sticky":false,"template":"","format":"standard","meta":{"advanced_seo_description":"","jetpack_seo_html_title":"","jetpack_seo_noindex":false,"_jetpack_memberships_contains_paid_content":false,"footnotes":""},"categories":[21],"tags":[],"class_list":["post-108000","post","type-post","status-publish","format-standard","has-post-thumbnail","hentry","category-policial"],"jetpack_featured_media_url":"https:\/\/i0.wp.com\/eltrabajo.cl\/portal\/wp-content\/uploads\/2021\/05\/Frontal1-1.jpg?fit=698%2C449&ssl=1","jetpack_sharing_enabled":true,"jetpack_likes_enabled":true,"jetpack-related-posts":[],"_links":{"self":[{"href":"https:\/\/eltrabajo.cl\/portal\/wp-json\/wp\/v2\/posts\/108000","targetHints":{"allow":["GET"]}}],"collection":[{"href":"https:\/\/eltrabajo.cl\/portal\/wp-json\/wp\/v2\/posts"}],"about":[{"href":"https:\/\/eltrabajo.cl\/portal\/wp-json\/wp\/v2\/types\/post"}],"author":[{"embeddable":true,"href":"https:\/\/eltrabajo.cl\/portal\/wp-json\/wp\/v2\/users\/482"}],"replies":[{"embeddable":true,"href":"https:\/\/eltrabajo.cl\/portal\/wp-json\/wp\/v2\/comments?post=108000"}],"version-history":[{"count":0,"href":"https:\/\/eltrabajo.cl\/portal\/wp-json\/wp\/v2\/posts\/108000\/revisions"}],"wp:featuredmedia":[{"embeddable":true,"href":"https:\/\/eltrabajo.cl\/portal\/wp-json\/wp\/v2\/media\/108001"}],"wp:attachment":[{"href":"https:\/\/eltrabajo.cl\/portal\/wp-json\/wp\/v2\/media?parent=108000"}],"wp:term":[{"taxonomy":"category","embeddable":true,"href":"https:\/\/eltrabajo.cl\/portal\/wp-json\/wp\/v2\/categories?post=108000"},{"taxonomy":"post_tag","embeddable":true,"href":"https:\/\/eltrabajo.cl\/portal\/wp-json\/wp\/v2\/tags?post=108000"}],"curies":[{"name":"wp","href":"https:\/\/api.w.org\/{rel}","templated":true}]}}