{"id":108070,"date":"2021-05-18T07:50:21","date_gmt":"2021-05-18T11:50:21","guid":{"rendered":"https:\/\/www.eltrabajo.cl\/portal\/?p=108070"},"modified":"2021-05-17T22:26:35","modified_gmt":"2021-05-18T02:26:35","slug":"claudio-gomez-unico-constituyente-de-aconcagua-queremos-que-en-la-nueva-constitucion-se-instale-la-region-de-aconcagua","status":"publish","type":"post","link":"https:\/\/eltrabajo.cl\/portal\/claudio-gomez-unico-constituyente-de-aconcagua-queremos-que-en-la-nueva-constitucion-se-instale-la-region-de-aconcagua\/","title":{"rendered":"Claudio G\u00f3mez, \u00fanico constituyente de Aconcagua:\u00a0\u00abQueremos que en la nueva Constituci\u00f3n se instale la regi\u00f3n de Aconcagua\u00bb"},"content":{"rendered":"<ul style=\"text-align: justify;\">\n<li style=\"text-align: left;\"><strong>El abogado que estar\u00e1 entre quienes elaboren la nueva carta magna, se refiri\u00f3 a los desaf\u00edos que vienen de aqu\u00ed en m\u00e1s en la creaci\u00f3n del texto.-<\/strong><\/li>\n<\/ul>\n<p style=\"text-align: justify;\">Abogado, sanfelipe\u00f1o, padre de familia, hincha del \u2018Un\u00ed Un\u00ed\u2019, luchador por la recuperaci\u00f3n de la regi\u00f3n de Aconcagua y defensor de las demandas sociales, y ahora, constituyente. As\u00ed es la vida ahora de <strong>Claudio G\u00f3mez<\/strong>, quien dio la sorpresa y se convirti\u00f3 en el \u00fanico representante de esta tierra en la creaci\u00f3n de la nueva constituci\u00f3n.<\/p>\n<p style=\"text-align: justify;\">Y sorpresa porque para ser sinceros, era muy poco probable que alguien de Aconcagua pudiera ser electo, esto porque la conformaci\u00f3n del distrito 6 hace que se deban obtener una cantidad importante de votos y pelear con los sufragios de zonas m\u00e1s fuertes como el Marga Marga.<\/p>\n<p style=\"text-align: justify;\">Sin embargo, y contra todo pron\u00f3stico, el abogado despleg\u00f3 sus visiones y anhelos, y ese compromiso logr\u00f3 traducirse en votos durante el pasado fin de semana.<\/p>\n<p style=\"text-align: justify;\">Con una lucha contra los nervios y la ansiedad que caprichosamente se extendi\u00f3 hasta la madrugada del lunes, ya con los resultados consumados, conversamos con el <strong>\u2018constituyente de Aconcagua\u2019<\/strong>, sobre c\u00f3mo vivi\u00f3 el proceso y cu\u00e1les son los desaf\u00edos que ahora enfrentar\u00e1.<\/p>\n<p style=\"text-align: justify;\">\u00ab<em>Esta ruta la iniciamos desde hace bastante tiempo, desde la academia, y cuando se da la oportunidad de este proceso, nos dimos cuenta que Aconcagua tiene que estar en esta nueva constituci\u00f3n, porque se lo merece\u00bb,<\/em> se\u00f1al\u00f3 G\u00f3mez.<\/p>\n<p style=\"text-align: justify;\">\u00ab<em>Tuvimos que salir de Aconcagua, pasar el t\u00fanel La Calavera, recorrimos m\u00e1s de tres mil kil\u00f3metros, estuvimos en las 26 comunas del distrito, fue agotador, pero estoy muy contento, porque fue el propio Aconcagua, su gente, la que impuls\u00f3 para que Aconcagua est\u00e9 en la constituci\u00f3n\u00bb,<\/em> agreg\u00f3 el constituyente.<\/p>\n<p style=\"text-align: justify;\">Sobre el porqu\u00e9 de su victoria, Claudio G\u00f3mez cree que <em>\u00abuno de los principales motivos que me llevaron a ser candidato es la regi\u00f3n de Aconcagua. Las constituciones se encargan de reorganizar en t\u00e9rminos pol\u00edticos y administrativos el pa\u00eds, y esta constituci\u00f3n no va a ser la excepci\u00f3n, as\u00ed que esperamos que esto se pueda generar\u00bb.<\/em><\/p>\n<p style=\"text-align: justify;\">Ya con el resultado conocido, Claudio nos cuenta que <em>\u00abestoy tratando de comprender todo lo que pas\u00f3 anoche, hasta las 23:30 est\u00e1bamos ganando la lista, despu\u00e9s salimos, despu\u00e9s volvimos, y reci\u00e9n a las 06:20 de la ma\u00f1ana nos dieron por ganadores, yo no he dormido, estuvimos toda la noche atento a los resultados\u00bb.<\/em><\/p>\n<p style=\"text-align: justify;\">Finalmente, Claudio G\u00f3mez indic\u00f3 que <em>\u00abeste triunfo no es m\u00edo, es de toda la gente y por eso les agradezco la confianza depositada en m\u00ed. Vamos a estar en contacto con la gente mientras se vaya escribiendo esta nueva constituci\u00f3n\u00bb.<\/em><\/p>\n<figure id=\"attachment_108071\" aria-describedby=\"caption-attachment-108071\" style=\"width: 699px\" class=\"wp-caption alignnone\"><img data-recalc-dims=\"1\" loading=\"lazy\" decoding=\"async\" class=\"size-full wp-image-108071\" src=\"https:\/\/i0.wp.com\/eltrabajo.cl\/portal\/wp-content\/uploads\/2021\/05\/claudio-gomez.jpg?resize=640%2C508&#038;ssl=1\" alt=\"De los ocho cupos en disputa por el distrito, Claudio G\u00f3mez fue el \u00fanico constituyente en todo el Valle de Aconcagua.\" width=\"640\" height=\"508\" srcset=\"https:\/\/i0.wp.com\/eltrabajo.cl\/portal\/wp-content\/uploads\/2021\/05\/claudio-gomez.jpg?w=699&amp;ssl=1 699w, https:\/\/i0.wp.com\/eltrabajo.cl\/portal\/wp-content\/uploads\/2021\/05\/claudio-gomez.jpg?resize=300%2C238&amp;ssl=1 300w, https:\/\/i0.wp.com\/eltrabajo.cl\/portal\/wp-content\/uploads\/2021\/05\/claudio-gomez.jpg?resize=189%2C150&amp;ssl=1 189w, https:\/\/i0.wp.com\/eltrabajo.cl\/portal\/wp-content\/uploads\/2021\/05\/claudio-gomez.jpg?resize=696%2C553&amp;ssl=1 696w\" sizes=\"auto, (max-width: 640px) 100vw, 640px\" \/><figcaption id=\"caption-attachment-108071\" class=\"wp-caption-text\">De los ocho cupos en disputa por el distrito, Claudio G\u00f3mez fue el \u00fanico constituyente en todo el Valle de Aconcagua.<\/figcaption><\/figure>\n","protected":false},"excerpt":{"rendered":"<p>El abogado que estar\u00e1 entre quienes elaboren la nueva carta magna, se refiri\u00f3 a los desaf\u00edos que vienen de aqu\u00ed en m\u00e1s en la creaci\u00f3n del texto.- Abogado, sanfelipe\u00f1o, padre de familia,&#8230;<\/p>\n","protected":false},"author":482,"featured_media":108071,"comment_status":"closed","ping_status":"open","sticky":false,"template":"","format":"standard","meta":{"advanced_seo_description":"","jetpack_seo_html_title":"","jetpack_seo_noindex":false,"_jetpack_memberships_contains_paid_content":false,"footnotes":""},"categories":[16],"tags":[],"class_list":["post-108070","post","type-post","status-publish","format-standard","has-post-thumbnail","hentry","category-politica"],"jetpack_featured_media_url":"https:\/\/i0.wp.com\/eltrabajo.cl\/portal\/wp-content\/uploads\/2021\/05\/claudio-gomez.jpg?fit=699%2C555&ssl=1","jetpack_sharing_enabled":true,"jetpack_likes_enabled":true,"jetpack-related-posts":[],"_links":{"self":[{"href":"https:\/\/eltrabajo.cl\/portal\/wp-json\/wp\/v2\/posts\/108070","targetHints":{"allow":["GET"]}}],"collection":[{"href":"https:\/\/eltrabajo.cl\/portal\/wp-json\/wp\/v2\/posts"}],"about":[{"href":"https:\/\/eltrabajo.cl\/portal\/wp-json\/wp\/v2\/types\/post"}],"author":[{"embeddable":true,"href":"https:\/\/eltrabajo.cl\/portal\/wp-json\/wp\/v2\/users\/482"}],"replies":[{"embeddable":true,"href":"https:\/\/eltrabajo.cl\/portal\/wp-json\/wp\/v2\/comments?post=108070"}],"version-history":[{"count":0,"href":"https:\/\/eltrabajo.cl\/portal\/wp-json\/wp\/v2\/posts\/108070\/revisions"}],"wp:featuredmedia":[{"embeddable":true,"href":"https:\/\/eltrabajo.cl\/portal\/wp-json\/wp\/v2\/media\/108071"}],"wp:attachment":[{"href":"https:\/\/eltrabajo.cl\/portal\/wp-json\/wp\/v2\/media?parent=108070"}],"wp:term":[{"taxonomy":"category","embeddable":true,"href":"https:\/\/eltrabajo.cl\/portal\/wp-json\/wp\/v2\/categories?post=108070"},{"taxonomy":"post_tag","embeddable":true,"href":"https:\/\/eltrabajo.cl\/portal\/wp-json\/wp\/v2\/tags?post=108070"}],"curies":[{"name":"wp","href":"https:\/\/api.w.org\/{rel}","templated":true}]}}