{"id":108162,"date":"2021-05-24T07:55:15","date_gmt":"2021-05-24T11:55:15","guid":{"rendered":"https:\/\/www.eltrabajo.cl\/portal\/?p=108162"},"modified":"2021-05-23T21:48:54","modified_gmt":"2021-05-24T01:48:54","slug":"jueza-maria-belen-carvajal-sigue-haciendo-historia-a-nivel-internacional","status":"publish","type":"post","link":"https:\/\/eltrabajo.cl\/portal\/jueza-maria-belen-carvajal-sigue-haciendo-historia-a-nivel-internacional\/","title":{"rendered":"Jueza Mar\u00eda Bel\u00e9n Carvajal sigue haciendo historia a nivel internacional"},"content":{"rendered":"<ul style=\"text-align: justify;\">\n<li style=\"text-align: left;\"><span style=\"color: #000000;\"><strong>La sanfelipe\u00f1a ser\u00e1 ahora parte de la primera cuarteta referil femenina que impartir\u00e1 justicia en un partido de la Copa Libertadores.<\/strong><\/span><\/li>\n<\/ul>\n<p style=\"text-align: justify;\">La juez FIFA internacional aconcag\u00fcina, <strong>Mar\u00eda Bel\u00e9n Carvajal<\/strong>, volvi\u00f3 a inscribir su nombre en la historia del f\u00fatbol chileno a ra\u00edz que la Comisi\u00f3n de \u00c1rbitros de la Conmebol la incluy\u00f3 dentro del primer equipo de arbitras que dirigir\u00e1 un partido de varones de la Copa Libertadores de Am\u00e9rica.<\/p>\n<p style=\"text-align: justify;\">Junto a Mar\u00eda Bel\u00e9n Carvajal estar\u00e1 la tambi\u00e9n chilena <strong>Cindy Nahuelcoy<\/strong>, quien cumplir\u00e1 funciones como Asistente 2\u00ba en el duelo que animar\u00e1n Defensa y Justicia de Argentina e Independiente del Valle de Ecuador.<\/p>\n<p style=\"text-align: justify;\">Esta ser\u00e1 la primera ocasi\u00f3n en que \u00e1rbitras chilenas dirigir\u00e1n un encuentro internacional de varones, a lo que se agrega otro dato no menor y m\u00e1s relevante a\u00fan, como es el que junto a las brasile\u00f1as <strong>Edina Alves<\/strong> (principal) y <strong>Neuza Back<\/strong> (1\u00ba asistente), pasar\u00e1n a la historia del balompi\u00e9 sudamericano como la primera cuarteta de juezas que dirigir\u00e1 en la m\u00e1xima competencia de clubes del continente.<\/p>\n<p style=\"text-align: justify;\">Sobre esta nominaci\u00f3n, Mar\u00eda Bel\u00e9n Carvajal no ocult\u00f3 su satisfacci\u00f3n declarando lo siguiente: \u00ab<em>Estoy feliz por la noticia; es un gran desaf\u00edo y doy gracias por las oportunidades que se est\u00e1n dando. Ahora a demostrar las capacidades<\/em>\u00bb.<\/p>\n<figure id=\"attachment_108164\" aria-describedby=\"caption-attachment-108164\" style=\"width: 699px\" class=\"wp-caption alignnone\"><img data-recalc-dims=\"1\" loading=\"lazy\" decoding=\"async\" class=\"size-full wp-image-108164\" src=\"https:\/\/i0.wp.com\/eltrabajo.cl\/portal\/wp-content\/uploads\/2021\/05\/Maria-Belen.jpg?resize=640%2C767&#038;ssl=1\" alt=\"La sanfelipe\u00f1a Mar\u00eda Bel\u00e9n Carvajal ser\u00e1 parte del primer equipo de arbitras que dirigir\u00e1 en la Conmebol Libertadores. \" width=\"640\" height=\"767\" srcset=\"https:\/\/i0.wp.com\/eltrabajo.cl\/portal\/wp-content\/uploads\/2021\/05\/Maria-Belen.jpg?w=699&amp;ssl=1 699w, https:\/\/i0.wp.com\/eltrabajo.cl\/portal\/wp-content\/uploads\/2021\/05\/Maria-Belen.jpg?resize=250%2C300&amp;ssl=1 250w, https:\/\/i0.wp.com\/eltrabajo.cl\/portal\/wp-content\/uploads\/2021\/05\/Maria-Belen.jpg?resize=125%2C150&amp;ssl=1 125w, https:\/\/i0.wp.com\/eltrabajo.cl\/portal\/wp-content\/uploads\/2021\/05\/Maria-Belen.jpg?resize=696%2C834&amp;ssl=1 696w\" sizes=\"auto, (max-width: 640px) 100vw, 640px\" \/><figcaption id=\"caption-attachment-108164\" class=\"wp-caption-text\">La sanfelipe\u00f1a Mar\u00eda Bel\u00e9n Carvajal ser\u00e1 parte del primer equipo de arbitras que dirigir\u00e1 en la Conmebol Libertadores.<\/figcaption><\/figure>\n","protected":false},"excerpt":{"rendered":"<p>La sanfelipe\u00f1a ser\u00e1 ahora parte de la primera cuarteta referil femenina que impartir\u00e1 justicia en un partido de la Copa Libertadores. La juez FIFA internacional aconcag\u00fcina, Mar\u00eda Bel\u00e9n Carvajal, volvi\u00f3 a inscribir&#8230;<\/p>\n","protected":false},"author":482,"featured_media":108163,"comment_status":"closed","ping_status":"open","sticky":false,"template":"","format":"standard","meta":{"advanced_seo_description":"","jetpack_seo_html_title":"","jetpack_seo_noindex":false,"_jetpack_memberships_contains_paid_content":false,"footnotes":""},"categories":[19],"tags":[],"class_list":["post-108162","post","type-post","status-publish","format-standard","has-post-thumbnail","hentry","category-deportes"],"jetpack_featured_media_url":"https:\/\/i0.wp.com\/eltrabajo.cl\/portal\/wp-content\/uploads\/2021\/05\/Maria-Belen-copia.jpg?fit=700%2C606&ssl=1","jetpack_sharing_enabled":true,"jetpack_likes_enabled":true,"jetpack-related-posts":[],"_links":{"self":[{"href":"https:\/\/eltrabajo.cl\/portal\/wp-json\/wp\/v2\/posts\/108162","targetHints":{"allow":["GET"]}}],"collection":[{"href":"https:\/\/eltrabajo.cl\/portal\/wp-json\/wp\/v2\/posts"}],"about":[{"href":"https:\/\/eltrabajo.cl\/portal\/wp-json\/wp\/v2\/types\/post"}],"author":[{"embeddable":true,"href":"https:\/\/eltrabajo.cl\/portal\/wp-json\/wp\/v2\/users\/482"}],"replies":[{"embeddable":true,"href":"https:\/\/eltrabajo.cl\/portal\/wp-json\/wp\/v2\/comments?post=108162"}],"version-history":[{"count":0,"href":"https:\/\/eltrabajo.cl\/portal\/wp-json\/wp\/v2\/posts\/108162\/revisions"}],"wp:featuredmedia":[{"embeddable":true,"href":"https:\/\/eltrabajo.cl\/portal\/wp-json\/wp\/v2\/media\/108163"}],"wp:attachment":[{"href":"https:\/\/eltrabajo.cl\/portal\/wp-json\/wp\/v2\/media?parent=108162"}],"wp:term":[{"taxonomy":"category","embeddable":true,"href":"https:\/\/eltrabajo.cl\/portal\/wp-json\/wp\/v2\/categories?post=108162"},{"taxonomy":"post_tag","embeddable":true,"href":"https:\/\/eltrabajo.cl\/portal\/wp-json\/wp\/v2\/tags?post=108162"}],"curies":[{"name":"wp","href":"https:\/\/api.w.org\/{rel}","templated":true}]}}