{"id":108224,"date":"2021-05-26T07:55:41","date_gmt":"2021-05-26T11:55:41","guid":{"rendered":"https:\/\/www.eltrabajo.cl\/portal\/?p=108224"},"modified":"2021-05-25T21:13:43","modified_gmt":"2021-05-26T01:13:43","slug":"victor-caballero-asumio-como-director-de-asociacion-de-boxeo-de-santiago","status":"publish","type":"post","link":"https:\/\/eltrabajo.cl\/portal\/victor-caballero-asumio-como-director-de-asociacion-de-boxeo-de-santiago\/","title":{"rendered":"V\u00edctor Caballero asumi\u00f3 como Director de la Asociaci\u00f3n de Boxeo de Santiago"},"content":{"rendered":"<p style=\"text-align: justify;\">El fundador del Club Deportivo Marcela Sabaj, <strong>V\u00edctor Caballero<\/strong>, fue elegido recientemente como Secretario de la Asociaci\u00f3n Deportiva Regional de Boxeo de Santiago, la organizaci\u00f3n boxeril m\u00e1s importante del pa\u00eds.<\/p>\n<p style=\"text-align: justify;\">Los integrantes del club Marcela Sabaj ven este logro del maestro y entrenador como un reconocimiento a su extensa trayectoria deportiva en la que se ha dedicado a formar a cientos de ni\u00f1os y ni\u00f1as.<\/p>\n<p style=\"text-align: justify;\">En t\u00e9rminos concretos y pr\u00e1cticos, el que V\u00edctor Caballero asuma dicha funci\u00f3n en la organizaci\u00f3n capitalina se reflejar\u00e1 en que San Felipe y todo el valle de Aconcagua se podr\u00e1n abrir puertas para que se puedan integrar deportistas al box, por lo que la principal meta y objetivo del Maestro Caballero ser\u00e1 potenciar a los j\u00f3venes de la ciudad, entreg\u00e1ndoles una nueva alternativa en el deporte local.<\/p>\n<p style=\"text-align: justify;\">Para el mediano plazo la idea es poder recrear y revivir las jornadas boxeriles de anta\u00f1o, para traer a San Felipe los mejores exponentes del pa\u00eds en esta disciplina para que ellos hagan demostraciones y seminarios, que permitan incentivar a los ni\u00f1os y j\u00f3venes de nuestra zona a incursionar en el boxeo.<\/p>\n<figure id=\"attachment_108226\" aria-describedby=\"caption-attachment-108226\" style=\"width: 699px\" class=\"wp-caption alignnone\"><img data-recalc-dims=\"1\" loading=\"lazy\" decoding=\"async\" class=\"size-full wp-image-108226\" src=\"https:\/\/i0.wp.com\/eltrabajo.cl\/portal\/wp-content\/uploads\/2021\/05\/Victor-Caballero.jpg?resize=640%2C932&#038;ssl=1\" alt=\"El profesor V\u00edctor Caballero dirigiendo a un disc\u00edpulo en un entrenamiento de box.\" width=\"640\" height=\"932\" srcset=\"https:\/\/i0.wp.com\/eltrabajo.cl\/portal\/wp-content\/uploads\/2021\/05\/Victor-Caballero.jpg?w=699&amp;ssl=1 699w, https:\/\/i0.wp.com\/eltrabajo.cl\/portal\/wp-content\/uploads\/2021\/05\/Victor-Caballero.jpg?resize=206%2C300&amp;ssl=1 206w, https:\/\/i0.wp.com\/eltrabajo.cl\/portal\/wp-content\/uploads\/2021\/05\/Victor-Caballero.jpg?resize=103%2C150&amp;ssl=1 103w, https:\/\/i0.wp.com\/eltrabajo.cl\/portal\/wp-content\/uploads\/2021\/05\/Victor-Caballero.jpg?resize=696%2C1014&amp;ssl=1 696w\" sizes=\"auto, (max-width: 640px) 100vw, 640px\" \/><figcaption id=\"caption-attachment-108226\" class=\"wp-caption-text\">El profesor V\u00edctor Caballero dirigiendo a un disc\u00edpulo en un entrenamiento de box.<\/figcaption><\/figure>\n","protected":false},"excerpt":{"rendered":"<p>El fundador del Club Deportivo Marcela Sabaj, V\u00edctor Caballero, fue elegido recientemente como Secretario de la Asociaci\u00f3n Deportiva Regional de Boxeo de Santiago, la organizaci\u00f3n boxeril m\u00e1s importante del pa\u00eds. Los integrantes&#8230;<\/p>\n","protected":false},"author":482,"featured_media":108225,"comment_status":"closed","ping_status":"open","sticky":false,"template":"","format":"standard","meta":{"advanced_seo_description":"","jetpack_seo_html_title":"","jetpack_seo_noindex":false,"_jetpack_memberships_contains_paid_content":false,"footnotes":""},"categories":[19],"tags":[],"class_list":["post-108224","post","type-post","status-publish","format-standard","has-post-thumbnail","hentry","category-deportes"],"jetpack_featured_media_url":"https:\/\/i0.wp.com\/eltrabajo.cl\/portal\/wp-content\/uploads\/2021\/05\/Victor-Caballero-copia.jpg?fit=700%2C514&ssl=1","jetpack_sharing_enabled":true,"jetpack_likes_enabled":true,"jetpack-related-posts":[],"_links":{"self":[{"href":"https:\/\/eltrabajo.cl\/portal\/wp-json\/wp\/v2\/posts\/108224","targetHints":{"allow":["GET"]}}],"collection":[{"href":"https:\/\/eltrabajo.cl\/portal\/wp-json\/wp\/v2\/posts"}],"about":[{"href":"https:\/\/eltrabajo.cl\/portal\/wp-json\/wp\/v2\/types\/post"}],"author":[{"embeddable":true,"href":"https:\/\/eltrabajo.cl\/portal\/wp-json\/wp\/v2\/users\/482"}],"replies":[{"embeddable":true,"href":"https:\/\/eltrabajo.cl\/portal\/wp-json\/wp\/v2\/comments?post=108224"}],"version-history":[{"count":0,"href":"https:\/\/eltrabajo.cl\/portal\/wp-json\/wp\/v2\/posts\/108224\/revisions"}],"wp:featuredmedia":[{"embeddable":true,"href":"https:\/\/eltrabajo.cl\/portal\/wp-json\/wp\/v2\/media\/108225"}],"wp:attachment":[{"href":"https:\/\/eltrabajo.cl\/portal\/wp-json\/wp\/v2\/media?parent=108224"}],"wp:term":[{"taxonomy":"category","embeddable":true,"href":"https:\/\/eltrabajo.cl\/portal\/wp-json\/wp\/v2\/categories?post=108224"},{"taxonomy":"post_tag","embeddable":true,"href":"https:\/\/eltrabajo.cl\/portal\/wp-json\/wp\/v2\/tags?post=108224"}],"curies":[{"name":"wp","href":"https:\/\/api.w.org\/{rel}","templated":true}]}}