{"id":108528,"date":"2021-06-09T07:45:31","date_gmt":"2021-06-09T11:45:31","guid":{"rendered":"https:\/\/www.eltrabajo.cl\/portal\/?p=108528"},"modified":"2021-06-08T23:19:14","modified_gmt":"2021-06-09T03:19:14","slug":"detienen-al-champa-por-apunalar-a-hombre-que-estuvo-a-punto-de-morir","status":"publish","type":"post","link":"https:\/\/eltrabajo.cl\/portal\/detienen-al-champa-por-apunalar-a-hombre-que-estuvo-a-punto-de-morir\/","title":{"rendered":"Detienen al \u2018Champa\u2019 por apu\u00f1alar a\u00a0 hombre que estuvo a punto de morir"},"content":{"rendered":"<p style=\"text-align: left;\"><span style=\"color: #ff0000;\"><strong>Carabineros de Los Andes:<\/strong><\/span><\/p>\n<p style=\"text-align: justify;\">Carabineros de la 3\u00aa Comisar\u00eda de Los Andes detuvo a un hombre por el delito de lesiones de car\u00e1cter reservado propinadas con un arma blanca.<\/p>\n<p style=\"text-align: justify;\">La v\u00edctima ingres\u00f3 al hospital de Los Andes con lesiones, por lo que personal concurri\u00f3 al lugar, obteniendo informaci\u00f3n sobre el agresor que fue identificado a trav\u00e9s de su apodo <strong>\u2018El Champa\u2019<\/strong>.<\/p>\n<p style=\"text-align: justify;\">\u00ab<em>Personal de servicio en la poblaci\u00f3n recibi\u00f3 un comunicado emanado por la central de comunicaciones <\/em>(Cenco Aconcagua),<em> el cual se\u00f1alaba que deb\u00edan trasladarse al Hospital Sam Juan de Dios de Los Andes con la finalidad de verificar una persona adulta, masculina, la cual manten\u00eda una herida corto punzante en el t\u00f3rax atribuible a alguna arma blanca. Al llegar al Hospital constataron la veracidad de los hechos, entrevist\u00e1ndose con la v\u00edctima, la cual se\u00f1al\u00f3 individualizando y sindicando a un individuo en particular, el cual es conocido en el sector, el que habr\u00eda sido la persona quien habr\u00eda generado esta lesi\u00f3n\u00bb,<\/em> se\u00f1al\u00f3 el capit\u00e1n <strong>Felipe Ulloa<\/strong> de la 3\u00aa Comisar\u00eda de Los Andes.<\/p>\n<p style=\"text-align: justify;\">Agreg\u00f3 el capit\u00e1n Ulloa que se procedi\u00f3 a efectuar la fiscalizaci\u00f3n al sujeto denunciado; <em>\u00abdentro de sus vestimentas encontraron el arma blanca que presumiblemente habr\u00eda utilizado para cometer este il\u00edcito. Se procedi\u00f3 a la detenci\u00f3n de \u00e9l, se tom\u00f3 contacto con el fiscal de turno, el cual instruy\u00f3 distintas diligencias las cuales a\u00fan se llevan a cabo con la finalidad de poder establecer fehacientemente la participaci\u00f3n de esta persona en los hechos. El individuo v\u00edctima se mantiene a\u00fan hospitalizado en el Hospital de Los Andes, durante el transcurso de la noche fue intervenido, ya no se encuentra en riesgo vital, y estamos a la espera de la alta m\u00e9dica por parte del nosocomio con la finalidad de ampliar las diligencias que se pueden realizar\u00bb,<\/em> se\u00f1al\u00f3.<\/p>\n<p style=\"text-align: justify;\">El arma blanca corresponde a un cuchillo de 15 cent\u00edmetros con el cual habr\u00eda lesionado a la v\u00edctima.<\/p>\n<p style=\"text-align: justify;\">El sujeto, con antecedentes penales, pasa a control de detenci\u00f3n.<\/p>\n<figure id=\"attachment_108529\" aria-describedby=\"caption-attachment-108529\" style=\"width: 699px\" class=\"wp-caption alignnone\"><img data-recalc-dims=\"1\" loading=\"lazy\" decoding=\"async\" class=\"size-full wp-image-108529\" src=\"https:\/\/i0.wp.com\/www.eltrabajo.cl\/portal\/wp-content\/uploads\/2021\/06\/Cuchillo.jpg?resize=640%2C645&#038;ssl=1\" alt=\"Este es el cuchillo hallado en poder del imputado, el cual habr\u00eda sido usado en la agresi\u00f3n.\" width=\"640\" height=\"645\" srcset=\"https:\/\/i0.wp.com\/eltrabajo.cl\/portal\/wp-content\/uploads\/2021\/06\/Cuchillo.jpg?w=699&amp;ssl=1 699w, https:\/\/i0.wp.com\/eltrabajo.cl\/portal\/wp-content\/uploads\/2021\/06\/Cuchillo.jpg?resize=298%2C300&amp;ssl=1 298w, https:\/\/i0.wp.com\/eltrabajo.cl\/portal\/wp-content\/uploads\/2021\/06\/Cuchillo.jpg?resize=149%2C150&amp;ssl=1 149w, https:\/\/i0.wp.com\/eltrabajo.cl\/portal\/wp-content\/uploads\/2021\/06\/Cuchillo.jpg?resize=696%2C701&amp;ssl=1 696w\" sizes=\"auto, (max-width: 640px) 100vw, 640px\" \/><figcaption id=\"caption-attachment-108529\" class=\"wp-caption-text\">Este es el cuchillo hallado en poder del imputado, el cual habr\u00eda sido usado en la agresi\u00f3n.<\/figcaption><\/figure>\n","protected":false},"excerpt":{"rendered":"<p>Carabineros de Los Andes: Carabineros de la 3\u00aa Comisar\u00eda de Los Andes detuvo a un hombre por el delito de lesiones de car\u00e1cter reservado propinadas con un arma blanca. La v\u00edctima ingres\u00f3&#8230;<\/p>\n","protected":false},"author":482,"featured_media":108529,"comment_status":"closed","ping_status":"open","sticky":false,"template":"","format":"standard","meta":{"advanced_seo_description":"","jetpack_seo_html_title":"","jetpack_seo_noindex":false,"_jetpack_memberships_contains_paid_content":false,"footnotes":""},"categories":[21],"tags":[],"class_list":["post-108528","post","type-post","status-publish","format-standard","has-post-thumbnail","hentry","category-policial"],"jetpack_featured_media_url":"https:\/\/i0.wp.com\/eltrabajo.cl\/portal\/wp-content\/uploads\/2021\/06\/Cuchillo.jpg?fit=699%2C704&ssl=1","jetpack_sharing_enabled":true,"jetpack_likes_enabled":true,"jetpack-related-posts":[],"_links":{"self":[{"href":"https:\/\/eltrabajo.cl\/portal\/wp-json\/wp\/v2\/posts\/108528","targetHints":{"allow":["GET"]}}],"collection":[{"href":"https:\/\/eltrabajo.cl\/portal\/wp-json\/wp\/v2\/posts"}],"about":[{"href":"https:\/\/eltrabajo.cl\/portal\/wp-json\/wp\/v2\/types\/post"}],"author":[{"embeddable":true,"href":"https:\/\/eltrabajo.cl\/portal\/wp-json\/wp\/v2\/users\/482"}],"replies":[{"embeddable":true,"href":"https:\/\/eltrabajo.cl\/portal\/wp-json\/wp\/v2\/comments?post=108528"}],"version-history":[{"count":0,"href":"https:\/\/eltrabajo.cl\/portal\/wp-json\/wp\/v2\/posts\/108528\/revisions"}],"wp:featuredmedia":[{"embeddable":true,"href":"https:\/\/eltrabajo.cl\/portal\/wp-json\/wp\/v2\/media\/108529"}],"wp:attachment":[{"href":"https:\/\/eltrabajo.cl\/portal\/wp-json\/wp\/v2\/media?parent=108528"}],"wp:term":[{"taxonomy":"category","embeddable":true,"href":"https:\/\/eltrabajo.cl\/portal\/wp-json\/wp\/v2\/categories?post=108528"},{"taxonomy":"post_tag","embeddable":true,"href":"https:\/\/eltrabajo.cl\/portal\/wp-json\/wp\/v2\/tags?post=108528"}],"curies":[{"name":"wp","href":"https:\/\/api.w.org\/{rel}","templated":true}]}}