{"id":108534,"date":"2021-06-09T07:55:07","date_gmt":"2021-06-09T11:55:07","guid":{"rendered":"https:\/\/www.eltrabajo.cl\/portal\/?p=108534"},"modified":"2021-06-08T23:27:06","modified_gmt":"2021-06-09T03:27:06","slug":"vecinos-viven-nadando-en-excremento-por-condominio-social-sin-garantias","status":"publish","type":"post","link":"https:\/\/eltrabajo.cl\/portal\/vecinos-viven-nadando-en-excremento-por-condominio-social-sin-garantias\/","title":{"rendered":"Vecinos viven nadando en excremento por condominio social sin garant\u00edas"},"content":{"rendered":"<p style=\"text-align: left;\"><span style=\"color: #ff0000;\"><strong>Constructora quebr\u00f3 y ahora autoridades no responden:<\/strong><\/span><\/p>\n<p style=\"text-align: justify;\"><strong>LOS ANDES.-<\/strong> Un espeluznante caso que hunde en la m\u00e1s angustiosa depresi\u00f3n a cinco familias que viven en bloque 2 del condominio social llamado <strong>\u2018Monte Verde\u2019<\/strong>, en la ciudad de Los Andes, es el que desde hace dos a\u00f1os est\u00e1n sufriendo los propietarios de estos apartamentos. Se trata de un proyecto habitacional que en su momento fue gestionado por el Serviu, entidad de gobierno que recepcion\u00f3 las viviendas y las entreg\u00f3 a sus due\u00f1os.<\/p>\n<p style=\"text-align: justify;\"><span style=\"color: #ff0000;\"><strong>FECAS EN LA PARED<\/strong><\/span><\/p>\n<p style=\"text-align: justify;\">El problema que est\u00e1n viviendo estas familias andinas tiene que ver con las filtraciones que desde varios pisos superiores llegan a convertirse en un calvario de fetidez, agua en las paredes y pisos, pues son aguas negras las que ba\u00f1an los apartamentos inferiores. As\u00ed lo describi\u00f3 <strong>C\u00e9sar Arancibia<\/strong> a <strong>Diario El Trabajo<\/strong>, uno de los afectados, la ma\u00f1ana de este martes.<\/p>\n<p style=\"text-align: justify;\">\u00ab<em>Hace aproximadamente seis a\u00f1os que vivimos en este condominio social llamado \u2018Monte Verde\u2019 ac\u00e1 en Los Andes, y desde hace ya dos a\u00f1os y un poco m\u00e1s hemos estado teniendo muchos problemas con nuestra vivienda, ya que la constructora que hizo estos departamentos los entreg\u00f3 con muchas fallas, y hoy las estamos sufriendo todos los vecinos. Pero hoy los m\u00e1s afectados somos mi madre y yo, ya que hace aproximadamente tres meses est\u00e1 cayendo desde los pisos superiores a nuestro departamento<\/em> (cuatro pisos hacia arriba) <em>aguas servidas con fecas y orines, lo que hace imposible habitarlos<\/em>\u00bb, relat\u00f3 C\u00e9sar desde su silla de ruedas.<\/p>\n<p style=\"text-align: justify;\">&#8211; <strong>\u00bfPor d\u00f3nde sale esta agua contaminada?<\/strong><\/p>\n<p style=\"text-align: justify;\">&#8211; Est\u00e1s aguas servidas corren desde el tubo de descarga de aguas servidas por el pasillo, comedor, dormitorios y cocina, por lo que yo he tenido que abandonar mi vivienda para ir a vivir a una sede social. Mi madre sigue viviendo ah\u00ed porque se niega a abandonar nuestro departamento, que tanto nos cost\u00f3 y que con muchos a\u00f1os de espera y mucho sacrificio logramos tener.<\/p>\n<p style=\"text-align: justify;\">&#8211; <strong>\u00bfUstedes ya solicitaron al Serviu o al Municipio que les den alguna soluci\u00f3n?<\/strong><\/p>\n<p style=\"text-align: justify;\">&#8211; S\u00ed. Hace dos a\u00f1os que hicimos saber de esto a las autoridades, pero nadie hace nada, hace aproximadamente nueve meses vinieron profesionales del Serviu, del Departamento de Obras de la Municipalidad de Los Andes, algunos arquitectos e ingenieros del Serviu, y nos dijeron que necesit\u00e1bamos una soluci\u00f3n urgente y salir de ah\u00ed por el foco infeccioso que hab\u00eda (contagio de hepatitis por la exposici\u00f3n a aguas servidas), pero hasta el momento nadie se ha acercado a darnos una soluci\u00f3n. Hace unos d\u00edas junto a los vecinos del Block 2, donde yo vivo, decidimos denunciar a los medios locales y fue ah\u00ed reci\u00e9n d\u00f3nde se nos han acercado algunas personas para ofrecernos ayuda, pero hasta el momento no hay nada concreto.<\/p>\n<p style=\"text-align: justify;\">&#8211; <strong>\u00bfQu\u00e9 piensas de esta situaci\u00f3n?<\/strong><\/p>\n<p style=\"text-align: justify;\">&#8211; No es justo que tengamos que estar viviendo est\u00e1 situaci\u00f3n s\u00f3lo porque las personas encargadas de fiscalizar, o sea los organismos del Estado, no hacen bien su trabajo, exponiendo a las personas a vivir esto que es indigno para cualquier persona.<\/p>\n<p style=\"text-align: justify;\">&#8211; <strong>\u00bfCu\u00e1ntas personas viven en todo este complejo de torres habitacionales del condominio?<\/strong><\/p>\n<p style=\"text-align: justify;\">&#8211; En el Condominio Monte Verde vivimos aproximadamente 150 familias.<\/p>\n<p style=\"text-align: justify;\">&#8211; <strong>\u00bfY qu\u00e9 pas\u00f3 con la empresa que construy\u00f3 estas viviendas, alguna garant\u00eda?<\/strong><\/p>\n<p style=\"text-align: justify;\">&#8211; Esa empresa quebr\u00f3, por lo tanto no se pudo hacer efectiva la garant\u00eda, estamos nosotros solos, nadie nos ayuda; la autoridad dice que nos va a venir a ayudar, que en este caso el Departamento de Obras del Municipio, pero hasta el momento no hay nada concreto.<\/p>\n<p style=\"text-align: justify;\">&#8211; <strong>\u00bfQu\u00e9 necesitan y qu\u00e9 piden directamente al Serviu, al Municipio y a las autoridades de Salud?<\/strong><\/p>\n<p style=\"text-align: justify;\">&#8211; Directamente pedimos al Serviu, al Municipio o Ministerio de Salud, a quien sea, que nos ayuden y atiendan en este problema, pues el Serviu recepcion\u00f3 este proyecto y ahora poco o nada es lo que han hecho para arreglar la situaci\u00f3n; que el Ministro de Vivienda se haga cargo, que llegue y entienda que esto es una situaci\u00f3n grave la que nos aqueja a todos. Aqu\u00ed hay guag\u00fcitas y adultos mayores, una vecina embarazada, son once ni\u00f1os chicos, yo tambi\u00e9n en silla de ruedas, eso es lo que necesitamos.<\/p>\n<p style=\"text-align: justify;\"><span style=\"color: #ff0000;\"><strong>SERVIU RESPONDE<\/strong><\/span><\/p>\n<p style=\"text-align: justify;\"><strong>Diario El Trabajo<\/strong> logr\u00f3 conseguir una respuesta de la delegada biprovincial del Serviu San Felipe \u2013 Los Andes, <strong>Patricia Boffa Casas<\/strong>, quien indic\u00f3: \u00ab<em>Efectivamente durante la semana pasada el gobernador de Los Andes don Sergio Salazar y el alcalde Manuel Rivera se comunicaron conmigo, por lo que desplegamos un equipo t\u00e9cnico del Serviu al sector de Monte Verde, en ese lugar donde vive don C\u00e9sar Arancibia para poder ver la situaci\u00f3n, constatando que existe una filtraci\u00f3n, pero aqu\u00ed hay un tema muy sensible, se necesita dar mantenimiento a cada torre departamental, es responsabilidad de los mismos vecinos estar revisando y reparando los eventuales da\u00f1os que con los a\u00f1os van surgiendo en sus viviendas. A\u00fan as\u00ed podr\u00edamos apoyarles si se organizan y postulan para <strong>Subsidio de Mejoramiento<\/strong>, formar un comit\u00e9 de mejoramiento y creo que ah\u00ed s\u00ed podr\u00edamos resolver de una forma definitiva este problema<\/em>\u00bb, dijo Boffa.<\/p>\n<p style=\"text-align: justify;\"><strong>Roberto Gonz\u00e1lez Short<\/strong><\/p>\n<p style=\"text-align: justify;\"><strong>ENVIADO ESPECIAL<\/strong><\/p>\n<figure id=\"attachment_108537\" aria-describedby=\"caption-attachment-108537\" style=\"width: 698px\" class=\"wp-caption alignnone\"><img data-recalc-dims=\"1\" loading=\"lazy\" decoding=\"async\" class=\"size-full wp-image-108537\" src=\"https:\/\/i0.wp.com\/www.eltrabajo.cl\/portal\/wp-content\/uploads\/2021\/06\/Fetidez_Clara-Cornejo.jpg?resize=640%2C360&#038;ssl=1\" alt=\"EN PLENA COCINA.- Do\u00f1a Clara Cornejo en el segundo piso, nos muestra c\u00f3mo chorrean las paredes de su cocina, \u00f3xido y otras fragancias se perciben.\" width=\"640\" height=\"360\" srcset=\"https:\/\/i0.wp.com\/eltrabajo.cl\/portal\/wp-content\/uploads\/2021\/06\/Fetidez_Clara-Cornejo.jpg?w=698&amp;ssl=1 698w, https:\/\/i0.wp.com\/eltrabajo.cl\/portal\/wp-content\/uploads\/2021\/06\/Fetidez_Clara-Cornejo.jpg?resize=300%2C169&amp;ssl=1 300w, https:\/\/i0.wp.com\/eltrabajo.cl\/portal\/wp-content\/uploads\/2021\/06\/Fetidez_Clara-Cornejo.jpg?resize=200%2C113&amp;ssl=1 200w, https:\/\/i0.wp.com\/eltrabajo.cl\/portal\/wp-content\/uploads\/2021\/06\/Fetidez_Clara-Cornejo.jpg?resize=696%2C392&amp;ssl=1 696w\" sizes=\"auto, (max-width: 640px) 100vw, 640px\" \/><figcaption id=\"caption-attachment-108537\" class=\"wp-caption-text\">EN PLENA COCINA.- Do\u00f1a Clara Cornejo en el segundo piso, nos muestra c\u00f3mo chorrean las paredes de su cocina, \u00f3xido y otras fragancias se perciben.<\/figcaption><\/figure>\n<figure id=\"attachment_108539\" aria-describedby=\"caption-attachment-108539\" style=\"width: 698px\" class=\"wp-caption alignnone\"><img data-recalc-dims=\"1\" loading=\"lazy\" decoding=\"async\" class=\"size-full wp-image-108539\" src=\"https:\/\/i0.wp.com\/www.eltrabajo.cl\/portal\/wp-content\/uploads\/2021\/06\/Fetidez2.jpg?resize=640%2C360&#038;ssl=1\" alt=\"NADIE DA SOLUCI\u00d3N.- En el pasillo principal de la vivienda de C\u00e9sar Arancibia este es el escenario, su ba\u00f1o y living convertidos en una cloaca.\" width=\"640\" height=\"360\" srcset=\"https:\/\/i0.wp.com\/eltrabajo.cl\/portal\/wp-content\/uploads\/2021\/06\/Fetidez2.jpg?w=698&amp;ssl=1 698w, https:\/\/i0.wp.com\/eltrabajo.cl\/portal\/wp-content\/uploads\/2021\/06\/Fetidez2.jpg?resize=300%2C169&amp;ssl=1 300w, https:\/\/i0.wp.com\/eltrabajo.cl\/portal\/wp-content\/uploads\/2021\/06\/Fetidez2.jpg?resize=200%2C113&amp;ssl=1 200w, https:\/\/i0.wp.com\/eltrabajo.cl\/portal\/wp-content\/uploads\/2021\/06\/Fetidez2.jpg?resize=696%2C392&amp;ssl=1 696w\" sizes=\"auto, (max-width: 640px) 100vw, 640px\" \/><figcaption id=\"caption-attachment-108539\" class=\"wp-caption-text\">NADIE DA SOLUCI\u00d3N.- En el pasillo principal de la vivienda de C\u00e9sar Arancibia este es el escenario, su ba\u00f1o y living convertidos en una cloaca.<\/figcaption><\/figure>\n<figure id=\"attachment_108540\" aria-describedby=\"caption-attachment-108540\" style=\"width: 698px\" class=\"wp-caption alignnone\"><img data-recalc-dims=\"1\" loading=\"lazy\" decoding=\"async\" class=\"size-full wp-image-108540\" src=\"https:\/\/i0.wp.com\/www.eltrabajo.cl\/portal\/wp-content\/uploads\/2021\/06\/Fetidez3.jpg?resize=640%2C360&#038;ssl=1\" alt=\"FECAS AJENAS.- Las paredes de la casa de estos vecinos, en algunas de ellas, ya est\u00e1 podrido, huele muy mal y las fecas est\u00e1n a la vista.\" width=\"640\" height=\"360\" srcset=\"https:\/\/i0.wp.com\/eltrabajo.cl\/portal\/wp-content\/uploads\/2021\/06\/Fetidez3.jpg?w=698&amp;ssl=1 698w, https:\/\/i0.wp.com\/eltrabajo.cl\/portal\/wp-content\/uploads\/2021\/06\/Fetidez3.jpg?resize=300%2C169&amp;ssl=1 300w, https:\/\/i0.wp.com\/eltrabajo.cl\/portal\/wp-content\/uploads\/2021\/06\/Fetidez3.jpg?resize=200%2C113&amp;ssl=1 200w, https:\/\/i0.wp.com\/eltrabajo.cl\/portal\/wp-content\/uploads\/2021\/06\/Fetidez3.jpg?resize=696%2C392&amp;ssl=1 696w\" sizes=\"auto, (max-width: 640px) 100vw, 640px\" \/><figcaption id=\"caption-attachment-108540\" class=\"wp-caption-text\">FECAS AJENAS.- Las paredes de la casa de estos vecinos, en algunas de ellas, ya est\u00e1 podrido, huele muy mal y las fecas est\u00e1n a la vista.<\/figcaption><\/figure>\n<figure id=\"attachment_108536\" aria-describedby=\"caption-attachment-108536\" style=\"width: 699px\" class=\"wp-caption alignnone\"><img data-recalc-dims=\"1\" loading=\"lazy\" decoding=\"async\" class=\"size-full wp-image-108536\" src=\"https:\/\/i0.wp.com\/www.eltrabajo.cl\/portal\/wp-content\/uploads\/2021\/06\/Fetidez_Cesar-Arancibia.jpg?resize=640%2C587&#038;ssl=1\" alt=\"C\u00e9sar Arancibia debi\u00f3 irse a vivir a una sede vecinal, pues su casa est\u00e1 inundada de excrementos de sus vecinos.\" width=\"640\" height=\"587\" srcset=\"https:\/\/i0.wp.com\/eltrabajo.cl\/portal\/wp-content\/uploads\/2021\/06\/Fetidez_Cesar-Arancibia.jpg?w=699&amp;ssl=1 699w, https:\/\/i0.wp.com\/eltrabajo.cl\/portal\/wp-content\/uploads\/2021\/06\/Fetidez_Cesar-Arancibia.jpg?resize=300%2C275&amp;ssl=1 300w, https:\/\/i0.wp.com\/eltrabajo.cl\/portal\/wp-content\/uploads\/2021\/06\/Fetidez_Cesar-Arancibia.jpg?resize=164%2C150&amp;ssl=1 164w, https:\/\/i0.wp.com\/eltrabajo.cl\/portal\/wp-content\/uploads\/2021\/06\/Fetidez_Cesar-Arancibia.jpg?resize=696%2C638&amp;ssl=1 696w\" sizes=\"auto, (max-width: 640px) 100vw, 640px\" \/><figcaption id=\"caption-attachment-108536\" class=\"wp-caption-text\">C\u00e9sar Arancibia debi\u00f3 irse a vivir a una sede vecinal, pues su casa est\u00e1 inundada de excrementos de sus vecinos.<\/figcaption><\/figure>\n<figure id=\"attachment_108535\" aria-describedby=\"caption-attachment-108535\" style=\"width: 698px\" class=\"wp-caption alignnone\"><img data-recalc-dims=\"1\" loading=\"lazy\" decoding=\"async\" class=\"size-full wp-image-108535\" src=\"https:\/\/i0.wp.com\/www.eltrabajo.cl\/portal\/wp-content\/uploads\/2021\/06\/fetides-Portada-fecas.jpg?resize=640%2C411&#038;ssl=1\" alt=\"Estos vecinos est\u00e1n hartos de soportar las filtraciones de aguas servidas, con fecas incluidas, que desde varios pisos superiores llegan hasta sus departamentos. \" width=\"640\" height=\"411\" srcset=\"https:\/\/i0.wp.com\/eltrabajo.cl\/portal\/wp-content\/uploads\/2021\/06\/fetides-Portada-fecas.jpg?w=698&amp;ssl=1 698w, https:\/\/i0.wp.com\/eltrabajo.cl\/portal\/wp-content\/uploads\/2021\/06\/fetides-Portada-fecas.jpg?resize=300%2C193&amp;ssl=1 300w, https:\/\/i0.wp.com\/eltrabajo.cl\/portal\/wp-content\/uploads\/2021\/06\/fetides-Portada-fecas.jpg?resize=200%2C128&amp;ssl=1 200w, https:\/\/i0.wp.com\/eltrabajo.cl\/portal\/wp-content\/uploads\/2021\/06\/fetides-Portada-fecas.jpg?resize=696%2C447&amp;ssl=1 696w\" sizes=\"auto, (max-width: 640px) 100vw, 640px\" \/><figcaption id=\"caption-attachment-108535\" class=\"wp-caption-text\">Estos vecinos est\u00e1n hartos de soportar las filtraciones de aguas servidas, con fecas incluidas, que desde varios pisos superiores llegan hasta sus departamentos.<\/figcaption><\/figure>\n<figure id=\"attachment_108538\" aria-describedby=\"caption-attachment-108538\" style=\"width: 699px\" class=\"wp-caption alignnone\"><img data-recalc-dims=\"1\" loading=\"lazy\" decoding=\"async\" class=\"size-full wp-image-108538\" src=\"https:\/\/i0.wp.com\/www.eltrabajo.cl\/portal\/wp-content\/uploads\/2021\/06\/Fetidez1.jpg?resize=640%2C854&#038;ssl=1\" alt=\"PROTESTA PASIVA.- Esta es la torre 2 del condominio Monte Verde en Los Andes, triste es el escenario.\" width=\"640\" height=\"854\" srcset=\"https:\/\/i0.wp.com\/eltrabajo.cl\/portal\/wp-content\/uploads\/2021\/06\/Fetidez1.jpg?w=699&amp;ssl=1 699w, https:\/\/i0.wp.com\/eltrabajo.cl\/portal\/wp-content\/uploads\/2021\/06\/Fetidez1.jpg?resize=225%2C300&amp;ssl=1 225w, https:\/\/i0.wp.com\/eltrabajo.cl\/portal\/wp-content\/uploads\/2021\/06\/Fetidez1.jpg?resize=112%2C150&amp;ssl=1 112w, https:\/\/i0.wp.com\/eltrabajo.cl\/portal\/wp-content\/uploads\/2021\/06\/Fetidez1.jpg?resize=696%2C929&amp;ssl=1 696w\" sizes=\"auto, (max-width: 640px) 100vw, 640px\" \/><figcaption id=\"caption-attachment-108538\" class=\"wp-caption-text\">PROTESTA PASIVA.- Esta es la torre 2 del condominio Monte Verde en Los Andes, triste es el escenario.<\/figcaption><\/figure>\n","protected":false},"excerpt":{"rendered":"<p>Constructora quebr\u00f3 y ahora autoridades no responden: LOS ANDES.- Un espeluznante caso que hunde en la m\u00e1s angustiosa depresi\u00f3n a cinco familias que viven en bloque 2 del condominio social llamado \u2018Monte&#8230;<\/p>\n","protected":false},"author":482,"featured_media":108535,"comment_status":"closed","ping_status":"open","sticky":false,"template":"","format":"standard","meta":{"advanced_seo_description":"","jetpack_seo_html_title":"","jetpack_seo_noindex":false,"_jetpack_memberships_contains_paid_content":false,"footnotes":""},"categories":[15],"tags":[],"class_list":["post-108534","post","type-post","status-publish","format-standard","has-post-thumbnail","hentry","category-comunidad"],"jetpack_featured_media_url":"https:\/\/i0.wp.com\/eltrabajo.cl\/portal\/wp-content\/uploads\/2021\/06\/fetides-Portada-fecas.jpg?fit=698%2C448&ssl=1","jetpack_sharing_enabled":true,"jetpack_likes_enabled":true,"jetpack-related-posts":[],"_links":{"self":[{"href":"https:\/\/eltrabajo.cl\/portal\/wp-json\/wp\/v2\/posts\/108534","targetHints":{"allow":["GET"]}}],"collection":[{"href":"https:\/\/eltrabajo.cl\/portal\/wp-json\/wp\/v2\/posts"}],"about":[{"href":"https:\/\/eltrabajo.cl\/portal\/wp-json\/wp\/v2\/types\/post"}],"author":[{"embeddable":true,"href":"https:\/\/eltrabajo.cl\/portal\/wp-json\/wp\/v2\/users\/482"}],"replies":[{"embeddable":true,"href":"https:\/\/eltrabajo.cl\/portal\/wp-json\/wp\/v2\/comments?post=108534"}],"version-history":[{"count":0,"href":"https:\/\/eltrabajo.cl\/portal\/wp-json\/wp\/v2\/posts\/108534\/revisions"}],"wp:featuredmedia":[{"embeddable":true,"href":"https:\/\/eltrabajo.cl\/portal\/wp-json\/wp\/v2\/media\/108535"}],"wp:attachment":[{"href":"https:\/\/eltrabajo.cl\/portal\/wp-json\/wp\/v2\/media?parent=108534"}],"wp:term":[{"taxonomy":"category","embeddable":true,"href":"https:\/\/eltrabajo.cl\/portal\/wp-json\/wp\/v2\/categories?post=108534"},{"taxonomy":"post_tag","embeddable":true,"href":"https:\/\/eltrabajo.cl\/portal\/wp-json\/wp\/v2\/tags?post=108534"}],"curies":[{"name":"wp","href":"https:\/\/api.w.org\/{rel}","templated":true}]}}