{"id":108587,"date":"2021-06-10T08:00:00","date_gmt":"2021-06-10T12:00:00","guid":{"rendered":"https:\/\/www.eltrabajo.cl\/portal\/?p=108587"},"modified":"2021-06-09T23:13:52","modified_gmt":"2021-06-10T03:13:52","slug":"atropellan-a-peaton-que-cruzo-sorpresivamente-la-calzada-en-paso-no-autorizado","status":"publish","type":"post","link":"https:\/\/eltrabajo.cl\/portal\/atropellan-a-peaton-que-cruzo-sorpresivamente-la-calzada-en-paso-no-autorizado\/","title":{"rendered":"Atropellan a peat\u00f3n que cruz\u00f3 sorpresivamente la calzada en paso no autorizado"},"content":{"rendered":"<p style=\"text-align: justify;\">Una persona fue atropellada por un taxi b\u00e1sico que se dirig\u00eda desde San Felipe a Putaendo, resultando con lesiones graves, debiendo ser trasladado hasta el Hospital San Camilo donde hasta el cierre de esta edici\u00f3n permanec\u00eda internado.<\/p>\n<p style=\"text-align: justify;\">El accidente se produjo ayer pasado el mediod\u00eda en la Ruta E-71, a la altura del Motel El Bosque. Se trata de un ciudadano haitiano de unos 30 a\u00f1os aproximadamente, que seg\u00fan lo indicado por Carabineros de la SIAT, cruz\u00f3 la calzada en un lugar no habilitado para hacerlo.<\/p>\n<p style=\"text-align: justify;\">En el sitio del suceso se constituyeron los organismos de emergencia junto con personal de la SIAT, en este caso a cargo del teniente <strong>Maximiliano Mu\u00f1oz<\/strong>, quien dijo a nuestro medio que a eso de las 13:00 horas se recibe un llamado a esa unidad especializada con la finalidad de investigar un accidente del tipo atropello con un lesionado grave en la comuna de Putaendo; <em>\u00abuna vez en el lugar se procedi\u00f3 a realizar la investigaci\u00f3n del accidente, donde en una v\u00eda rural, con una pista de circulaci\u00f3n por sentido, el cual no ten\u00eda el lugar donde se efectuara el tr\u00e1nsito del peat\u00f3n en una zona segura, por ende se procedi\u00f3 a hacer un levantamiento de testigos, igual de c\u00e1maras de vigilancia que se encontraban en el interior, la toma de declaraciones, un peritaje mec\u00e1nico, levantamiento planim\u00e9trico del lugar del accidente, pudiendo establecer c\u00f3mo ocurren los hechos\u00bb,<\/em> se\u00f1al\u00f3 el oficial.<\/p>\n<p style=\"text-align: justify;\">&#8211; <strong>Respecto a eso mismo, \u00bfqu\u00e9 se puede decir sobre la din\u00e1mica m\u00e1s o menos de los hechos?<\/strong><\/p>\n<p style=\"text-align: justify;\">&#8211; Se plantea a primera vista, de que efectivamente en el lugar no se encuentran pasos peatonales pr\u00f3ximos al lugar del accidente, por ende el peat\u00f3n efect\u00faa este cruce de calzada por un lugar no habilitado, no pudiendo realizarlo toda vez que no se encuentra autorizado este cruce, siendo atropellado el peat\u00f3n.<\/p>\n<p style=\"text-align: justify;\">Sobre el auto dijo que se trataba de un taxi b\u00e1sico que se encontraba trabajando desde San Felipe hacia Putaendo.<\/p>\n<p style=\"text-align: justify;\">En cuanto al peat\u00f3n herido, se\u00f1al\u00f3 que en un momento se encontr\u00f3 en riesgo vital, pero se logr\u00f3 estabilizar gracias al personal de salud: <em>\u00abLuego de lo anterior se ha mantenido estable, fuera de riesgo vital, sin embargo, la informaci\u00f3n m\u00e1s actualizada la tendr\u00eda personal de salud, pero hasta el momento eso se mantendr\u00eda como informaci\u00f3n por parte del perito\u00bb,<\/em> se\u00f1al\u00f3 el teniente Mu\u00f1oz.<\/p>\n<p style=\"text-align: justify;\">&#8211; <strong>Dec\u00edan que se trataba de un ciudadano haitiano, \u00bfeso es efectivo?<\/strong><\/p>\n<p style=\"text-align: justify;\">&#8211; S\u00ed, efectivamente un ciudadano haitiano, el cual trabajaba en una residencia cercana al lugar del accidente.<\/p>\n<p style=\"text-align: justify;\">El teniente Maximiliano Mu\u00f1oz reiter\u00f3 las recomendaciones para evitar este tipo de accidentes, se\u00f1alando que siempre se deben tomar las precauciones y ver bien por donde van a cruzar, <em>\u00abya que en estos caminos rurales muchas veces no hay pasos peatonales, no obstante, tienen que eliminar toda posibilidad de riesgo al efectuar este cruce de la calzada\u00bb,<\/em> indic\u00f3.<\/p>\n<p style=\"text-align: justify;\">Desde el Hospital San Camilo se\u00f1alaron que la persona hasta eso de las 15:10 horas permanec\u00eda hospitalizada.<\/p>\n<figure id=\"attachment_108588\" aria-describedby=\"caption-attachment-108588\" style=\"width: 698px\" class=\"wp-caption alignnone\"><img data-recalc-dims=\"1\" loading=\"lazy\" decoding=\"async\" class=\"size-full wp-image-108588\" src=\"https:\/\/i0.wp.com\/www.eltrabajo.cl\/portal\/wp-content\/uploads\/2021\/06\/Accidente-2.jpg?resize=640%2C457&#038;ssl=1\" alt=\"Carabineros tambi\u00e9n presente en el sitio del suceso.\" width=\"640\" height=\"457\" srcset=\"https:\/\/i0.wp.com\/eltrabajo.cl\/portal\/wp-content\/uploads\/2021\/06\/Accidente-2.jpg?w=698&amp;ssl=1 698w, https:\/\/i0.wp.com\/eltrabajo.cl\/portal\/wp-content\/uploads\/2021\/06\/Accidente-2.jpg?resize=300%2C214&amp;ssl=1 300w, https:\/\/i0.wp.com\/eltrabajo.cl\/portal\/wp-content\/uploads\/2021\/06\/Accidente-2.jpg?resize=200%2C143&amp;ssl=1 200w, https:\/\/i0.wp.com\/eltrabajo.cl\/portal\/wp-content\/uploads\/2021\/06\/Accidente-2.jpg?resize=696%2C497&amp;ssl=1 696w\" sizes=\"auto, (max-width: 640px) 100vw, 640px\" \/><figcaption id=\"caption-attachment-108588\" class=\"wp-caption-text\">Carabineros tambi\u00e9n presente en el sitio del suceso.<\/figcaption><\/figure>\n<figure id=\"attachment_108589\" aria-describedby=\"caption-attachment-108589\" style=\"width: 699px\" class=\"wp-caption alignnone\"><img data-recalc-dims=\"1\" loading=\"lazy\" decoding=\"async\" class=\"size-full wp-image-108589\" src=\"https:\/\/i0.wp.com\/www.eltrabajo.cl\/portal\/wp-content\/uploads\/2021\/06\/Accidente-3.jpg?resize=640%2C498&#038;ssl=1\" alt=\"El taxi b\u00e1sico involucrado en el accidente result\u00f3 con el parabrisas destruido.\" width=\"640\" height=\"498\" srcset=\"https:\/\/i0.wp.com\/eltrabajo.cl\/portal\/wp-content\/uploads\/2021\/06\/Accidente-3.jpg?w=699&amp;ssl=1 699w, https:\/\/i0.wp.com\/eltrabajo.cl\/portal\/wp-content\/uploads\/2021\/06\/Accidente-3.jpg?resize=300%2C233&amp;ssl=1 300w, https:\/\/i0.wp.com\/eltrabajo.cl\/portal\/wp-content\/uploads\/2021\/06\/Accidente-3.jpg?resize=193%2C150&amp;ssl=1 193w, https:\/\/i0.wp.com\/eltrabajo.cl\/portal\/wp-content\/uploads\/2021\/06\/Accidente-3.jpg?resize=696%2C542&amp;ssl=1 696w\" sizes=\"auto, (max-width: 640px) 100vw, 640px\" \/><figcaption id=\"caption-attachment-108589\" class=\"wp-caption-text\">El taxi b\u00e1sico involucrado en el accidente result\u00f3 con el parabrisas destruido.<\/figcaption><\/figure>\n","protected":false},"excerpt":{"rendered":"<p>Una persona fue atropellada por un taxi b\u00e1sico que se dirig\u00eda desde San Felipe a Putaendo, resultando con lesiones graves, debiendo ser trasladado hasta el Hospital San Camilo donde hasta el cierre&#8230;<\/p>\n","protected":false},"author":482,"featured_media":108589,"comment_status":"closed","ping_status":"open","sticky":false,"template":"","format":"standard","meta":{"advanced_seo_description":"","jetpack_seo_html_title":"","jetpack_seo_noindex":false,"_jetpack_memberships_contains_paid_content":false,"footnotes":""},"categories":[21],"tags":[],"class_list":["post-108587","post","type-post","status-publish","format-standard","has-post-thumbnail","hentry","category-policial"],"jetpack_featured_media_url":"https:\/\/i0.wp.com\/eltrabajo.cl\/portal\/wp-content\/uploads\/2021\/06\/Accidente-3.jpg?fit=699%2C544&ssl=1","jetpack_sharing_enabled":true,"jetpack_likes_enabled":true,"jetpack-related-posts":[],"_links":{"self":[{"href":"https:\/\/eltrabajo.cl\/portal\/wp-json\/wp\/v2\/posts\/108587","targetHints":{"allow":["GET"]}}],"collection":[{"href":"https:\/\/eltrabajo.cl\/portal\/wp-json\/wp\/v2\/posts"}],"about":[{"href":"https:\/\/eltrabajo.cl\/portal\/wp-json\/wp\/v2\/types\/post"}],"author":[{"embeddable":true,"href":"https:\/\/eltrabajo.cl\/portal\/wp-json\/wp\/v2\/users\/482"}],"replies":[{"embeddable":true,"href":"https:\/\/eltrabajo.cl\/portal\/wp-json\/wp\/v2\/comments?post=108587"}],"version-history":[{"count":0,"href":"https:\/\/eltrabajo.cl\/portal\/wp-json\/wp\/v2\/posts\/108587\/revisions"}],"wp:featuredmedia":[{"embeddable":true,"href":"https:\/\/eltrabajo.cl\/portal\/wp-json\/wp\/v2\/media\/108589"}],"wp:attachment":[{"href":"https:\/\/eltrabajo.cl\/portal\/wp-json\/wp\/v2\/media?parent=108587"}],"wp:term":[{"taxonomy":"category","embeddable":true,"href":"https:\/\/eltrabajo.cl\/portal\/wp-json\/wp\/v2\/categories?post=108587"},{"taxonomy":"post_tag","embeddable":true,"href":"https:\/\/eltrabajo.cl\/portal\/wp-json\/wp\/v2\/tags?post=108587"}],"curies":[{"name":"wp","href":"https:\/\/api.w.org\/{rel}","templated":true}]}}