{"id":108595,"date":"2021-06-11T07:40:49","date_gmt":"2021-06-11T11:40:49","guid":{"rendered":"https:\/\/www.eltrabajo.cl\/portal\/?p=108595"},"modified":"2021-06-10T22:40:15","modified_gmt":"2021-06-11T02:40:15","slug":"aconcaguino-arturo-vergara-se-prepara-para-un-nuevo-desafio-de-box","status":"publish","type":"post","link":"https:\/\/eltrabajo.cl\/portal\/aconcaguino-arturo-vergara-se-prepara-para-un-nuevo-desafio-de-box\/","title":{"rendered":"Aconcag\u00fcino Arturo Vergara se prepara para un nuevo desaf\u00edo de Box"},"content":{"rendered":"<p style=\"text-align: justify;\">Entrenando a full para un dif\u00edcil desaf\u00edo agendado para el pr\u00f3ximo s\u00e1bado 19 de junio en la capital, se encuentra el boxeador andino <strong>Arturo Vergara<\/strong>, quien enfrentar\u00e1 a <strong>Enzo Soracco<\/strong> en una pelea pactada a 10 asaltos en la categor\u00eda de los 69 kilos (Welter). <em>\u00abEste combate sali\u00f3 recientemente y claramente ser\u00e1 una buena oportunidad para seguir progresando en esta disciplina\u00bb,<\/em> cont\u00f3 el oriundo de Los Andes a <strong>El Trabajo Deportivo<\/strong>.<\/p>\n<p style=\"text-align: justify;\">En la cita deportiva producida por Eventos Impacto tambi\u00e9n estar\u00e1 <strong>Christian Vega<\/strong>, otro andino que subir\u00e1 al ring para desafiar en un combate de Kick Boxing en la serie de 60 kilos a Nicol\u00e1s Lobos.<\/p>\n<figure id=\"attachment_108596\" aria-describedby=\"caption-attachment-108596\" style=\"width: 699px\" class=\"wp-caption alignnone\"><img data-recalc-dims=\"1\" loading=\"lazy\" decoding=\"async\" class=\"size-full wp-image-108596\" src=\"https:\/\/i0.wp.com\/www.eltrabajo.cl\/portal\/wp-content\/uploads\/2021\/06\/Vergara.jpg?resize=640%2C621&#038;ssl=1\" alt=\"El andino esquivando el golpe de un oponente en una pelea reciente.\" width=\"640\" height=\"621\" srcset=\"https:\/\/i0.wp.com\/eltrabajo.cl\/portal\/wp-content\/uploads\/2021\/06\/Vergara.jpg?w=699&amp;ssl=1 699w, https:\/\/i0.wp.com\/eltrabajo.cl\/portal\/wp-content\/uploads\/2021\/06\/Vergara.jpg?resize=300%2C291&amp;ssl=1 300w, https:\/\/i0.wp.com\/eltrabajo.cl\/portal\/wp-content\/uploads\/2021\/06\/Vergara.jpg?resize=155%2C150&amp;ssl=1 155w, https:\/\/i0.wp.com\/eltrabajo.cl\/portal\/wp-content\/uploads\/2021\/06\/Vergara.jpg?resize=696%2C675&amp;ssl=1 696w\" sizes=\"auto, (max-width: 640px) 100vw, 640px\" \/><figcaption id=\"caption-attachment-108596\" class=\"wp-caption-text\">El andino esquivando el golpe de un oponente en una pelea reciente.<\/figcaption><\/figure>\n","protected":false},"excerpt":{"rendered":"<p>Entrenando a full para un dif\u00edcil desaf\u00edo agendado para el pr\u00f3ximo s\u00e1bado 19 de junio en la capital, se encuentra el boxeador andino Arturo Vergara, quien enfrentar\u00e1 a Enzo Soracco en una&#8230;<\/p>\n","protected":false},"author":482,"featured_media":108596,"comment_status":"closed","ping_status":"open","sticky":false,"template":"","format":"standard","meta":{"advanced_seo_description":"","jetpack_seo_html_title":"","jetpack_seo_noindex":false,"_jetpack_memberships_contains_paid_content":false,"footnotes":""},"categories":[19],"tags":[],"class_list":["post-108595","post","type-post","status-publish","format-standard","has-post-thumbnail","hentry","category-deportes"],"jetpack_featured_media_url":"https:\/\/i0.wp.com\/eltrabajo.cl\/portal\/wp-content\/uploads\/2021\/06\/Vergara.jpg?fit=699%2C678&ssl=1","jetpack_sharing_enabled":true,"jetpack_likes_enabled":true,"jetpack-related-posts":[],"_links":{"self":[{"href":"https:\/\/eltrabajo.cl\/portal\/wp-json\/wp\/v2\/posts\/108595","targetHints":{"allow":["GET"]}}],"collection":[{"href":"https:\/\/eltrabajo.cl\/portal\/wp-json\/wp\/v2\/posts"}],"about":[{"href":"https:\/\/eltrabajo.cl\/portal\/wp-json\/wp\/v2\/types\/post"}],"author":[{"embeddable":true,"href":"https:\/\/eltrabajo.cl\/portal\/wp-json\/wp\/v2\/users\/482"}],"replies":[{"embeddable":true,"href":"https:\/\/eltrabajo.cl\/portal\/wp-json\/wp\/v2\/comments?post=108595"}],"version-history":[{"count":0,"href":"https:\/\/eltrabajo.cl\/portal\/wp-json\/wp\/v2\/posts\/108595\/revisions"}],"wp:featuredmedia":[{"embeddable":true,"href":"https:\/\/eltrabajo.cl\/portal\/wp-json\/wp\/v2\/media\/108596"}],"wp:attachment":[{"href":"https:\/\/eltrabajo.cl\/portal\/wp-json\/wp\/v2\/media?parent=108595"}],"wp:term":[{"taxonomy":"category","embeddable":true,"href":"https:\/\/eltrabajo.cl\/portal\/wp-json\/wp\/v2\/categories?post=108595"},{"taxonomy":"post_tag","embeddable":true,"href":"https:\/\/eltrabajo.cl\/portal\/wp-json\/wp\/v2\/tags?post=108595"}],"curies":[{"name":"wp","href":"https:\/\/api.w.org\/{rel}","templated":true}]}}