{"id":109004,"date":"2021-07-07T08:00:23","date_gmt":"2021-07-07T12:00:23","guid":{"rendered":"https:\/\/www.eltrabajo.cl\/portal\/?p=109004"},"modified":"2021-07-06T22:14:22","modified_gmt":"2021-07-07T02:14:22","slug":"piden-orar-por-chofer-heroe-que-perdio-una-pierna-en-accidente-vehicular","status":"publish","type":"post","link":"https:\/\/eltrabajo.cl\/portal\/piden-orar-por-chofer-heroe-que-perdio-una-pierna-en-accidente-vehicular\/","title":{"rendered":"Piden orar por chofer \u2018h\u00e9roe\u2019 que perdi\u00f3 una pierna en accidente vehicular"},"content":{"rendered":"<p style=\"text-align: left;\"><span style=\"color: #ff0000;\"><strong>Conductor de Buses Ahumada:<\/strong><\/span><\/p>\n<p style=\"text-align: justify;\">Cadenas de oraci\u00f3n y dadores de sangre est\u00e1n pidiendo para <strong>Rodrigo Mallea Donoso<\/strong>, joven conductor del bus Ahumada que el d\u00eda jueves 1 de julio sufri\u00f3 un accidente cuando iba en direcci\u00f3n a Santiago proveniente de Los Andes, el que trajo como consecuencia que perdiera su pierna derecha luego de efectuar una maniobra que finalmente evit\u00f3 una tragedia mayor.<\/p>\n<p style=\"text-align: justify;\"><strong>Rodrigo Le\u00f3n<\/strong>, amigo de Mallea Donoso, dijo que la situaci\u00f3n es grave: <em>\u00abTodo el mundo sabe que Rodrigo lamentablemente perdi\u00f3 su extremidad derecha, producto de lo mismo se esperaba una recuperaci\u00f3n en las pr\u00f3ximas horas, lamentablemente tuvo un retroceso muy grande, la pierna en ese minuto, hasta anoche <\/em>(domingo),<em> no irrigaba sangre, por lo cual se decidi\u00f3 nuevamente llevarlo a pabell\u00f3n porque en este minuto est\u00e1 en riesgo su vida y lamentablemente esperando que ocurra un milagro y pueda salir delante de este mal momento\u00bb,<\/em> se\u00f1ala su amigo.<\/p>\n<p style=\"text-align: justify;\">De lo malo, Rodrigo Le\u00f3n rescata que favorablemente no tiene da\u00f1os neurol\u00f3gicos ni en su columna, <em>\u00abpero en este minuto no sabe, no ha despertado desde ese d\u00eda que lleg\u00f3 al Hospital\u00bb,<\/em> cuenta Rodrigo Le\u00f3n.<\/p>\n<p style=\"text-align: justify;\">\n<p style=\"text-align: justify;\"><span style=\"color: #ff0000;\">EVIT\u00d3 TRAGEDIA<\/span><\/p>\n<p style=\"text-align: justify;\">Le\u00f3n comenta el accidente donde se vio involucrado su amigo: <em>\u00abEl Rodrigo minutos antes de llegar al cruce Marcoleta, que fue donde ocurri\u00f3 el accidente y que\u00a0 es un cruce muy complicado, un cami\u00f3n \u00be tengo entendido perdi\u00f3 parte de la carga que \u00e9l llevaba, la cual desencaden\u00f3 la tragedia para atr\u00e1s. El cami\u00f3n lamentablemente cargado, hizo una especie de tijeras hacia la tercera pista por donde iba Rodrigo, y Rodrigo lamentablemente no pudo\u2026 Y como dicen ustedes y que yo pienso lo mismo, evit\u00f3 una tragedia mayor\u00bb,<\/em> manifest\u00f3.<\/p>\n<p style=\"text-align: justify;\">&#8211; <strong>\u00bf\u00c9l choca contra un cami\u00f3n que iba adelante?<\/strong><\/p>\n<p style=\"text-align: justify;\">&#8211; Claro, por la parte trasera del cami\u00f3n, y lamentablemente todo el fuerte del impacto hacia el lado de \u00e9l. Las cabinas de los buses, para que la gente entienda un poquito, se separa del sal\u00f3n en este caso a trav\u00e9s de una puerta y lamentablemente los buses est\u00e1n dise\u00f1ados no en una forma muy s\u00f3lida en la parte de adelante, y bueno la fuerza del impacto provoc\u00f3 lo que todos saben.<\/p>\n<p style=\"text-align: justify;\">Reconocen la buena voluntad de personas para ir a donar sangre, ayer se necesitaban 10, pero iban 20 e incluso hab\u00edan m\u00e1s. De hecho, un grupo iba a ir en auto, pero la familia les pidi\u00f3 que se mantuvieran ac\u00e1 porque eventualmente Rodrigo puede volver a necesitar m\u00e1s dadores de sangre, pero por protocolo hay que llevar una lista con todos los datos.<\/p>\n<p style=\"text-align: justify;\">De todas maneras, hay un n\u00famero +56 9 7108 4665 correspondiente a la t\u00eda.<\/p>\n<p style=\"text-align: justify;\">Tambi\u00e9n se est\u00e1n pidiendo cadenas de oraci\u00f3n a las 20 y 22 horas, por su pronta recuperaci\u00f3n.<\/p>\n<p style=\"text-align: justify;\">La familia est\u00e1 muy afectada, es una familia muy unida, muy conocida en Calle Larga:<em> \u00abYo he mantenido la comunicaci\u00f3n con los amigos, los compa\u00f1eros de trabajo, todos los que quieran informarse de todo lo que est\u00e1 pasando con Rodrigo; todos me conocen, los amigos por redes sociales, tel\u00e9fono para el que me quiera llamar, informarse, para eso estamos, para mantener en pie la fe, esperanza, de que podamos sacar esto adelante de alguna u otra manera. Yo como amigo personal de \u00e9l me siento muy afectado por esta situaci\u00f3n, porque a las finales yo tambi\u00e9n soy conductor de bus, tambi\u00e9n soy padre de familia, al igual que \u00e9l, tiene un chico de 6 a\u00f1os que es todo para \u00e9l, un buen hermano, buen hijo, no me queda la menor duda que una mejor persona\u00bb,<\/em> se\u00f1ala Rodrigo Le\u00f3n, amigo del joven conductor herido.<\/p>\n<p style=\"text-align: justify;\">Recordar que el accidente ocurri\u00f3 el d\u00eda jueves 01 de julio en la tarde.<\/p>\n<p style=\"text-align: justify;\">Rodrigo Mallea Donoso, hincha ac\u00e9rrimo de Colo-Colo, padre soltero, tiene un hijo de 6 a\u00f1os que es todo para \u00e9l.<\/p>\n<p style=\"text-align: justify;\">Lo que hemos visto en algunas publicaciones es que ayer tuvo una operaci\u00f3n, muy complicada, pero que sali\u00f3 bien y fue enviado a recuperaci\u00f3n.<\/p>\n<p style=\"text-align: justify;\">Est\u00e1 internado en un centro asistencial en Santiago.<\/p>\n<figure id=\"attachment_109005\" aria-describedby=\"caption-attachment-109005\" style=\"width: 700px\" class=\"wp-caption alignnone\"><img data-recalc-dims=\"1\" loading=\"lazy\" decoding=\"async\" class=\"size-full wp-image-109005\" src=\"https:\/\/i0.wp.com\/www.eltrabajo.cl\/portal\/wp-content\/uploads\/2021\/07\/Rodrigo.jpg?resize=640%2C640&#038;ssl=1\" alt=\"Rodrigo Mallea Donoso, joven conductor de Buses Ahumada que sufri\u00f3 un accidente y la p\u00e9rdida de su pierna derecha.\" width=\"640\" height=\"640\" srcset=\"https:\/\/i0.wp.com\/eltrabajo.cl\/portal\/wp-content\/uploads\/2021\/07\/Rodrigo.jpg?w=700&amp;ssl=1 700w, https:\/\/i0.wp.com\/eltrabajo.cl\/portal\/wp-content\/uploads\/2021\/07\/Rodrigo.jpg?resize=300%2C300&amp;ssl=1 300w, https:\/\/i0.wp.com\/eltrabajo.cl\/portal\/wp-content\/uploads\/2021\/07\/Rodrigo.jpg?resize=150%2C150&amp;ssl=1 150w, https:\/\/i0.wp.com\/eltrabajo.cl\/portal\/wp-content\/uploads\/2021\/07\/Rodrigo.jpg?resize=696%2C696&amp;ssl=1 696w\" sizes=\"auto, (max-width: 640px) 100vw, 640px\" \/><figcaption id=\"caption-attachment-109005\" class=\"wp-caption-text\">Rodrigo Mallea Donoso, joven conductor de Buses Ahumada que sufri\u00f3 un accidente y la p\u00e9rdida de su pierna derecha.<\/figcaption><\/figure>\n","protected":false},"excerpt":{"rendered":"<p>Conductor de Buses Ahumada: Cadenas de oraci\u00f3n y dadores de sangre est\u00e1n pidiendo para Rodrigo Mallea Donoso, joven conductor del bus Ahumada que el d\u00eda jueves 1 de julio sufri\u00f3 un accidente&#8230;<\/p>\n","protected":false},"author":482,"featured_media":109005,"comment_status":"closed","ping_status":"open","sticky":false,"template":"","format":"standard","meta":{"advanced_seo_description":"","jetpack_seo_html_title":"","jetpack_seo_noindex":false,"_jetpack_memberships_contains_paid_content":false,"footnotes":""},"categories":[15],"tags":[],"class_list":["post-109004","post","type-post","status-publish","format-standard","has-post-thumbnail","hentry","category-comunidad"],"jetpack_featured_media_url":"https:\/\/i0.wp.com\/eltrabajo.cl\/portal\/wp-content\/uploads\/2021\/07\/Rodrigo.jpg?fit=700%2C700&ssl=1","jetpack_sharing_enabled":true,"jetpack_likes_enabled":true,"jetpack-related-posts":[],"_links":{"self":[{"href":"https:\/\/eltrabajo.cl\/portal\/wp-json\/wp\/v2\/posts\/109004","targetHints":{"allow":["GET"]}}],"collection":[{"href":"https:\/\/eltrabajo.cl\/portal\/wp-json\/wp\/v2\/posts"}],"about":[{"href":"https:\/\/eltrabajo.cl\/portal\/wp-json\/wp\/v2\/types\/post"}],"author":[{"embeddable":true,"href":"https:\/\/eltrabajo.cl\/portal\/wp-json\/wp\/v2\/users\/482"}],"replies":[{"embeddable":true,"href":"https:\/\/eltrabajo.cl\/portal\/wp-json\/wp\/v2\/comments?post=109004"}],"version-history":[{"count":0,"href":"https:\/\/eltrabajo.cl\/portal\/wp-json\/wp\/v2\/posts\/109004\/revisions"}],"wp:featuredmedia":[{"embeddable":true,"href":"https:\/\/eltrabajo.cl\/portal\/wp-json\/wp\/v2\/media\/109005"}],"wp:attachment":[{"href":"https:\/\/eltrabajo.cl\/portal\/wp-json\/wp\/v2\/media?parent=109004"}],"wp:term":[{"taxonomy":"category","embeddable":true,"href":"https:\/\/eltrabajo.cl\/portal\/wp-json\/wp\/v2\/categories?post=109004"},{"taxonomy":"post_tag","embeddable":true,"href":"https:\/\/eltrabajo.cl\/portal\/wp-json\/wp\/v2\/tags?post=109004"}],"curies":[{"name":"wp","href":"https:\/\/api.w.org\/{rel}","templated":true}]}}