{"id":109089,"date":"2021-07-13T07:45:54","date_gmt":"2021-07-13T11:45:54","guid":{"rendered":"https:\/\/www.eltrabajo.cl\/portal\/?p=109089"},"modified":"2021-07-12T21:59:19","modified_gmt":"2021-07-13T01:59:19","slug":"abrieron-inscripciones-para-torneo-de-tenis-en-el-club-valle-de-aconcagua","status":"publish","type":"post","link":"https:\/\/eltrabajo.cl\/portal\/abrieron-inscripciones-para-torneo-de-tenis-en-el-club-valle-de-aconcagua\/","title":{"rendered":"Abrieron inscripciones para torneo de Tenis en el Club Valle de Aconcagua"},"content":{"rendered":"<p style=\"text-align: justify;\">Hasta el pr\u00f3ximo lunes 19 de julio estar\u00e1n abiertas las inscripciones para los interesados(as) en ser parte del Torneo de Tenis \u2018Abierto Aniversario de San Felipe\u2019 que organizar\u00e1 el Club Valle de Aconcagua.<\/p>\n<p style=\"text-align: justify;\">El evento que contar\u00e1 con el auspicio de la Municipalidad, tendr\u00e1 competencias en las series de Honor, Primera, Segunda, Tercera, Cuarta, Damas y S\u00e9nior. Esto hace evidente que habr\u00e1 una gran cantidad de deportistas, a ra\u00edz que ahora el recinto puede albergar partidos en horario nocturno debido a que sus luminarias fueron repuestas.<\/p>\n<p style=\"text-align: justify;\">Consultado el relacionador p\u00fablico del club Valle de Aconcagua, <strong>Julio Mu\u00f1oz<\/strong>, respecto a cu\u00e1l ser\u00eda el aporte que dar\u00e1 el municipio al campeonato, \u00e9ste cont\u00f3 que el apoyo consistir\u00e1 en trofeos, ornamentaci\u00f3n, implementos de tenis, amplificaci\u00f3n y difusi\u00f3n.<\/p>\n<p style=\"text-align: justify;\">Los tenistas que quieran ser parte de este abierto deber\u00e1n cancelar la suma de $10.000 (diez mil pesos). Mayores informaciones se pueden requerir a los siguientes tel\u00e9fonos: 342 \u2013 291535; 976138859; 992162320.<\/p>\n<figure id=\"attachment_109090\" aria-describedby=\"caption-attachment-109090\" style=\"width: 700px\" class=\"wp-caption alignnone\"><img data-recalc-dims=\"1\" loading=\"lazy\" decoding=\"async\" class=\"size-full wp-image-109090\" src=\"https:\/\/i0.wp.com\/www.eltrabajo.cl\/portal\/wp-content\/uploads\/2021\/07\/Tenis-1.jpg?resize=640%2C555&#038;ssl=1\" alt=\"Hasta el 19 del presente mes estar\u00e1n abiertas las inscripciones para ser parte del Torneo Aniversario de San Felipe.\" width=\"640\" height=\"555\" srcset=\"https:\/\/i0.wp.com\/eltrabajo.cl\/portal\/wp-content\/uploads\/2021\/07\/Tenis-1.jpg?w=700&amp;ssl=1 700w, https:\/\/i0.wp.com\/eltrabajo.cl\/portal\/wp-content\/uploads\/2021\/07\/Tenis-1.jpg?resize=300%2C260&amp;ssl=1 300w, https:\/\/i0.wp.com\/eltrabajo.cl\/portal\/wp-content\/uploads\/2021\/07\/Tenis-1.jpg?resize=173%2C150&amp;ssl=1 173w, https:\/\/i0.wp.com\/eltrabajo.cl\/portal\/wp-content\/uploads\/2021\/07\/Tenis-1.jpg?resize=696%2C604&amp;ssl=1 696w\" sizes=\"auto, (max-width: 640px) 100vw, 640px\" \/><figcaption id=\"caption-attachment-109090\" class=\"wp-caption-text\">Hasta el 19 del presente mes estar\u00e1n abiertas las inscripciones para ser parte del Torneo Aniversario de San Felipe.<\/figcaption><\/figure>\n","protected":false},"excerpt":{"rendered":"<p>Hasta el pr\u00f3ximo lunes 19 de julio estar\u00e1n abiertas las inscripciones para los interesados(as) en ser parte del Torneo de Tenis \u2018Abierto Aniversario de San Felipe\u2019 que organizar\u00e1 el Club Valle de&#8230;<\/p>\n","protected":false},"author":482,"featured_media":109090,"comment_status":"closed","ping_status":"open","sticky":false,"template":"","format":"standard","meta":{"advanced_seo_description":"","jetpack_seo_html_title":"","jetpack_seo_noindex":false,"_jetpack_memberships_contains_paid_content":false,"footnotes":""},"categories":[19],"tags":[],"class_list":["post-109089","post","type-post","status-publish","format-standard","has-post-thumbnail","hentry","category-deportes"],"jetpack_featured_media_url":"https:\/\/i0.wp.com\/eltrabajo.cl\/portal\/wp-content\/uploads\/2021\/07\/Tenis-1.jpg?fit=700%2C607&ssl=1","jetpack_sharing_enabled":true,"jetpack_likes_enabled":true,"jetpack-related-posts":[],"_links":{"self":[{"href":"https:\/\/eltrabajo.cl\/portal\/wp-json\/wp\/v2\/posts\/109089","targetHints":{"allow":["GET"]}}],"collection":[{"href":"https:\/\/eltrabajo.cl\/portal\/wp-json\/wp\/v2\/posts"}],"about":[{"href":"https:\/\/eltrabajo.cl\/portal\/wp-json\/wp\/v2\/types\/post"}],"author":[{"embeddable":true,"href":"https:\/\/eltrabajo.cl\/portal\/wp-json\/wp\/v2\/users\/482"}],"replies":[{"embeddable":true,"href":"https:\/\/eltrabajo.cl\/portal\/wp-json\/wp\/v2\/comments?post=109089"}],"version-history":[{"count":0,"href":"https:\/\/eltrabajo.cl\/portal\/wp-json\/wp\/v2\/posts\/109089\/revisions"}],"wp:featuredmedia":[{"embeddable":true,"href":"https:\/\/eltrabajo.cl\/portal\/wp-json\/wp\/v2\/media\/109090"}],"wp:attachment":[{"href":"https:\/\/eltrabajo.cl\/portal\/wp-json\/wp\/v2\/media?parent=109089"}],"wp:term":[{"taxonomy":"category","embeddable":true,"href":"https:\/\/eltrabajo.cl\/portal\/wp-json\/wp\/v2\/categories?post=109089"},{"taxonomy":"post_tag","embeddable":true,"href":"https:\/\/eltrabajo.cl\/portal\/wp-json\/wp\/v2\/tags?post=109089"}],"curies":[{"name":"wp","href":"https:\/\/api.w.org\/{rel}","templated":true}]}}