{"id":109154,"date":"2021-07-19T07:40:03","date_gmt":"2021-07-19T11:40:03","guid":{"rendered":"https:\/\/www.eltrabajo.cl\/portal\/?p=109154"},"modified":"2021-07-18T20:51:43","modified_gmt":"2021-07-19T00:51:43","slug":"curimon-pide-al-municipio-termine-de-construir-cuartel-de-bomberos","status":"publish","type":"post","link":"https:\/\/eltrabajo.cl\/portal\/curimon-pide-al-municipio-termine-de-construir-cuartel-de-bomberos\/","title":{"rendered":"Curim\u00f3n pide al Municipio termine de construir cuartel de Bomberos"},"content":{"rendered":"<p style=\"text-align: left;\"><span style=\"color: #ff0000;\"><strong>Llevan ya casi dos a\u00f1os sin poder atender con rapidez las emergencias:<\/strong><\/span><\/p>\n<p style=\"text-align: justify;\">Los meses y a\u00f1os contin\u00faan pasando y los m\u00e1s de 30 voluntarios de la Quinta Compa\u00f1\u00eda de Bomberos de San Felipe ubicada en Curim\u00f3n, siguen esperando que las autoridades municipales cumplan de una vez por todas con el compromiso asumido para con los casi 5.000 vecinos de las comunidades de Tierras Blancas, Bucalemu, Curim\u00f3n centro, San Rafael y Los Villares, pues aunque han sido tres los alcaldes quienes han ocupado el m\u00e1ximo cargo en este Municipio, las obras siguen a medio terminar.<\/p>\n<p style=\"text-align: justify;\">\n<p style=\"text-align: justify;\"><span style=\"color: #ff0000;\">A CASI 2 A\u00d1OS<\/span><\/p>\n<p style=\"text-align: justify;\">Es por esta raz\u00f3n que la directora de esta Compa\u00f1\u00eda, <strong>Luisa Garrido<\/strong>, y acompa\u00f1ada de vecinos y voluntarios, se manifestaron la tarde de este s\u00e1bado frente al edificio a medio terminar y del que sus obras est\u00e1n detenidas desde hace varios meses, para presionar en este caso a las autoridades municipales,<\/p>\n<p style=\"text-align: justify;\">\u00ab<em>Somos unos 30 bomberos los que estamos registrados de la Quinta Compa\u00f1\u00eda de Bomberos ac\u00e1 en Curim\u00f3n, de los cuales tenemos unos 26 activo y cuatro que son Miembros Honorarios, a\u00fan as\u00ed y a pesar de no tener nuestro cuartel operativo, salimos a los incendios, hacemos nuestras guardias correspondientes que nos pide la Comandancia, o sea, que seguimos vigentes<\/em>\u00bb, comenta Garrido.<\/p>\n<p style=\"text-align: justify;\">&#8211; <strong>\u00bfCu\u00e1l es el problema que vienen enfrentando con su cuartel?<\/strong><\/p>\n<p style=\"text-align: justify;\">&#8211; A ver, esto viene partiendo del per\u00edodo de don Patricio Freire, cuando se nos ofreci\u00f3 hacer un cuartel nuevo, se supon\u00eda que iba a estar en octubre de 2020, despu\u00e9s se nos dijo que iba a estar en marzo de 2021, y estamos ya terminando julio y a la fecha no hemos tenido respuesta ni tanto del alcalde saliente don Patricio Freire como el que estuvo suplente Cristi\u00e1n Beals y ahora la nueva alcaldesa, ya vamos a pr\u00e1cticamente dos a\u00f1os de esperar cumplir lo que sigue siendo un sue\u00f1o para nosotros, algo que necesit\u00e1bamos ni siquiera es un lujo.<\/p>\n<p style=\"text-align: justify;\">&#8211; <strong>\u00bfCu\u00e1ntos carros tiene la Quinta Compa\u00f1\u00eda?<\/strong><\/p>\n<p style=\"text-align: justify;\">&#8211; Nosotros tenemos tres unidades, un aljibe, una bomba de agua y uno de rescate.<\/p>\n<p style=\"text-align: justify;\">&#8211; <strong>\u00bfC\u00f3mo les ha ido con el Municipio, pudieron ya hablar con la alcaldesa?<\/strong><\/p>\n<p style=\"text-align: justify;\">&#8211; S\u00ed, nuestros oficiales generales y nuestra secretaria general, ella solicit\u00f3 una entrevista con ella, hasta la fecha no ha habido respuesta por parte del Municipio. Todo lo que estamos pidiendo es que por favor, que nos atiendan o den una soluci\u00f3n, porque solamente han sido como se dice en buen chileno, puro paracetamol, porque las autoridades vienen aqu\u00ed a decirnos palabras bonitas y cosas, pero en la pr\u00e1ctica no hay acciones concretas.<\/p>\n<p style=\"text-align: justify;\">&#8211; <strong>\u00bfQu\u00e9 ha pasado con la empresa constructora y el Municipio mismo, por qu\u00e9 no retoman las obras?<\/strong><\/p>\n<p style=\"text-align: justify;\">&#8211; Supuestamente la empresa demand\u00f3 al Municipio, pero ah\u00ed todo es un tiradero de pelota que ya aqu\u00ed afecta a nuestra comunidad, porque nosotros no s\u00f3lo abarcamos Curim\u00f3n, nosotros llegamos hasta Los Villares hasta el cruce de Los Andes, al callej\u00f3n El Sauzal, Tres Esquinas y occidente.<\/p>\n<p style=\"text-align: justify;\">&#8211; <strong>\u00bfC\u00f3mo les viene afectando esta situaci\u00f3n a los propios vecinos del sector?<\/strong><\/p>\n<p style=\"text-align: justify;\">El reciente incendio no lo pudimos atender bien, lamentablemente llegaron tarde los carros de San Felipe por el tema de distancia o el mismo tema del taco vehicular, necesitamos que se nos entregue este cuartel, que adem\u00e1s ya tiene da\u00f1os estructurales y no hay qui\u00e9n d\u00e9 la cara.<\/p>\n<p style=\"text-align: justify;\">\n<p style=\"text-align: justify;\"><span style=\"color: #ff0000;\">VECINOS RECLAMAN<\/span><\/p>\n<p style=\"text-align: justify;\">Tambi\u00e9n <strong>Diario El Trabajo<\/strong> habl\u00f3 con <strong>Eunice Pulgar<\/strong>, quien se expres\u00f3 en nombre de muchos vecinos afectados: \u00ab<em>Estamos con la preocupaci\u00f3n de no tener cuartel, no hay cuartel ni cuartelero, porque no tienen un lugar para estar, segundo punto han habido muchos accidentes, muchas emergencias, incendios, la tardanza de los carros de San Felipe son mucho varios minutos en llegar, ahora \u00faltimo hubo un incendio, lo cual en la casa se consumi\u00f3 completa por el mismo motivo, el tema es que no solamente Curim\u00f3n tiene muchas poblaciones aleda\u00f1as, o sea, no es solamente lo que abarca Curim\u00f3n, tenemos Bucalemu San Rafael Los Villares, entonces la necesidad es muy completa y esto ya nos han llevado en puras palabra y poca soluci\u00f3n, nosotros ya queremos una urgente soluci\u00f3n, ya que no tenemos nuestro cuartel<\/em>\u00bb, dijo la dirigenta.<\/p>\n<p style=\"text-align: justify;\"><strong>Roberto Gonz\u00e1lez Short<\/strong><\/p>\n<figure id=\"attachment_109155\" aria-describedby=\"caption-attachment-109155\" style=\"width: 699px\" class=\"wp-caption alignnone\"><img data-recalc-dims=\"1\" loading=\"lazy\" decoding=\"async\" class=\"size-full wp-image-109155\" src=\"https:\/\/i0.wp.com\/www.eltrabajo.cl\/portal\/wp-content\/uploads\/2021\/07\/Cuartel1.jpg?resize=640%2C360&#038;ssl=1\" alt=\"TRISTEMENTE C\u00c9LEBRE.- As\u00ed luce las obras a medio terminar del cuartel de la Quinta Compa\u00f1\u00eda de Bomberos San Felipe, en Curim\u00f3n.\" width=\"640\" height=\"360\" srcset=\"https:\/\/i0.wp.com\/eltrabajo.cl\/portal\/wp-content\/uploads\/2021\/07\/Cuartel1.jpg?w=699&amp;ssl=1 699w, https:\/\/i0.wp.com\/eltrabajo.cl\/portal\/wp-content\/uploads\/2021\/07\/Cuartel1.jpg?resize=300%2C169&amp;ssl=1 300w, https:\/\/i0.wp.com\/eltrabajo.cl\/portal\/wp-content\/uploads\/2021\/07\/Cuartel1.jpg?resize=200%2C112&amp;ssl=1 200w, https:\/\/i0.wp.com\/eltrabajo.cl\/portal\/wp-content\/uploads\/2021\/07\/Cuartel1.jpg?resize=696%2C391&amp;ssl=1 696w\" sizes=\"auto, (max-width: 640px) 100vw, 640px\" \/><figcaption id=\"caption-attachment-109155\" class=\"wp-caption-text\">TRISTEMENTE C\u00c9LEBRE.- As\u00ed luce las obras a medio terminar del cuartel de la Quinta Compa\u00f1\u00eda de Bomberos San Felipe, en Curim\u00f3n.<\/figcaption><\/figure>\n<figure id=\"attachment_109156\" aria-describedby=\"caption-attachment-109156\" style=\"width: 699px\" class=\"wp-caption alignnone\"><img data-recalc-dims=\"1\" loading=\"lazy\" decoding=\"async\" class=\"size-full wp-image-109156\" src=\"https:\/\/i0.wp.com\/www.eltrabajo.cl\/portal\/wp-content\/uploads\/2021\/07\/Cuartel2.jpg?resize=640%2C381&#038;ssl=1\" alt=\"PERO NADIE LES RESPONDE.- La tarde de este s\u00e1bado estos bomberos de la Quinta protestaron pac\u00edficamente frente al maltrecho cuartel.\" width=\"640\" height=\"381\" srcset=\"https:\/\/i0.wp.com\/eltrabajo.cl\/portal\/wp-content\/uploads\/2021\/07\/Cuartel2.jpg?w=699&amp;ssl=1 699w, https:\/\/i0.wp.com\/eltrabajo.cl\/portal\/wp-content\/uploads\/2021\/07\/Cuartel2.jpg?resize=300%2C179&amp;ssl=1 300w, https:\/\/i0.wp.com\/eltrabajo.cl\/portal\/wp-content\/uploads\/2021\/07\/Cuartel2.jpg?resize=200%2C119&amp;ssl=1 200w, https:\/\/i0.wp.com\/eltrabajo.cl\/portal\/wp-content\/uploads\/2021\/07\/Cuartel2.jpg?resize=696%2C414&amp;ssl=1 696w\" sizes=\"auto, (max-width: 640px) 100vw, 640px\" \/><figcaption id=\"caption-attachment-109156\" class=\"wp-caption-text\">PERO NADIE LES RESPONDE.- La tarde de este s\u00e1bado estos bomberos de la Quinta protestaron pac\u00edficamente frente al maltrecho cuartel.<\/figcaption><\/figure>\n","protected":false},"excerpt":{"rendered":"<p>Llevan ya casi dos a\u00f1os sin poder atender con rapidez las emergencias: Los meses y a\u00f1os contin\u00faan pasando y los m\u00e1s de 30 voluntarios de la Quinta Compa\u00f1\u00eda de Bomberos de San&#8230;<\/p>\n","protected":false},"author":482,"featured_media":109156,"comment_status":"closed","ping_status":"open","sticky":false,"template":"","format":"standard","meta":{"advanced_seo_description":"","jetpack_seo_html_title":"","jetpack_seo_noindex":false,"_jetpack_memberships_contains_paid_content":false,"footnotes":""},"categories":[15],"tags":[],"class_list":["post-109154","post","type-post","status-publish","format-standard","has-post-thumbnail","hentry","category-comunidad"],"jetpack_featured_media_url":"https:\/\/i0.wp.com\/eltrabajo.cl\/portal\/wp-content\/uploads\/2021\/07\/Cuartel2.jpg?fit=699%2C416&ssl=1","jetpack_sharing_enabled":true,"jetpack_likes_enabled":true,"jetpack-related-posts":[],"_links":{"self":[{"href":"https:\/\/eltrabajo.cl\/portal\/wp-json\/wp\/v2\/posts\/109154","targetHints":{"allow":["GET"]}}],"collection":[{"href":"https:\/\/eltrabajo.cl\/portal\/wp-json\/wp\/v2\/posts"}],"about":[{"href":"https:\/\/eltrabajo.cl\/portal\/wp-json\/wp\/v2\/types\/post"}],"author":[{"embeddable":true,"href":"https:\/\/eltrabajo.cl\/portal\/wp-json\/wp\/v2\/users\/482"}],"replies":[{"embeddable":true,"href":"https:\/\/eltrabajo.cl\/portal\/wp-json\/wp\/v2\/comments?post=109154"}],"version-history":[{"count":0,"href":"https:\/\/eltrabajo.cl\/portal\/wp-json\/wp\/v2\/posts\/109154\/revisions"}],"wp:featuredmedia":[{"embeddable":true,"href":"https:\/\/eltrabajo.cl\/portal\/wp-json\/wp\/v2\/media\/109156"}],"wp:attachment":[{"href":"https:\/\/eltrabajo.cl\/portal\/wp-json\/wp\/v2\/media?parent=109154"}],"wp:term":[{"taxonomy":"category","embeddable":true,"href":"https:\/\/eltrabajo.cl\/portal\/wp-json\/wp\/v2\/categories?post=109154"},{"taxonomy":"post_tag","embeddable":true,"href":"https:\/\/eltrabajo.cl\/portal\/wp-json\/wp\/v2\/tags?post=109154"}],"curies":[{"name":"wp","href":"https:\/\/api.w.org\/{rel}","templated":true}]}}