{"id":109167,"date":"2021-07-19T08:00:21","date_gmt":"2021-07-19T12:00:21","guid":{"rendered":"https:\/\/www.eltrabajo.cl\/portal\/?p=109167"},"modified":"2021-07-20T21:39:05","modified_gmt":"2021-07-21T01:39:05","slug":"cinco-personas-resultaron-heridas-es-accidente-multiple-en-autopista-60-ch","status":"publish","type":"post","link":"https:\/\/eltrabajo.cl\/portal\/cinco-personas-resultaron-heridas-es-accidente-multiple-en-autopista-60-ch\/","title":{"rendered":"Cinco personas resultaron heridas en accidente m\u00faltiple en Autopista 60 CH"},"content":{"rendered":"<p style=\"text-align: left;\"><span style=\"color: #ff0000;\"><strong>P\u00e9rdidas totales en cinco autos de alta gama:<\/strong><\/span><\/p>\n<p style=\"text-align: justify;\">Una m\u00faltiple colisi\u00f3n vehicular a la altura del kil\u00f3metro 24 de la Ruta 60 CH, en la que participaron cinco veh\u00edculos a gran velocidad, es la que se registr\u00f3 este jueves a las 18:06 horas. Este potente choque dej\u00f3 como resultado a cinco personas heridas, entre ellos tres menores de edad, adem\u00e1s de una mole de fierros retorcidos en plena autopista, con personas atrapadas en los veh\u00edculos. Las personas lesionadas fueron trasladadas a Urgencias del Hospital San Camilo.<\/p>\n<p style=\"text-align: justify;\">\n<p style=\"text-align: justify;\"><span style=\"color: #ff0000;\">MILAGRO EN CARRETERA<\/span><\/p>\n<p style=\"text-align: justify;\">Al lugar llegaron ambulancias del SAMU, unidades de Bomberos de Panquehue y San Felipe. <strong>Diario El Trabajo<\/strong> logr\u00f3 hablar con el comandante de Bomberos <strong>Juan Carlos Herrera Lillo<\/strong>, quien nos brind\u00f3 su reporte de la situaci\u00f3n: <em>\u00abS\u00ed, la verdad es un accidente con cinco veh\u00edculos involucrados, dos veh\u00edculos de alta gama. La verdad es que son p\u00e9rdidas totales, una colisi\u00f3n casi frontal, donde hubo cinco personas lesionadas, afortunadamente los Airbags y los cinturones de seguridad evitaron que hubiera personas fallecidas, los implementos de seguridad de estos veh\u00edculos realmente cumplieron el objetivo para una colisi\u00f3n de esta naturaleza, y no tuvimos v\u00edctimas fatales. Lo otro tambi\u00e9n son veh\u00edculos que tambi\u00e9n sufrieron da\u00f1os de consideraci\u00f3n, los dos veh\u00edculos que anteriormente nombr\u00e9 son con p\u00e9rdida total. El personal tanto de Autopista como Bomberos rescataron a las personas dentro de los veh\u00edculos que no estaban atrapados, pero estaban dentro de los veh\u00edculos todos juntos<\/em>\u00bb, dijo Herrera Lillo.<\/p>\n<p style=\"text-align: justify;\">&#8211; <strong>\u00bfFue muy complicado este rescate?<\/strong><\/p>\n<p style=\"text-align: justify;\">&#8211; La verdad es que imped\u00eda que salieran personas de dentro de los veh\u00edculos o que las puertas no se abrieran, pero afortunadamente no hubieron v\u00edctimas fatales que es lo importante, pues lo material se puede recuperar.<\/p>\n<p style=\"text-align: justify;\"><span style=\"color: #000000;\"><strong>Roberto Gonz\u00e1lez Short<\/strong><\/span><\/p>\n<figure id=\"attachment_109168\" aria-describedby=\"caption-attachment-109168\" style=\"width: 699px\" class=\"wp-caption alignnone\"><img data-recalc-dims=\"1\" loading=\"lazy\" decoding=\"async\" class=\"size-full wp-image-109168\" src=\"https:\/\/i0.wp.com\/www.eltrabajo.cl\/portal\/wp-content\/uploads\/2021\/07\/portada.jpg?resize=640%2C429&#038;ssl=1\" alt=\"NADIE FALLECI\u00d3.- Este potente choque dej\u00f3 como resultado a cinco personas heridas, entre ellos tres menores de edad, adem\u00e1s de una mole de fierros retorcidos en plena autopista. (Foto Gabriel Orellana)\" width=\"640\" height=\"429\" srcset=\"https:\/\/i0.wp.com\/eltrabajo.cl\/portal\/wp-content\/uploads\/2021\/07\/portada.jpg?w=699&amp;ssl=1 699w, https:\/\/i0.wp.com\/eltrabajo.cl\/portal\/wp-content\/uploads\/2021\/07\/portada.jpg?resize=300%2C201&amp;ssl=1 300w, https:\/\/i0.wp.com\/eltrabajo.cl\/portal\/wp-content\/uploads\/2021\/07\/portada.jpg?resize=200%2C134&amp;ssl=1 200w, https:\/\/i0.wp.com\/eltrabajo.cl\/portal\/wp-content\/uploads\/2021\/07\/portada.jpg?resize=696%2C467&amp;ssl=1 696w\" sizes=\"auto, (max-width: 640px) 100vw, 640px\" \/><figcaption id=\"caption-attachment-109168\" class=\"wp-caption-text\">NADIE FALLECI\u00d3.- Este potente choque dej\u00f3 como resultado a cinco personas heridas, entre ellos tres menores de edad, adem\u00e1s de una mole de fierros retorcidos en plena autopista. (Foto Gabriel Orellana)<\/figcaption><\/figure>\n","protected":false},"excerpt":{"rendered":"<p>P\u00e9rdidas totales en cinco autos de alta gama: Una m\u00faltiple colisi\u00f3n vehicular a la altura del kil\u00f3metro 24 de la Ruta 60 CH, en la que participaron cinco veh\u00edculos a gran velocidad,&#8230;<\/p>\n","protected":false},"author":482,"featured_media":109168,"comment_status":"closed","ping_status":"open","sticky":false,"template":"","format":"standard","meta":{"advanced_seo_description":"","jetpack_seo_html_title":"","jetpack_seo_noindex":false,"_jetpack_memberships_contains_paid_content":false,"footnotes":""},"categories":[21],"tags":[],"class_list":["post-109167","post","type-post","status-publish","format-standard","has-post-thumbnail","hentry","category-policial"],"jetpack_featured_media_url":"https:\/\/i0.wp.com\/eltrabajo.cl\/portal\/wp-content\/uploads\/2021\/07\/portada.jpg?fit=699%2C469&ssl=1","jetpack_sharing_enabled":true,"jetpack_likes_enabled":true,"jetpack-related-posts":[],"_links":{"self":[{"href":"https:\/\/eltrabajo.cl\/portal\/wp-json\/wp\/v2\/posts\/109167","targetHints":{"allow":["GET"]}}],"collection":[{"href":"https:\/\/eltrabajo.cl\/portal\/wp-json\/wp\/v2\/posts"}],"about":[{"href":"https:\/\/eltrabajo.cl\/portal\/wp-json\/wp\/v2\/types\/post"}],"author":[{"embeddable":true,"href":"https:\/\/eltrabajo.cl\/portal\/wp-json\/wp\/v2\/users\/482"}],"replies":[{"embeddable":true,"href":"https:\/\/eltrabajo.cl\/portal\/wp-json\/wp\/v2\/comments?post=109167"}],"version-history":[{"count":0,"href":"https:\/\/eltrabajo.cl\/portal\/wp-json\/wp\/v2\/posts\/109167\/revisions"}],"wp:featuredmedia":[{"embeddable":true,"href":"https:\/\/eltrabajo.cl\/portal\/wp-json\/wp\/v2\/media\/109168"}],"wp:attachment":[{"href":"https:\/\/eltrabajo.cl\/portal\/wp-json\/wp\/v2\/media?parent=109167"}],"wp:term":[{"taxonomy":"category","embeddable":true,"href":"https:\/\/eltrabajo.cl\/portal\/wp-json\/wp\/v2\/categories?post=109167"},{"taxonomy":"post_tag","embeddable":true,"href":"https:\/\/eltrabajo.cl\/portal\/wp-json\/wp\/v2\/tags?post=109167"}],"curies":[{"name":"wp","href":"https:\/\/api.w.org\/{rel}","templated":true}]}}