{"id":109173,"date":"2021-07-20T07:40:23","date_gmt":"2021-07-20T11:40:23","guid":{"rendered":"https:\/\/www.eltrabajo.cl\/portal\/?p=109173"},"modified":"2021-07-19T20:55:44","modified_gmt":"2021-07-20T00:55:44","slug":"arbitra-maria-belen-carvajal-es-declarada-hija-ilustre-de-san-felipe","status":"publish","type":"post","link":"https:\/\/eltrabajo.cl\/portal\/arbitra-maria-belen-carvajal-es-declarada-hija-ilustre-de-san-felipe\/","title":{"rendered":"\u00c1rbitra Mar\u00eda Bel\u00e9n Carvajal es declarada Hija Ilustre de San Felipe"},"content":{"rendered":"<p style=\"text-align: justify;\">El Concejo Municipal de San Felipe hizo justicia el d\u00eda de ayer al distinguir como <strong>\u2018Hija Ilustre\u2019<\/strong> a la \u00e1rbitro internacional FIFA <strong>Mar\u00eda Bel\u00e9n Carvajal<\/strong>. Con esto, las actuales autoridades edilicias hacen justicia al condecorar a una sanfelipe\u00f1a que est\u00e1 haciendo historia en el referato y el f\u00fatbol chileno.<\/p>\n<p style=\"text-align: justify;\">Dentro de los hitos en la carrera profesional y que justifican con creces la distinci\u00f3n a la que se ha hecho merecedora Mar\u00eda Bel\u00e9n Carvajal, sobresalen el ser la primera, y hasta ahora la \u00fanica mujer que ha sido jueza central en partidos del f\u00fatbol profesional. Su estreno en las grandes lides sucedi\u00f3 el a\u00f1o 2018 en el duelo por la Segunda Divisi\u00f3n entre Independiente de Cauquenes y Colchagua. Tiempo despu\u00e9s dio un paso decisivo al ser la \u00e1rbitro del encuentro que por la Primera B animaron Deportes Copiap\u00f3 y Melipilla.<\/p>\n<p style=\"text-align: justify;\">La ahora \u2018Hija Ilustre\u2019 tiene dentro de su curr\u00edculum el ser tambi\u00e9n la primera chilena en arbitrar un duelo por la Copa Mundial Femenina (Francia 2019). Eso se suma a actuaciones en torneos Sudamericanos, Copa Libertadores y Am\u00e9rica Femenina, lo que la ha convertido en toda una referente del arbitraje nacional, adem\u00e1s de ser un rostro visible y destacado en la lucha por la igualdad de g\u00e9nero en nuestro pa\u00eds.<\/p>\n<figure id=\"attachment_109174\" aria-describedby=\"caption-attachment-109174\" style=\"width: 699px\" class=\"wp-caption alignnone\"><img data-recalc-dims=\"1\" loading=\"lazy\" decoding=\"async\" class=\"size-full wp-image-109174\" src=\"https:\/\/i0.wp.com\/www.eltrabajo.cl\/portal\/wp-content\/uploads\/2021\/07\/Maria-B-carvajal.jpg?resize=640%2C393&#038;ssl=1\" alt=\"Mar\u00eda Bel\u00e9n Carvajal recibir\u00e1 la distinci\u00f3n de \u2018Hija Ilustre\u2019 de San Felipe. \" width=\"640\" height=\"393\" srcset=\"https:\/\/i0.wp.com\/eltrabajo.cl\/portal\/wp-content\/uploads\/2021\/07\/Maria-B-carvajal.jpg?w=699&amp;ssl=1 699w, https:\/\/i0.wp.com\/eltrabajo.cl\/portal\/wp-content\/uploads\/2021\/07\/Maria-B-carvajal.jpg?resize=300%2C184&amp;ssl=1 300w, https:\/\/i0.wp.com\/eltrabajo.cl\/portal\/wp-content\/uploads\/2021\/07\/Maria-B-carvajal.jpg?resize=200%2C123&amp;ssl=1 200w, https:\/\/i0.wp.com\/eltrabajo.cl\/portal\/wp-content\/uploads\/2021\/07\/Maria-B-carvajal.jpg?resize=696%2C427&amp;ssl=1 696w\" sizes=\"auto, (max-width: 640px) 100vw, 640px\" \/><figcaption id=\"caption-attachment-109174\" class=\"wp-caption-text\">Mar\u00eda Bel\u00e9n Carvajal recibir\u00e1 la distinci\u00f3n de \u2018Hija Ilustre\u2019 de San Felipe.<\/figcaption><\/figure>\n","protected":false},"excerpt":{"rendered":"<p>El Concejo Municipal de San Felipe hizo justicia el d\u00eda de ayer al distinguir como \u2018Hija Ilustre\u2019 a la \u00e1rbitro internacional FIFA Mar\u00eda Bel\u00e9n Carvajal. Con esto, las actuales autoridades edilicias hacen&#8230;<\/p>\n","protected":false},"author":482,"featured_media":109174,"comment_status":"closed","ping_status":"open","sticky":false,"template":"","format":"standard","meta":{"advanced_seo_description":"","jetpack_seo_html_title":"","jetpack_seo_noindex":false,"_jetpack_memberships_contains_paid_content":false,"footnotes":""},"categories":[19],"tags":[],"class_list":["post-109173","post","type-post","status-publish","format-standard","has-post-thumbnail","hentry","category-deportes"],"jetpack_featured_media_url":"https:\/\/i0.wp.com\/eltrabajo.cl\/portal\/wp-content\/uploads\/2021\/07\/Maria-B-carvajal.jpg?fit=699%2C429&ssl=1","jetpack_sharing_enabled":true,"jetpack_likes_enabled":true,"jetpack-related-posts":[],"_links":{"self":[{"href":"https:\/\/eltrabajo.cl\/portal\/wp-json\/wp\/v2\/posts\/109173","targetHints":{"allow":["GET"]}}],"collection":[{"href":"https:\/\/eltrabajo.cl\/portal\/wp-json\/wp\/v2\/posts"}],"about":[{"href":"https:\/\/eltrabajo.cl\/portal\/wp-json\/wp\/v2\/types\/post"}],"author":[{"embeddable":true,"href":"https:\/\/eltrabajo.cl\/portal\/wp-json\/wp\/v2\/users\/482"}],"replies":[{"embeddable":true,"href":"https:\/\/eltrabajo.cl\/portal\/wp-json\/wp\/v2\/comments?post=109173"}],"version-history":[{"count":0,"href":"https:\/\/eltrabajo.cl\/portal\/wp-json\/wp\/v2\/posts\/109173\/revisions"}],"wp:featuredmedia":[{"embeddable":true,"href":"https:\/\/eltrabajo.cl\/portal\/wp-json\/wp\/v2\/media\/109174"}],"wp:attachment":[{"href":"https:\/\/eltrabajo.cl\/portal\/wp-json\/wp\/v2\/media?parent=109173"}],"wp:term":[{"taxonomy":"category","embeddable":true,"href":"https:\/\/eltrabajo.cl\/portal\/wp-json\/wp\/v2\/categories?post=109173"},{"taxonomy":"post_tag","embeddable":true,"href":"https:\/\/eltrabajo.cl\/portal\/wp-json\/wp\/v2\/tags?post=109173"}],"curies":[{"name":"wp","href":"https:\/\/api.w.org\/{rel}","templated":true}]}}