{"id":109302,"date":"2021-07-27T07:50:13","date_gmt":"2021-07-27T11:50:13","guid":{"rendered":"https:\/\/www.eltrabajo.cl\/portal\/?p=109302"},"modified":"2021-07-26T21:16:07","modified_gmt":"2021-07-27T01:16:07","slug":"ya-es-oficial-el-14-de-agosto-retorna-el-futbol-amateur-a-las-canchas","status":"publish","type":"post","link":"https:\/\/eltrabajo.cl\/portal\/ya-es-oficial-el-14-de-agosto-retorna-el-futbol-amateur-a-las-canchas\/","title":{"rendered":"Ya es oficial: El 14 de agosto retorna el f\u00fatbol amateur a las canchas"},"content":{"rendered":"<ul style=\"text-align: justify;\">\n<li style=\"text-align: left;\"><strong>Las mujeres ser\u00e1n las encargadas de poner fin al largo receso de la actividad.<\/strong><\/li>\n<\/ul>\n<p style=\"text-align: justify;\">De no surgir ning\u00fan contratiempo de \u00faltima hora en relaci\u00f3n a la Pandemia del Covid\u201319, el s\u00e1bado 14 de agosto fue el d\u00eda elegido por la ARFA Quinta para comenzar con la primera fase del reinicio de las actividades en los campos deportivos.<\/p>\n<p style=\"text-align: justify;\">El retorno ser\u00e1 de manera gradual, por lo que el ente rector del balompi\u00e9 aficionado de la regi\u00f3n determin\u00f3 que la primera competencia en volver ser\u00e1 la Copa de Campeones de mujeres, la que al momento de su detenci\u00f3n se encontraba a las puertas de iniciar sus cuartos de final.<\/p>\n<p style=\"text-align: justify;\">La comuna elegida para ser sede de la fase c\u00falmine de esa competencia fue Santa Mar\u00eda, aunque no se descarta que pueda ser otra si es que esta no se encontrase en la Fase 3 del Plan Paso a Paso.<\/p>\n<p style=\"text-align: justify;\">En el Consejo de Presidentes se acord\u00f3 tambi\u00e9n que la Copa de Campeones masculina se retomar\u00e1 una vez culminada la de las f\u00e9minas, determin\u00e1ndose tambi\u00e9n que ser\u00e1 bajo la misma modalidad de una ciudad sede y a partidos \u00fanicos.<\/p>\n<p style=\"text-align: justify;\">Otra nota destacada que dej\u00f3 la reuni\u00f3n de los timoneles, fue el que los clubes podr\u00e1n organizar partidos amistosos, esto solo en las comunas donde el Plan Paso a Paso lo permita y de acuerdo al protocolo sanitario de la ARFA.<\/p>\n<p style=\"text-align: justify;\">Una vez culminadas las Copas de Campeones se evaluar\u00e1 la factibilidad del retorno de las competencias de asociaciones, quedando muy claro que las responsabilidades administrativas del cumplimiento del Protocolo recaer\u00e1n en los dirigentes.<\/p>\n<figure id=\"attachment_109303\" aria-describedby=\"caption-attachment-109303\" style=\"width: 698px\" class=\"wp-caption alignnone\"><img data-recalc-dims=\"1\" loading=\"lazy\" decoding=\"async\" class=\"size-full wp-image-109303\" src=\"https:\/\/i0.wp.com\/www.eltrabajo.cl\/portal\/wp-content\/uploads\/2021\/07\/Reunion.jpg?resize=640%2C351&#038;ssl=1\" alt=\"El Consejo de Presidentes de la ARFA puso fecha de reinicio a las actividades en cancha.\" width=\"640\" height=\"351\" srcset=\"https:\/\/i0.wp.com\/eltrabajo.cl\/portal\/wp-content\/uploads\/2021\/07\/Reunion.jpg?w=698&amp;ssl=1 698w, https:\/\/i0.wp.com\/eltrabajo.cl\/portal\/wp-content\/uploads\/2021\/07\/Reunion.jpg?resize=300%2C165&amp;ssl=1 300w, https:\/\/i0.wp.com\/eltrabajo.cl\/portal\/wp-content\/uploads\/2021\/07\/Reunion.jpg?resize=200%2C110&amp;ssl=1 200w, https:\/\/i0.wp.com\/eltrabajo.cl\/portal\/wp-content\/uploads\/2021\/07\/Reunion.jpg?resize=696%2C382&amp;ssl=1 696w\" sizes=\"auto, (max-width: 640px) 100vw, 640px\" \/><figcaption id=\"caption-attachment-109303\" class=\"wp-caption-text\">El Consejo de Presidentes de la ARFA puso fecha de reinicio a las actividades en cancha.<\/figcaption><\/figure>\n","protected":false},"excerpt":{"rendered":"<p>Las mujeres ser\u00e1n las encargadas de poner fin al largo receso de la actividad. De no surgir ning\u00fan contratiempo de \u00faltima hora en relaci\u00f3n a la Pandemia del Covid\u201319, el s\u00e1bado 14&#8230;<\/p>\n","protected":false},"author":482,"featured_media":109303,"comment_status":"closed","ping_status":"open","sticky":false,"template":"","format":"standard","meta":{"advanced_seo_description":"","jetpack_seo_html_title":"","jetpack_seo_noindex":false,"_jetpack_memberships_contains_paid_content":false,"footnotes":""},"categories":[19],"tags":[],"class_list":["post-109302","post","type-post","status-publish","format-standard","has-post-thumbnail","hentry","category-deportes"],"jetpack_featured_media_url":"https:\/\/i0.wp.com\/eltrabajo.cl\/portal\/wp-content\/uploads\/2021\/07\/Reunion.jpg?fit=698%2C383&ssl=1","jetpack_sharing_enabled":true,"jetpack_likes_enabled":true,"jetpack-related-posts":[],"_links":{"self":[{"href":"https:\/\/eltrabajo.cl\/portal\/wp-json\/wp\/v2\/posts\/109302","targetHints":{"allow":["GET"]}}],"collection":[{"href":"https:\/\/eltrabajo.cl\/portal\/wp-json\/wp\/v2\/posts"}],"about":[{"href":"https:\/\/eltrabajo.cl\/portal\/wp-json\/wp\/v2\/types\/post"}],"author":[{"embeddable":true,"href":"https:\/\/eltrabajo.cl\/portal\/wp-json\/wp\/v2\/users\/482"}],"replies":[{"embeddable":true,"href":"https:\/\/eltrabajo.cl\/portal\/wp-json\/wp\/v2\/comments?post=109302"}],"version-history":[{"count":0,"href":"https:\/\/eltrabajo.cl\/portal\/wp-json\/wp\/v2\/posts\/109302\/revisions"}],"wp:featuredmedia":[{"embeddable":true,"href":"https:\/\/eltrabajo.cl\/portal\/wp-json\/wp\/v2\/media\/109303"}],"wp:attachment":[{"href":"https:\/\/eltrabajo.cl\/portal\/wp-json\/wp\/v2\/media?parent=109302"}],"wp:term":[{"taxonomy":"category","embeddable":true,"href":"https:\/\/eltrabajo.cl\/portal\/wp-json\/wp\/v2\/categories?post=109302"},{"taxonomy":"post_tag","embeddable":true,"href":"https:\/\/eltrabajo.cl\/portal\/wp-json\/wp\/v2\/tags?post=109302"}],"curies":[{"name":"wp","href":"https:\/\/api.w.org\/{rel}","templated":true}]}}