{"id":109439,"date":"2021-08-04T07:35:58","date_gmt":"2021-08-04T11:35:58","guid":{"rendered":"https:\/\/www.eltrabajo.cl\/portal\/?p=109439"},"modified":"2021-08-03T23:34:04","modified_gmt":"2021-08-04T03:34:04","slug":"el-lunes-proximo-el-uni-chocara-con-coquimbo-en-el-coloso-de-avda-maipu","status":"publish","type":"post","link":"https:\/\/eltrabajo.cl\/portal\/el-lunes-proximo-el-uni-chocara-con-coquimbo-en-el-coloso-de-avda-maipu\/","title":{"rendered":"El lunes pr\u00f3ximo el Un\u00ed chocar\u00e1 con Coquimbo en el coloso de Avda. Maip\u00fa"},"content":{"rendered":"<p style=\"text-align: justify;\">El pr\u00f3ximo lunes 9 de agosto se producir\u00e1 el debut oficial de <strong>V\u00edctor Rivero<\/strong> como director t\u00e9cnico de Uni\u00f3n San Felipe. En dicha ocasi\u00f3n los sanfelipe\u00f1os recibir\u00e1n en el estadio Municipal la visita de uno de los principales candidatos de la Primera B, Coquimbo Unido, en un partido que qued\u00f3 pactado para las tres y media de la tarde de ese d\u00eda.<\/p>\n<p style=\"text-align: justify;\">No existen dos lecturas respecto a que el duelo contra el cuadro \u2018pirata\u2019 tendr\u00e1 mucha atenci\u00f3n del medio en general, a ra\u00edz que, al estreno de Rivero, se sumar\u00e1 el saber si el equipo albirrojo logr\u00f3 mejorar respecto a los partidos anteriores.<\/p>\n<p style=\"text-align: justify;\">La programaci\u00f3n de la d\u00e9cimo cuarta fecha del torneo de plata es la siguiente:<\/p>\n<p style=\"text-align: justify;\">\n<p style=\"text-align: justify;\"><strong>S\u00e1bado 7 de agosto<\/strong><\/p>\n<p style=\"text-align: justify;\">12:30 horas: Deportes Iquique \u2013 Deportes Temuco<\/p>\n<p style=\"text-align: justify;\">12:30 horas: Deportes Copiap\u00f3 \u2013 Barnechea<\/p>\n<p style=\"text-align: justify;\">Domingo 8 de agosto<\/p>\n<p style=\"text-align: justify;\">11:00 horas: Cobreloa \u2013 Santa Cruz<\/p>\n<p style=\"text-align: justify;\">12:00 horas: San Marcos \u2013 Rangers<\/p>\n<p style=\"text-align: justify;\">Lunes 9 de agosto<\/p>\n<p style=\"text-align: justify;\">12:30 horas: Santiago Morning \u2013 Puerto Montt<\/p>\n<p style=\"text-align: justify;\">15:30 horas: Uni\u00f3n San Felipe \u2013 Coquimbo Unido<\/p>\n<p style=\"text-align: justify;\">18:00 horas: Fern\u00e1ndez Vial \u2013 Universidad de Concepci\u00f3n<\/p>\n<p style=\"text-align: justify;\">20:30 horas: San Luis \u2013 Magallanes<\/p>\n<figure id=\"attachment_109441\" aria-describedby=\"caption-attachment-109441\" style=\"width: 700px\" class=\"wp-caption alignnone\"><img data-recalc-dims=\"1\" loading=\"lazy\" decoding=\"async\" class=\"size-full wp-image-109441\" src=\"https:\/\/i0.wp.com\/www.eltrabajo.cl\/portal\/wp-content\/uploads\/2021\/08\/entrenamiento.jpg?resize=640%2C695&#038;ssl=1\" alt=\"El cuadro que ahora dirige V\u00edctor Rivero desafiar\u00e1 a uno de los m\u00e1s linajudos de la categor\u00eda. \" width=\"640\" height=\"695\" srcset=\"https:\/\/i0.wp.com\/eltrabajo.cl\/portal\/wp-content\/uploads\/2021\/08\/entrenamiento.jpg?w=700&amp;ssl=1 700w, https:\/\/i0.wp.com\/eltrabajo.cl\/portal\/wp-content\/uploads\/2021\/08\/entrenamiento.jpg?resize=276%2C300&amp;ssl=1 276w, https:\/\/i0.wp.com\/eltrabajo.cl\/portal\/wp-content\/uploads\/2021\/08\/entrenamiento.jpg?resize=138%2C150&amp;ssl=1 138w, https:\/\/i0.wp.com\/eltrabajo.cl\/portal\/wp-content\/uploads\/2021\/08\/entrenamiento.jpg?resize=696%2C756&amp;ssl=1 696w\" sizes=\"auto, (max-width: 640px) 100vw, 640px\" \/><figcaption id=\"caption-attachment-109441\" class=\"wp-caption-text\">El cuadro que ahora dirige V\u00edctor Rivero desafiar\u00e1 a uno de los m\u00e1s linajudos de la categor\u00eda.<\/figcaption><\/figure>\n","protected":false},"excerpt":{"rendered":"<p>El pr\u00f3ximo lunes 9 de agosto se producir\u00e1 el debut oficial de V\u00edctor Rivero como director t\u00e9cnico de Uni\u00f3n San Felipe. En dicha ocasi\u00f3n los sanfelipe\u00f1os recibir\u00e1n en el estadio Municipal la&#8230;<\/p>\n","protected":false},"author":482,"featured_media":109440,"comment_status":"closed","ping_status":"open","sticky":false,"template":"","format":"standard","meta":{"advanced_seo_description":"","jetpack_seo_html_title":"","jetpack_seo_noindex":false,"_jetpack_memberships_contains_paid_content":false,"footnotes":""},"categories":[19],"tags":[],"class_list":["post-109439","post","type-post","status-publish","format-standard","has-post-thumbnail","hentry","category-deportes"],"jetpack_featured_media_url":"https:\/\/i0.wp.com\/eltrabajo.cl\/portal\/wp-content\/uploads\/2021\/08\/entrenamiento-copia.jpg?fit=700%2C522&ssl=1","jetpack_sharing_enabled":true,"jetpack_likes_enabled":true,"jetpack-related-posts":[],"_links":{"self":[{"href":"https:\/\/eltrabajo.cl\/portal\/wp-json\/wp\/v2\/posts\/109439","targetHints":{"allow":["GET"]}}],"collection":[{"href":"https:\/\/eltrabajo.cl\/portal\/wp-json\/wp\/v2\/posts"}],"about":[{"href":"https:\/\/eltrabajo.cl\/portal\/wp-json\/wp\/v2\/types\/post"}],"author":[{"embeddable":true,"href":"https:\/\/eltrabajo.cl\/portal\/wp-json\/wp\/v2\/users\/482"}],"replies":[{"embeddable":true,"href":"https:\/\/eltrabajo.cl\/portal\/wp-json\/wp\/v2\/comments?post=109439"}],"version-history":[{"count":0,"href":"https:\/\/eltrabajo.cl\/portal\/wp-json\/wp\/v2\/posts\/109439\/revisions"}],"wp:featuredmedia":[{"embeddable":true,"href":"https:\/\/eltrabajo.cl\/portal\/wp-json\/wp\/v2\/media\/109440"}],"wp:attachment":[{"href":"https:\/\/eltrabajo.cl\/portal\/wp-json\/wp\/v2\/media?parent=109439"}],"wp:term":[{"taxonomy":"category","embeddable":true,"href":"https:\/\/eltrabajo.cl\/portal\/wp-json\/wp\/v2\/categories?post=109439"},{"taxonomy":"post_tag","embeddable":true,"href":"https:\/\/eltrabajo.cl\/portal\/wp-json\/wp\/v2\/tags?post=109439"}],"curies":[{"name":"wp","href":"https:\/\/api.w.org\/{rel}","templated":true}]}}