{"id":109929,"date":"2021-09-01T08:00:27","date_gmt":"2021-09-01T12:00:27","guid":{"rendered":"https:\/\/www.eltrabajo.cl\/portal\/?p=109929"},"modified":"2021-08-31T22:32:48","modified_gmt":"2021-09-01T02:32:48","slug":"amarran-de-manos-a-adulto-mayor-de-75-anos-para-asaltarlo-en-su-restoran","status":"publish","type":"post","link":"https:\/\/eltrabajo.cl\/portal\/amarran-de-manos-a-adulto-mayor-de-75-anos-para-asaltarlo-en-su-restoran\/","title":{"rendered":"Amarran de manos a adulto mayor de 75 a\u00f1os para asaltarlo en su restor\u00e1n"},"content":{"rendered":"<p style=\"text-align: left;\"><span style=\"color: #ff0000;\"><strong>Fueron detenidos por Carabineros de Llay Llay:<\/strong><\/span><\/p>\n<p style=\"text-align: justify;\">No hay respeto ya por el adulto mayor. Esto porque dos personas, un hombre y una mujer, asaltaron con armas blancas al due\u00f1o del restor\u00e1n \u2018La Florida\u2019, un hombre de 75 a\u00f1os de edad, a quien adem\u00e1s ataron de sus manos para robar dinero, alcohol y cigarrillos.<\/p>\n<p style=\"text-align: justify;\">As\u00ed lo dio a conocer a nuestro medio el capit\u00e1n <strong>Rafael Ram\u00edrez Vallejos<\/strong>, subcomisario de Carabineros de Llay Llay, quien indic\u00f3 que en una r\u00e1pida y oportuna acci\u00f3n, personal de la Subcomisar\u00eda de Llay Llay detuvo a dos personas acusadas como autores del violento asalto a mano armada, los cuales tras su detenci\u00f3n quedaron en prisi\u00f3n preventiva.<\/p>\n<p style=\"text-align: justify;\">\u00ab<em>Carabineros de la Subcomisar\u00eda Llay Llay en la madrugada de hoy <\/em>(ayer),<em> cerca de las 03:00 horas, recibe un llamado al 133 de un hombre de 75 a\u00f1os, que denunciaba haber sido v\u00edctima de un robo desde su restaurante, se\u00f1alando que minutos antes,\u00a0 una pareja (un hombre y una mujer) lo intimidaron con armas blancas y lo amarraron de manos para sustraer dinero en efectivo, alcohol y otras especies personales, para darse a la fuga corriendo del lugar. Ante esto y en un actuar oportuno de Carabineros, se logra la detenci\u00f3n de estas dos personas en forma inmediata a unas cinco cuadras del lugar desde donde hu\u00edan, recuperando todas las especies sustra\u00eddas\u00bb,<\/em> indic\u00f3 el oficial.<\/p>\n<p style=\"text-align: justify;\">&#8211; <strong>\u00bfC\u00f3mo estaba la v\u00edctima?<\/strong><\/p>\n<p style=\"text-align: justify;\">&#8211; Anoche estaba muy afectada, con temor todav\u00eda por el hecho, porque estos sujetos cuando ingresan al local a sustraerle las especies, lo intimidan con armas blancas, lo amarraron de manos, en todo momento bajo amenazas de agresi\u00f3n, de apu\u00f1alarlo, por ende, estaba bastante afectado este caballero.<\/p>\n<p style=\"text-align: justify;\">&#8211; <strong>\u00bfC\u00f3mo ingresan los imputados? \u00bfEl local estaba cerrado?<\/strong><\/p>\n<p style=\"text-align: justify;\">&#8211; El local se encuentra cerrado y estos sujetos llegan ah\u00ed al lugar, comienzan a golpear la puerta y ante el ruido el caballero escucha y sale a ver qu\u00e9 suced\u00eda afuera de su local. Cuando \u00e9l abre la puerta, estos sujetos, el hombre particularmente el que primero ingresa y lo intimida con un arma blanca.<\/p>\n<p style=\"text-align: justify;\">&#8211; <strong>\u00bfQu\u00e9 podemos contar de la v\u00edctima, de qui\u00e9n se trata?<\/strong><\/p>\n<p style=\"text-align: justify;\">&#8211; Es una persona, adulto mayor de 75 a\u00f1os que gracias a Dios en ese momento se encontraba solo en su domicilio, y es un emprendedor que tiene su local, su restor\u00e1n para poder surgir, es un local peque\u00f1o, pero lamentablemente fue v\u00edctima de este hecho y obviamente se encontraba muy afectado.<\/p>\n<p style=\"text-align: justify;\">&#8211; <strong>Recalcar que recuperaron las especies ustedes ah\u00ed.<\/strong><\/p>\n<p style=\"text-align: justify;\">&#8211; S\u00ed, efectivamente recuperamos la totalidad de las especies sustra\u00eddas, tanto el alcoholo que hab\u00edan sustra\u00eddo del local, el dinero en efectivo y las otras especies que le hab\u00edan quitado a esta persona.<\/p>\n<p style=\"text-align: justify;\">&#8211; <strong>\u00bfCu\u00e1nto es la suma recuperada?<\/strong><\/p>\n<p style=\"text-align: justify;\">&#8211; Cerca de 80 mil pesos en dinero en efectivo.<\/p>\n<p style=\"text-align: justify;\">Los detenidos son un hombre y una mujer conocidos por personal policial porque tienen antecedentes delictuales, ambos domiciliados en la misma comuna.<\/p>\n<p style=\"text-align: justify;\">\n<p style=\"text-align: justify;\"><span style=\"color: #ff0000;\">ESPECIES Y DINERO RECUPERADOS<\/span><\/p>\n<p style=\"text-align: justify;\">La cantidad de dinero asciende a unos 80 mil pesos, tres cajas de vino, tres cajetillas de cigarros, incluso algunos sueltos.<\/p>\n<p style=\"text-align: justify;\">Tambi\u00e9n se incautaron las armas blancas usadas en el atraco, junto con un cord\u00f3n con el que se supone maniataron a la v\u00edctima, un adulto mayor de 75 a\u00f1os.<\/p>\n<p style=\"text-align: justify;\">El lugar del asalto corresponde al restor\u00e1n \u2018La Florida\u2019 de Llay Llay.<\/p>\n<p style=\"text-align: justify;\">\n<p style=\"text-align: justify;\"><span style=\"color: #ff0000;\">PRISI\u00d3N PREVENTIVA<\/span><\/p>\n<p style=\"text-align: justify;\">Se\u00f1alar que por antecedentes recopilados por nuestro medio, ambos imputados, luego de pasar a control de detenci\u00f3n ayer ante el Juzgado de Garant\u00eda de San Felipe, por el delito de robo con violencia, quedaron en prisi\u00f3n preventiva.<\/p>\n<figure id=\"attachment_109930\" aria-describedby=\"caption-attachment-109930\" style=\"width: 699px\" class=\"wp-caption alignnone\"><img data-recalc-dims=\"1\" loading=\"lazy\" decoding=\"async\" class=\"size-full wp-image-109930\" src=\"https:\/\/i0.wp.com\/www.eltrabajo.cl\/portal\/wp-content\/uploads\/2021\/08\/asalto-Especies.jpg?resize=640%2C578&#038;ssl=1\" alt=\"El dinero y las especies recuperadas tras el asalto al adulto mayor.\" width=\"640\" height=\"578\" srcset=\"https:\/\/i0.wp.com\/eltrabajo.cl\/portal\/wp-content\/uploads\/2021\/08\/asalto-Especies.jpg?w=699&amp;ssl=1 699w, https:\/\/i0.wp.com\/eltrabajo.cl\/portal\/wp-content\/uploads\/2021\/08\/asalto-Especies.jpg?resize=300%2C271&amp;ssl=1 300w, https:\/\/i0.wp.com\/eltrabajo.cl\/portal\/wp-content\/uploads\/2021\/08\/asalto-Especies.jpg?resize=166%2C150&amp;ssl=1 166w, https:\/\/i0.wp.com\/eltrabajo.cl\/portal\/wp-content\/uploads\/2021\/08\/asalto-Especies.jpg?resize=696%2C628&amp;ssl=1 696w\" sizes=\"auto, (max-width: 640px) 100vw, 640px\" \/><figcaption id=\"caption-attachment-109930\" class=\"wp-caption-text\">El dinero y las especies recuperadas tras el asalto al adulto mayor.<\/figcaption><\/figure>\n","protected":false},"excerpt":{"rendered":"<p>Fueron detenidos por Carabineros de Llay Llay: No hay respeto ya por el adulto mayor. Esto porque dos personas, un hombre y una mujer, asaltaron con armas blancas al due\u00f1o del restor\u00e1n&#8230;<\/p>\n","protected":false},"author":482,"featured_media":109930,"comment_status":"closed","ping_status":"open","sticky":false,"template":"","format":"standard","meta":{"advanced_seo_description":"","jetpack_seo_html_title":"","jetpack_seo_noindex":false,"_jetpack_memberships_contains_paid_content":false,"footnotes":""},"categories":[21],"tags":[],"class_list":["post-109929","post","type-post","status-publish","format-standard","has-post-thumbnail","hentry","category-policial"],"jetpack_featured_media_url":"https:\/\/i0.wp.com\/eltrabajo.cl\/portal\/wp-content\/uploads\/2021\/08\/asalto-Especies.jpg?fit=699%2C631&ssl=1","jetpack_sharing_enabled":true,"jetpack_likes_enabled":true,"jetpack-related-posts":[],"_links":{"self":[{"href":"https:\/\/eltrabajo.cl\/portal\/wp-json\/wp\/v2\/posts\/109929","targetHints":{"allow":["GET"]}}],"collection":[{"href":"https:\/\/eltrabajo.cl\/portal\/wp-json\/wp\/v2\/posts"}],"about":[{"href":"https:\/\/eltrabajo.cl\/portal\/wp-json\/wp\/v2\/types\/post"}],"author":[{"embeddable":true,"href":"https:\/\/eltrabajo.cl\/portal\/wp-json\/wp\/v2\/users\/482"}],"replies":[{"embeddable":true,"href":"https:\/\/eltrabajo.cl\/portal\/wp-json\/wp\/v2\/comments?post=109929"}],"version-history":[{"count":0,"href":"https:\/\/eltrabajo.cl\/portal\/wp-json\/wp\/v2\/posts\/109929\/revisions"}],"wp:featuredmedia":[{"embeddable":true,"href":"https:\/\/eltrabajo.cl\/portal\/wp-json\/wp\/v2\/media\/109930"}],"wp:attachment":[{"href":"https:\/\/eltrabajo.cl\/portal\/wp-json\/wp\/v2\/media?parent=109929"}],"wp:term":[{"taxonomy":"category","embeddable":true,"href":"https:\/\/eltrabajo.cl\/portal\/wp-json\/wp\/v2\/categories?post=109929"},{"taxonomy":"post_tag","embeddable":true,"href":"https:\/\/eltrabajo.cl\/portal\/wp-json\/wp\/v2\/tags?post=109929"}],"curies":[{"name":"wp","href":"https:\/\/api.w.org\/{rel}","templated":true}]}}