{"id":110280,"date":"2021-09-23T07:50:45","date_gmt":"2021-09-23T10:50:45","guid":{"rendered":"https:\/\/eltrabajo.cl\/portal\/?p=110280"},"modified":"2021-09-22T23:11:30","modified_gmt":"2021-09-23T02:11:30","slug":"el-voleibol-sanfelipeno-estara-presente-en-proximos-juegos-binacionales","status":"publish","type":"post","link":"https:\/\/eltrabajo.cl\/portal\/el-voleibol-sanfelipeno-estara-presente-en-proximos-juegos-binacionales\/","title":{"rendered":"El voleibol sanfelipe\u00f1o estar\u00e1 presente en pr\u00f3ximos Juegos Binacionales"},"content":{"rendered":"<p style=\"text-align: justify;\">El conjunto femenino de Uni\u00f3n Voley sum\u00f3 un nuevo hito en su corta pero al mismo tiempo rica historia deportiva, al lograr la clasificaci\u00f3n a la pr\u00f3xima edici\u00f3n de los Juegos Binacionales, tras ganar la respectiva clasificatoria jugada en Valpara\u00edso que lo termin\u00f3 convirtiendo en el mejor equipo de la Quinta Regi\u00f3n en la serie 2003 -2005.<\/p>\n<p style=\"text-align: justify;\">Despu\u00e9s del receso provocado por la Pandemia del Covid\u201319, Uni\u00f3n Voley ha tenido un retorno so\u00f1ado a la arena competitiva, al lograr recientemente el ascenso a la Liga A -1 y ahora la clasificaci\u00f3n al evento chileno-argentino que en noviembre tendr\u00e1 lugar en San Juan, en la Argentina.<\/p>\n<p style=\"text-align: justify;\">Para dar con este nuevo \u00e9xito, las sanfelipe\u00f1as primero vencieron en un clasificatorio local 3 a 0 a San Felipe Volley y despu\u00e9s 3 a 1 a Centenario. Posteriormente durante la jornada del martes pasado en Valpara\u00edso sortearon la fase crucial al ganar en l\u00ednea y de manera categ\u00f3rica por marcadores id\u00e9nticos de 3 a 0 a Vi\u00f1a Del Mar, Quillota y Villa Alemana.<\/p>\n<p style=\"text-align: justify;\">Una vez consumada la clasificaci\u00f3n, el entrenador <strong>Mirko<\/strong> <strong>Bonacic\u2013Doric<\/strong> se\u00f1al\u00f3: <em>\u00abGanamos de forma in\u00e9dita el clasificatorio en San Felipe, eso nos dio derecho a ser el equipo que deb\u00eda representar a la ciudad en la clasificatoria regional, instancia en la que demostramos todo lo bueno que se viene haciendo hace a\u00f1os. Fue una actuaci\u00f3n maciza, porque no se cedi\u00f3 un solo set, adem\u00e1s que los rivales no pudieron pasar los 15 puntos; estamos felices por este logro hist\u00f3rico que nos permitir\u00e1 representar a la regi\u00f3n en los Binacionales 2021\u00bb.<\/em><\/p>\n<p style=\"text-align: justify;\">Asimismo el t\u00e9cnico hizo un an\u00e1lisis de la clasificaci\u00f3n y como llegaron a obtenerla:<em> \u00abCon esta categor\u00eda venimos trabajando desde el sub 12. Hemos jugado Liga Nacional de Menores y usando una metodolog\u00eda integral, que es donde todas las jugadoras participan del juego. En sub 14 y 16 tuvimos muy buenos resultados situ\u00e1ndonos entre los mejores del pa\u00eds y este a\u00f1o jugando incluso la Liga A3 y A2 adulta a nivel nacional, y clasificamos a la liga 1. Durante la pandemia no dejamos de entrenar, y desde el a\u00f1o pasado est\u00e1bamos convencidos que pod\u00edamos clasificar. A los Binacionales vamos a buscar el t\u00edtulo. Seguiremos preparando el equipo, jugando la Liga 1 nacional como preparaci\u00f3n y ojala tener la representaci\u00f3n el a\u00f1o que viene con los Binacionales en Valpara\u00edso\u00bb.<\/em><\/p>\n<figure id=\"attachment_110281\" aria-describedby=\"caption-attachment-110281\" style=\"width: 698px\" class=\"wp-caption alignnone\"><img data-recalc-dims=\"1\" loading=\"lazy\" decoding=\"async\" class=\"size-full wp-image-110281\" src=\"https:\/\/i0.wp.com\/eltrabajo.cl\/portal\/wp-content\/uploads\/2021\/09\/Union-Voley-1.jpg?resize=640%2C556&#038;ssl=1\" alt=\"El conjunto femenino de Uni\u00f3n Voley de San Felipe ser\u00e1 el representante regional en los Juegos Binacionales.\" width=\"640\" height=\"556\" \/><figcaption id=\"caption-attachment-110281\" class=\"wp-caption-text\">El conjunto femenino de Uni\u00f3n Voley de San Felipe ser\u00e1 el representante regional en los Juegos Binacionales.<\/figcaption><\/figure>\n","protected":false},"excerpt":{"rendered":"<p>El conjunto femenino de Uni\u00f3n Voley sum\u00f3 un nuevo hito en su corta pero al mismo tiempo rica historia deportiva, al lograr la clasificaci\u00f3n a la pr\u00f3xima edici\u00f3n de los Juegos Binacionales,&#8230;<\/p>\n","protected":false},"author":482,"featured_media":110281,"comment_status":"closed","ping_status":"open","sticky":false,"template":"","format":"standard","meta":{"advanced_seo_description":"","jetpack_seo_html_title":"","jetpack_seo_noindex":false,"_jetpack_memberships_contains_paid_content":false,"footnotes":""},"categories":[19],"tags":[],"class_list":["post-110280","post","type-post","status-publish","format-standard","has-post-thumbnail","hentry","category-deportes"],"jetpack_featured_media_url":"https:\/\/i0.wp.com\/eltrabajo.cl\/portal\/wp-content\/uploads\/2021\/09\/Union-Voley-1-e1632363067486.jpg?fit=698%2C471&ssl=1","jetpack_sharing_enabled":true,"jetpack_likes_enabled":true,"jetpack-related-posts":[],"_links":{"self":[{"href":"https:\/\/eltrabajo.cl\/portal\/wp-json\/wp\/v2\/posts\/110280","targetHints":{"allow":["GET"]}}],"collection":[{"href":"https:\/\/eltrabajo.cl\/portal\/wp-json\/wp\/v2\/posts"}],"about":[{"href":"https:\/\/eltrabajo.cl\/portal\/wp-json\/wp\/v2\/types\/post"}],"author":[{"embeddable":true,"href":"https:\/\/eltrabajo.cl\/portal\/wp-json\/wp\/v2\/users\/482"}],"replies":[{"embeddable":true,"href":"https:\/\/eltrabajo.cl\/portal\/wp-json\/wp\/v2\/comments?post=110280"}],"version-history":[{"count":0,"href":"https:\/\/eltrabajo.cl\/portal\/wp-json\/wp\/v2\/posts\/110280\/revisions"}],"wp:featuredmedia":[{"embeddable":true,"href":"https:\/\/eltrabajo.cl\/portal\/wp-json\/wp\/v2\/media\/110281"}],"wp:attachment":[{"href":"https:\/\/eltrabajo.cl\/portal\/wp-json\/wp\/v2\/media?parent=110280"}],"wp:term":[{"taxonomy":"category","embeddable":true,"href":"https:\/\/eltrabajo.cl\/portal\/wp-json\/wp\/v2\/categories?post=110280"},{"taxonomy":"post_tag","embeddable":true,"href":"https:\/\/eltrabajo.cl\/portal\/wp-json\/wp\/v2\/tags?post=110280"}],"curies":[{"name":"wp","href":"https:\/\/api.w.org\/{rel}","templated":true}]}}