{"id":110598,"date":"2021-10-12T07:55:58","date_gmt":"2021-10-12T10:55:58","guid":{"rendered":"https:\/\/eltrabajo.cl\/portal\/?p=110598"},"modified":"2021-10-11T23:29:21","modified_gmt":"2021-10-12T02:29:21","slug":"colision-lateral-en-san-martin-con-toromazote-deja-dos-heridos","status":"publish","type":"post","link":"https:\/\/eltrabajo.cl\/portal\/colision-lateral-en-san-martin-con-toromazote-deja-dos-heridos\/","title":{"rendered":"Colisi\u00f3n lateral en San Mart\u00edn con Toromazote deja dos heridos"},"content":{"rendered":"<p style=\"text-align: justify;\">Una colisi\u00f3n de mediana energ\u00eda se registr\u00f3 a las 13:00 horas de este lunes en la esquina de San Mart\u00edn con Toromazote, luego que un colectivo y un autom\u00f3vil particular chocaran, quedando ambos conductores lesionados.<\/p>\n<p style=\"text-align: justify;\">El taxi colectivo era conducido por una mujer, quien se desplazaba hacia el poniente por San Mart\u00edn, mientras que el auto particular lo hac\u00eda por Toromazote hacia Avenida O\u2019Higgins.<\/p>\n<p style=\"text-align: justify;\">A ra\u00edz del impacto el conductor del veh\u00edculo particular pudo salir de su autom\u00f3vil por sus propios medios, pero qued\u00f3 en el suelo recostado en la vereda junto a la pared de una casa, mientras a la conductora del colectivo vecinos le facilitaron una silla pl\u00e1stica para sentarse. Minutos despu\u00e9s llegaron los bomberos, una patrulla de Carabineros y ambulancia del SAMU.<\/p>\n<p style=\"text-align: justify;\">Aunque los da\u00f1os materiales fueron cuantiosos en ambos veh\u00edculos, sus conductores no resultaron heridos de gravedad, aunque el chofer del auto particular fue llevado al Hospital San Camilo.<\/p>\n<p style=\"text-align: justify;\"><strong>Roberto Gonz\u00e1lez Short<\/strong><\/p>\n<figure id=\"attachment_110599\" aria-describedby=\"caption-attachment-110599\" style=\"width: 699px\" class=\"wp-caption alignnone\"><img data-recalc-dims=\"1\" loading=\"lazy\" decoding=\"async\" class=\"size-full wp-image-110599\" src=\"https:\/\/i0.wp.com\/eltrabajo.cl\/portal\/wp-content\/uploads\/2021\/10\/Choque1-1.jpg?resize=640%2C428&#038;ssl=1\" alt=\"DIRECTO AL HOSPITAL.- El conductor del auto particular fue remitido a Urgencias del Hospital San Camilo por personal del SAMU.\" width=\"640\" height=\"428\" srcset=\"https:\/\/i0.wp.com\/eltrabajo.cl\/portal\/wp-content\/uploads\/2021\/10\/Choque1-1.jpg?w=699&amp;ssl=1 699w, https:\/\/i0.wp.com\/eltrabajo.cl\/portal\/wp-content\/uploads\/2021\/10\/Choque1-1.jpg?resize=300%2C200&amp;ssl=1 300w, https:\/\/i0.wp.com\/eltrabajo.cl\/portal\/wp-content\/uploads\/2021\/10\/Choque1-1.jpg?resize=200%2C134&amp;ssl=1 200w, https:\/\/i0.wp.com\/eltrabajo.cl\/portal\/wp-content\/uploads\/2021\/10\/Choque1-1.jpg?resize=696%2C465&amp;ssl=1 696w\" sizes=\"auto, (max-width: 640px) 100vw, 640px\" \/><figcaption id=\"caption-attachment-110599\" class=\"wp-caption-text\">DIRECTO AL HOSPITAL.- El conductor del auto particular fue remitido a Urgencias del Hospital San Camilo por personal del SAMU.<\/figcaption><\/figure>\n<figure id=\"attachment_110600\" aria-describedby=\"caption-attachment-110600\" style=\"width: 698px\" class=\"wp-caption alignnone\"><img data-recalc-dims=\"1\" loading=\"lazy\" decoding=\"async\" class=\"size-full wp-image-110600\" src=\"https:\/\/i0.wp.com\/eltrabajo.cl\/portal\/wp-content\/uploads\/2021\/10\/Choque2-1.jpg?resize=640%2C392&#038;ssl=1\" alt=\"AMBOS LESIONADOS.- Recostado en una pared qued\u00f3 el conductor del auto liviano, mientras que la conductora del colectivo fue atendida en una silla.\" width=\"640\" height=\"392\" srcset=\"https:\/\/i0.wp.com\/eltrabajo.cl\/portal\/wp-content\/uploads\/2021\/10\/Choque2-1.jpg?w=698&amp;ssl=1 698w, https:\/\/i0.wp.com\/eltrabajo.cl\/portal\/wp-content\/uploads\/2021\/10\/Choque2-1.jpg?resize=300%2C184&amp;ssl=1 300w, https:\/\/i0.wp.com\/eltrabajo.cl\/portal\/wp-content\/uploads\/2021\/10\/Choque2-1.jpg?resize=200%2C123&amp;ssl=1 200w, https:\/\/i0.wp.com\/eltrabajo.cl\/portal\/wp-content\/uploads\/2021\/10\/Choque2-1.jpg?resize=696%2C427&amp;ssl=1 696w\" sizes=\"auto, (max-width: 640px) 100vw, 640px\" \/><figcaption id=\"caption-attachment-110600\" class=\"wp-caption-text\">AMBOS LESIONADOS.- Recostado en una pared qued\u00f3 el conductor del auto liviano, mientras que la conductora del colectivo fue atendida en una silla.<\/figcaption><\/figure>\n","protected":false},"excerpt":{"rendered":"<p>Una colisi\u00f3n de mediana energ\u00eda se registr\u00f3 a las 13:00 horas de este lunes en la esquina de San Mart\u00edn con Toromazote, luego que un colectivo y un autom\u00f3vil particular chocaran, quedando&#8230;<\/p>\n","protected":false},"author":482,"featured_media":110600,"comment_status":"closed","ping_status":"open","sticky":false,"template":"","format":"standard","meta":{"advanced_seo_description":"","jetpack_seo_html_title":"","jetpack_seo_noindex":false,"_jetpack_memberships_contains_paid_content":false,"footnotes":""},"categories":[21],"tags":[],"class_list":["post-110598","post","type-post","status-publish","format-standard","has-post-thumbnail","hentry","category-policial"],"jetpack_featured_media_url":"https:\/\/i0.wp.com\/eltrabajo.cl\/portal\/wp-content\/uploads\/2021\/10\/Choque2-1.jpg?fit=698%2C428&ssl=1","jetpack_sharing_enabled":true,"jetpack_likes_enabled":true,"jetpack-related-posts":[],"_links":{"self":[{"href":"https:\/\/eltrabajo.cl\/portal\/wp-json\/wp\/v2\/posts\/110598","targetHints":{"allow":["GET"]}}],"collection":[{"href":"https:\/\/eltrabajo.cl\/portal\/wp-json\/wp\/v2\/posts"}],"about":[{"href":"https:\/\/eltrabajo.cl\/portal\/wp-json\/wp\/v2\/types\/post"}],"author":[{"embeddable":true,"href":"https:\/\/eltrabajo.cl\/portal\/wp-json\/wp\/v2\/users\/482"}],"replies":[{"embeddable":true,"href":"https:\/\/eltrabajo.cl\/portal\/wp-json\/wp\/v2\/comments?post=110598"}],"version-history":[{"count":0,"href":"https:\/\/eltrabajo.cl\/portal\/wp-json\/wp\/v2\/posts\/110598\/revisions"}],"wp:featuredmedia":[{"embeddable":true,"href":"https:\/\/eltrabajo.cl\/portal\/wp-json\/wp\/v2\/media\/110600"}],"wp:attachment":[{"href":"https:\/\/eltrabajo.cl\/portal\/wp-json\/wp\/v2\/media?parent=110598"}],"wp:term":[{"taxonomy":"category","embeddable":true,"href":"https:\/\/eltrabajo.cl\/portal\/wp-json\/wp\/v2\/categories?post=110598"},{"taxonomy":"post_tag","embeddable":true,"href":"https:\/\/eltrabajo.cl\/portal\/wp-json\/wp\/v2\/tags?post=110598"}],"curies":[{"name":"wp","href":"https:\/\/api.w.org\/{rel}","templated":true}]}}