{"id":110618,"date":"2021-10-13T07:50:35","date_gmt":"2021-10-13T10:50:35","guid":{"rendered":"https:\/\/eltrabajo.cl\/portal\/?p=110618"},"modified":"2021-10-12T22:36:00","modified_gmt":"2021-10-13T01:36:00","slug":"detienen-a-tres-sujetos-que-se-enfrentaron-a-balazos-con-funcionarios-pdi","status":"publish","type":"post","link":"https:\/\/eltrabajo.cl\/portal\/detienen-a-tres-sujetos-que-se-enfrentaron-a-balazos-con-funcionarios-pdi\/","title":{"rendered":"Detienen a tres sujetos que se enfrentaron a balazos con funcionarios PDI"},"content":{"rendered":"<p style=\"text-align: justify;\">Detectives de la Brigada de Investigaci\u00f3n Criminal Los Andes de la Polic\u00eda de Investigaciones de Chile, detuvieron a tres personas que efectuaron diversos disparos hacia el interior de una botiller\u00eda ubicada en el Barrio La Concepci\u00f3n.<\/p>\n<p style=\"text-align: justify;\">Seg\u00fan lo informado por la PDI, mientras los oficiales realizaban diligencias propias del \u00e1rea en el sector, se percataron que desde el interior de un veh\u00edculo color negro, el conductor procedi\u00f3 a bajar su ventanilla y a extraer un arma de fuego con la que dispar\u00f3 de manera reiterada hacia el local comercial.<\/p>\n<p style=\"text-align: justify;\">En este contexto, los efectivos procedieron a identificarse como funcionarios policiales y tras esto, el mismo sujeto procedi\u00f3 a percutar el arma en tres oportunidades contra los oficiales, por lo que se produjo un enfrentamiento en que uno de los imputados fue herido de bala en una pierna, por lo que, por instrucci\u00f3n del fiscal de turno, el trabajo en el sitio del suceso qued\u00f3 a cargo de la Brigada de Homicidios en conjunto con el Laboratorio de Criminal\u00edstica de la Regi\u00f3n de Valpara\u00edso.<\/p>\n<p style=\"text-align: justify;\">Una vez ocurrido el hecho, el veh\u00edculo procedi\u00f3 a darse a la fuga, gener\u00e1ndose una persecuci\u00f3n que concluy\u00f3 con la aprehensi\u00f3n de tres sujetos en la intersecci\u00f3n de las calles Santiago Bueras con General Schneider.<\/p>\n<p style=\"text-align: justify;\">Al respecto desde la PDI fue el jefe de la BH, subprefecto <strong>Marcelo Lazen<\/strong>, quien entreg\u00f3 detalles indicando que este d\u00eda lunes <em>\u00abaproximadamente a las 16:20 horas, en virtud a una denuncia por el delito de lesiones leves cursada en el servicio de guardia de la Prefectura Provincial Los Andes, personal de servicio concurri\u00f3 hasta la poblaci\u00f3n H\u00e9roes de la Concepci\u00f3n de esta ciudad (Los Andes), quienes al llegar cerca de una botiller\u00eda ubicada en calle Ignacio Carrera Pinto se percatan que desde el interior de un veh\u00edculo color negro, con cuatro personas en su interior, comienzan a disparar hacia el mencionado local comercial motivo por el cual se identifican como funcionarios de la PDI. Instantes en que fueron atacados por estas personas usando al afecto las armas de fuego que portaban, acci\u00f3n que fue inmediatamente repelida por los funcionarios policiales inici\u00e1ndose a la vez una persecuci\u00f3n por varias arterias de la ciudad, la cual culmin\u00f3 con la detenci\u00f3n de tres de los cuatro ocupantes del autom\u00f3vil\u00bb,<\/em> dijo.<\/p>\n<p style=\"text-align: justify;\">Como parte del operativo, la polic\u00eda civil incaut\u00f3 dos armas de fuego de pu\u00f1o y una artesanal, mientras que los detenidos quedaron a disposici\u00f3n del Juzgado de Garant\u00eda de Los Andes para ser formalizados por los delitos de lesiones leves, porte ilegal de armas e infracci\u00f3n a la Ley Org\u00e1nica de la PDI.<\/p>\n<p style=\"text-align: justify;\">Los tres detenidos fueron identificados como los hermanos\u00a0<strong>R.B. y A.A.R.A., y H.F.C.C.<\/strong>, todos con antecedentes policiales.<\/p>\n<figure id=\"attachment_110619\" aria-describedby=\"caption-attachment-110619\" style=\"width: 699px\" class=\"wp-caption alignnone\"><img data-recalc-dims=\"1\" loading=\"lazy\" decoding=\"async\" class=\"size-full wp-image-110619\" src=\"https:\/\/i0.wp.com\/eltrabajo.cl\/portal\/wp-content\/uploads\/2021\/10\/Arma.jpg?resize=640%2C481&#038;ssl=1\" alt=\"Las armas incautadas por la PDI Los Andes en este procedimiento.\" width=\"640\" height=\"481\" srcset=\"https:\/\/i0.wp.com\/eltrabajo.cl\/portal\/wp-content\/uploads\/2021\/10\/Arma.jpg?w=699&amp;ssl=1 699w, https:\/\/i0.wp.com\/eltrabajo.cl\/portal\/wp-content\/uploads\/2021\/10\/Arma.jpg?resize=300%2C225&amp;ssl=1 300w, https:\/\/i0.wp.com\/eltrabajo.cl\/portal\/wp-content\/uploads\/2021\/10\/Arma.jpg?resize=200%2C150&amp;ssl=1 200w, https:\/\/i0.wp.com\/eltrabajo.cl\/portal\/wp-content\/uploads\/2021\/10\/Arma.jpg?resize=696%2C523&amp;ssl=1 696w\" sizes=\"auto, (max-width: 640px) 100vw, 640px\" \/><figcaption id=\"caption-attachment-110619\" class=\"wp-caption-text\">Las armas incautadas por la PDI Los Andes en este procedimiento.<\/figcaption><\/figure>\n","protected":false},"excerpt":{"rendered":"<p>Detectives de la Brigada de Investigaci\u00f3n Criminal Los Andes de la Polic\u00eda de Investigaciones de Chile, detuvieron a tres personas que efectuaron diversos disparos hacia el interior de una botiller\u00eda ubicada en&#8230;<\/p>\n","protected":false},"author":482,"featured_media":110619,"comment_status":"closed","ping_status":"open","sticky":false,"template":"","format":"standard","meta":{"advanced_seo_description":"","jetpack_seo_html_title":"","jetpack_seo_noindex":false,"_jetpack_memberships_contains_paid_content":false,"footnotes":""},"categories":[21],"tags":[],"class_list":["post-110618","post","type-post","status-publish","format-standard","has-post-thumbnail","hentry","category-policial"],"jetpack_featured_media_url":"https:\/\/i0.wp.com\/eltrabajo.cl\/portal\/wp-content\/uploads\/2021\/10\/Arma.jpg?fit=699%2C525&ssl=1","jetpack_sharing_enabled":true,"jetpack_likes_enabled":true,"jetpack-related-posts":[],"_links":{"self":[{"href":"https:\/\/eltrabajo.cl\/portal\/wp-json\/wp\/v2\/posts\/110618","targetHints":{"allow":["GET"]}}],"collection":[{"href":"https:\/\/eltrabajo.cl\/portal\/wp-json\/wp\/v2\/posts"}],"about":[{"href":"https:\/\/eltrabajo.cl\/portal\/wp-json\/wp\/v2\/types\/post"}],"author":[{"embeddable":true,"href":"https:\/\/eltrabajo.cl\/portal\/wp-json\/wp\/v2\/users\/482"}],"replies":[{"embeddable":true,"href":"https:\/\/eltrabajo.cl\/portal\/wp-json\/wp\/v2\/comments?post=110618"}],"version-history":[{"count":0,"href":"https:\/\/eltrabajo.cl\/portal\/wp-json\/wp\/v2\/posts\/110618\/revisions"}],"wp:featuredmedia":[{"embeddable":true,"href":"https:\/\/eltrabajo.cl\/portal\/wp-json\/wp\/v2\/media\/110619"}],"wp:attachment":[{"href":"https:\/\/eltrabajo.cl\/portal\/wp-json\/wp\/v2\/media?parent=110618"}],"wp:term":[{"taxonomy":"category","embeddable":true,"href":"https:\/\/eltrabajo.cl\/portal\/wp-json\/wp\/v2\/categories?post=110618"},{"taxonomy":"post_tag","embeddable":true,"href":"https:\/\/eltrabajo.cl\/portal\/wp-json\/wp\/v2\/tags?post=110618"}],"curies":[{"name":"wp","href":"https:\/\/api.w.org\/{rel}","templated":true}]}}