{"id":110625,"date":"2021-10-13T08:00:50","date_gmt":"2021-10-13T11:00:50","guid":{"rendered":"https:\/\/eltrabajo.cl\/portal\/?p=110625"},"modified":"2021-10-12T22:39:09","modified_gmt":"2021-10-13T01:39:09","slug":"hombre-muere-tras-caer-del-techo-de-un-galpon-a-unos-7-metros-de-altura","status":"publish","type":"post","link":"https:\/\/eltrabajo.cl\/portal\/hombre-muere-tras-caer-del-techo-de-un-galpon-a-unos-7-metros-de-altura\/","title":{"rendered":"Hombre muere tras caer del techo de un galp\u00f3n a unos 7 metros de altura"},"content":{"rendered":"<p style=\"text-align: justify;\">Un hombre fue encontrado tirado en el suelo, herido de extrema gravedad, al interior de un galp\u00f3n ubicado en calle Bueras n\u00famero 463 de la ciudad de San Felipe.<\/p>\n<p style=\"text-align: justify;\">El hallazgo lo realiz\u00f3 la ma\u00f1ana de ayer un trabajador que llegaba a cumplir sus labores habituales al recinto, quien al percatarse de la gravedad del herido dio el aviso pertinente, concurriendo hasta el lugar personal de Carabineros y del servicio de urgencia.<\/p>\n<p style=\"text-align: justify;\">Lamentablemente y pese a los esfuerzos desplegados por personal del SAMU para poder salvarle la vida, finalmente la v\u00edctima falleci\u00f3 en el mismo lugar de los hechos.<\/p>\n<p style=\"text-align: justify;\">La informaci\u00f3n por parte de Carabineros fue entregada y confirmada por el mayor <strong>Cristian Ram\u00edrez Gald\u00e1mez<\/strong>, se\u00f1alando que <em>\u00aben horas de la ma\u00f1ana se recepcion\u00f3 un llamado al personal de Carabineros en el cual indicaban que una persona, un trabajador espec\u00edficamente, encontr\u00f3 al interior de una bodega a una persona de sexo masculino tendido en el piso con evidentes lesiones, el cual hab\u00eda ca\u00eddo posiblemente de un techo de 7 metros de altura aproximadamente, el cual luego y a pesar de maniobras de reanimaci\u00f3n por parte del personal SAMU, falleci\u00f3 en el lugar de los hechos. Lamentamos mucho la situaci\u00f3n, enviamos nuestras condolencias a la familia, en este caso de la persona fallecida\u00bb,<\/em> dijo.<\/p>\n<p style=\"text-align: justify;\">Agreg\u00f3 el mayor Ramirez Gald\u00e1mez que, en cuanto a las causas del deceso y las circunstancias que rodeaban a la permanencia de esta persona en el lugar, espec\u00edficamente en calle Bueras 463, <em>\u00ablas tendr\u00e1 que determinar el Ministerio P\u00fablico. Todas las pericias en el sitio del suceso est\u00e1n a cargo de la Polic\u00eda de Investigaciones\u00bb,<\/em> se\u00f1al\u00f3.<\/p>\n<p style=\"text-align: justify;\">Sobre la identidad del fallecido, podemos informar que era muy conocido como <strong>Eladio<\/strong>. As\u00ed al menos lo manifestaron algunas personas en el mismo lugar y tambi\u00e9n por redes sociales.<\/p>\n<p style=\"text-align: justify;\">\n<p style=\"text-align: justify;\"><span style=\"color: #ff0000;\">DESCARTAN PARTICIPACI\u00d3N DE TERCEROS<\/span><\/p>\n<p style=\"text-align: justify;\">Por su parte el comisario y jefe de la Brigada de Homicidios de la PDI Los Andes, <strong>Marcelo Lazen<\/strong>, indic\u00f3 que personal de dicha unidad arrib\u00f3 al sitio del suceso a eso de las 11 de la ma\u00f1ana, practicando los ex\u00e1menes preliminares al cuerpo de la v\u00edctima, estableciendo que su deceso se hab\u00eda registrado unas dos a tres horas antes, es decir a eso de las 8 a 9 de la ma\u00f1ana.<\/p>\n<p style=\"text-align: justify;\">Seg\u00fan indic\u00f3, la v\u00edctima corresponde a un hombre de 37 a\u00f1os de edad, vecino del sector, quien falleci\u00f3 producto de un traumatismo craneano al caer de una gran altura, descart\u00e1ndose en principio la participaci\u00f3n de terceros en la muerte.<\/p>\n<p style=\"text-align: justify;\">La v\u00edctima fue identificada con las iniciales <strong>C.M.P.<\/strong>, excus\u00e1ndose el funcionario policial de entregar mayores antecedentes.<\/p>\n<figure id=\"attachment_110626\" aria-describedby=\"caption-attachment-110626\" style=\"width: 699px\" class=\"wp-caption alignnone\"><img data-recalc-dims=\"1\" loading=\"lazy\" decoding=\"async\" class=\"size-full wp-image-110626\" src=\"https:\/\/i0.wp.com\/eltrabajo.cl\/portal\/wp-content\/uploads\/2021\/10\/Fallecido.jpg?resize=640%2C456&#038;ssl=1\" alt=\"Carabineros y personal de la PDI trabajando en el sitio del suceso, ante la mirada de numerosas personas que llegaron hasta el lugar.\" width=\"640\" height=\"456\" srcset=\"https:\/\/i0.wp.com\/eltrabajo.cl\/portal\/wp-content\/uploads\/2021\/10\/Fallecido.jpg?w=699&amp;ssl=1 699w, https:\/\/i0.wp.com\/eltrabajo.cl\/portal\/wp-content\/uploads\/2021\/10\/Fallecido.jpg?resize=300%2C214&amp;ssl=1 300w, https:\/\/i0.wp.com\/eltrabajo.cl\/portal\/wp-content\/uploads\/2021\/10\/Fallecido.jpg?resize=200%2C142&amp;ssl=1 200w, https:\/\/i0.wp.com\/eltrabajo.cl\/portal\/wp-content\/uploads\/2021\/10\/Fallecido.jpg?resize=696%2C496&amp;ssl=1 696w\" sizes=\"auto, (max-width: 640px) 100vw, 640px\" \/><figcaption id=\"caption-attachment-110626\" class=\"wp-caption-text\">Carabineros y personal de la PDI trabajando en el sitio del suceso, ante la mirada de numerosas personas que llegaron hasta el lugar.<\/figcaption><\/figure>\n","protected":false},"excerpt":{"rendered":"<p>Un hombre fue encontrado tirado en el suelo, herido de extrema gravedad, al interior de un galp\u00f3n ubicado en calle Bueras n\u00famero 463 de la ciudad de San Felipe. El hallazgo lo&#8230;<\/p>\n","protected":false},"author":482,"featured_media":110626,"comment_status":"closed","ping_status":"open","sticky":false,"template":"","format":"standard","meta":{"advanced_seo_description":"","jetpack_seo_html_title":"","jetpack_seo_noindex":false,"_jetpack_memberships_contains_paid_content":false,"footnotes":""},"categories":[21],"tags":[],"class_list":["post-110625","post","type-post","status-publish","format-standard","has-post-thumbnail","hentry","category-policial"],"jetpack_featured_media_url":"https:\/\/i0.wp.com\/eltrabajo.cl\/portal\/wp-content\/uploads\/2021\/10\/Fallecido.jpg?fit=699%2C498&ssl=1","jetpack_sharing_enabled":true,"jetpack_likes_enabled":true,"jetpack-related-posts":[],"_links":{"self":[{"href":"https:\/\/eltrabajo.cl\/portal\/wp-json\/wp\/v2\/posts\/110625","targetHints":{"allow":["GET"]}}],"collection":[{"href":"https:\/\/eltrabajo.cl\/portal\/wp-json\/wp\/v2\/posts"}],"about":[{"href":"https:\/\/eltrabajo.cl\/portal\/wp-json\/wp\/v2\/types\/post"}],"author":[{"embeddable":true,"href":"https:\/\/eltrabajo.cl\/portal\/wp-json\/wp\/v2\/users\/482"}],"replies":[{"embeddable":true,"href":"https:\/\/eltrabajo.cl\/portal\/wp-json\/wp\/v2\/comments?post=110625"}],"version-history":[{"count":0,"href":"https:\/\/eltrabajo.cl\/portal\/wp-json\/wp\/v2\/posts\/110625\/revisions"}],"wp:featuredmedia":[{"embeddable":true,"href":"https:\/\/eltrabajo.cl\/portal\/wp-json\/wp\/v2\/media\/110626"}],"wp:attachment":[{"href":"https:\/\/eltrabajo.cl\/portal\/wp-json\/wp\/v2\/media?parent=110625"}],"wp:term":[{"taxonomy":"category","embeddable":true,"href":"https:\/\/eltrabajo.cl\/portal\/wp-json\/wp\/v2\/categories?post=110625"},{"taxonomy":"post_tag","embeddable":true,"href":"https:\/\/eltrabajo.cl\/portal\/wp-json\/wp\/v2\/tags?post=110625"}],"curies":[{"name":"wp","href":"https:\/\/api.w.org\/{rel}","templated":true}]}}