{"id":110673,"date":"2021-10-15T08:00:10","date_gmt":"2021-10-15T11:00:10","guid":{"rendered":"https:\/\/eltrabajo.cl\/portal\/?p=110673"},"modified":"2021-10-15T13:07:48","modified_gmt":"2021-10-15T16:07:48","slug":"sujetos-agreden-brutalmente-a-joven-de-19-anos-y-le-dislocaron-un-hombro","status":"publish","type":"post","link":"https:\/\/eltrabajo.cl\/portal\/sujetos-agreden-brutalmente-a-joven-de-19-anos-y-le-dislocaron-un-hombro\/","title":{"rendered":"Sujetos agreden brutalmente a joven de 19 a\u00f1os y le dislocaron un hombro"},"content":{"rendered":"<ul style=\"text-align: justify;\">\n<li style=\"text-align: left;\"><strong> V\u00edctima estaba con su polola y otros amigos en Avenida Yungay con Merced cuando se produjo la agresi\u00f3n, desconociendo los motivos de la golpiza.<\/strong><\/li>\n<\/ul>\n<p style=\"text-align: justify;\">Un joven de 19 a\u00f1os que estaba en compa\u00f1\u00eda de su polola de la misma edad, junto a otros amigos, fue brutalmente agredido por unos sujetos que se movilizaban en una camioneta, sacando \u00e9ste la peor parte porque como consecuencia de la agresi\u00f3n result\u00f3 con su hombro izquierdo dislocado.<\/p>\n<p style=\"text-align: justify;\">Sobre los motivos de la agresi\u00f3n no se sabe, porque ellos aseguran que estaban tranquilamente en la avenida conversando, riendo. La se\u00f1ora <strong>J\u00e9ssica, <\/strong>suegra del joven lesionado, presume que los agresores quiz\u00e1s pensaron que se estaban riendo de ellos.<\/p>\n<p style=\"text-align: justify;\">La agresi\u00f3n se registr\u00f3 este mi\u00e9rcoles en la tarde en Avenida Yungay con calle Merced, y seg\u00fan indica J\u00e9ssica, \u00abellos estaban en la alameda conversando con dos amigos m\u00e1s, cuando pasa una camioneta ploma con dos j\u00f3venes ya mayores y empiezan a insultar a los ni\u00f1os, los ni\u00f1os tambien les devuelven sus garabatos y estos \u2018gallos\u2019 se dan la vuelta, suben la camioneta arriba de la vereda, se bajan, empiezan a decir cosas a los ni\u00f1os, los ni\u00f1os tambien y ah\u00ed estos \u2018gallos\u2019 los golpearon a los ni\u00f1os; uno cay\u00f3 al suelo, el pololo de mi hija, y \u00e9stos lo golpearon en el suelto con una patada en la cara y donde cay\u00f3 se disloc\u00f3 el hombro. Luego de esto ellos se subieron a la camioneta y mucha gente empez\u00f3 a encerrarlos para llamar a Carabineros, y \u00e9stos pasaron por arriba de estos muritos blancos que hay, que lo quebraron, y arrancaron entre la vereda y la calle.<\/p>\n<p style=\"text-align: justify;\">&#8211; <strong>\u00bfEsto d\u00f3nde fue?<\/strong><\/p>\n<p style=\"text-align: justify;\">&#8211; En Merced con Yungay.<\/p>\n<p style=\"text-align: justify;\">&#8211; <strong>\u00bfA qu\u00e9 hora m\u00e1s o menos aproximadamente?<\/strong><\/p>\n<p style=\"text-align: justify;\">&#8211; Como a las 4 \u00f3 5 de la tarde. Yo estaba trabajando cuando me avisaron que estaban en el hospital con el joven. Porque llamaron a Carabineros, no se hizo presente, llamaron a la ambulancia, tampoco, y una se\u00f1ora llev\u00f3 a los ni\u00f1os a constatar lesiones.<\/p>\n<p style=\"text-align: justify;\">A consecuencia de la salvaje agresi\u00f3n el joven sufri\u00f3 una dislocaci\u00f3n de su hombro izquierdo, exlica J\u00e9ssica, en tanto su hija result\u00f3 ilesa. \u00abAl otro joven tambi\u00e9n le pegaron unos pu\u00f1etes por los brazos, pero el que sali\u00f3 m\u00e1s perjudicado fue el pololo de mi hija.<\/p>\n<p style=\"text-align: justify;\">&#8211; <strong>Cuando le comentaron a usted lo sucedido, \u00bfle dijeron alg\u00fan motivo, alguna cosa en el fondo para la agresi\u00f3n?<\/strong><\/p>\n<p style=\"text-align: justify;\">&#8211; No, ninguna cosa, ning\u00fan motivo. Solamente que ellos estaban sentados ri\u00e9ndose y estos tipos pasaron, no s\u00e9 a lo mejor pensaron que se estaban riendo de ellos, pero ellos ni siquiera los conocen. Unos dicen que eran rubios de pelo largo, como medios \u2018cuicos\u2019, y fue eso, se bajaron y le pegaron. Incluso la gente que estaba ah\u00ed le empezaron a gritar que los dejaran. Porque ellos estaban ah\u00ed sentados, no estaban haciendo nada malo.<\/p>\n<p style=\"text-align: justify;\">&#8211; <strong>\u00bfLograron ver alguna caracter\u00edstica del veh\u00edculo?, usted me dec\u00eda por la patente presuntamente ser\u00edan de Santa Mar\u00eda.<\/strong><\/p>\n<p style=\"text-align: justify;\">&#8211; S\u00ed, de ah\u00ed de Jahuel.<\/p>\n<p style=\"text-align: justify;\">&#8211; <strong>\u00bfPor qu\u00e9 dice usted eso?<\/strong><\/p>\n<p style=\"text-align: justify;\">&#8211; Porque nosotros hicimos un parte en Carabineros y Carabineros dijo que esa camioneta pertenec\u00eda a Jahuel. Nosotros hicimos el parte en Carabineros anoche (mi\u00e9rcoles), despu\u00e9s que salimos de primeros auxilios fuimos al tiro a Carabineros a contar lo que hab\u00eda pasado.<\/p>\n<p style=\"text-align: justify;\">&#8211; <strong>\u00bfNo hubo personas detenidas?<\/strong><\/p>\n<p style=\"text-align: justify;\">&#8211; No, no porque ellos arrancaron. A los ni\u00f1os incluso una se\u00f1ora los llev\u00f3 a primeros auxilios, porque el ni\u00f1o (pololo de su hija) gritaba mucho porque el hombro se lo hab\u00eda dislocado.<\/p>\n<p style=\"text-align: justify;\">&#8211; <strong>\u00c9l, hoy (ayer) tiene hora al m\u00e9dico me dec\u00eda usted.<\/strong><\/p>\n<p style=\"text-align: justify;\">&#8211; S\u00ed, a Los Andes, porque lo derivaron a un traumat\u00f3logo.<\/p>\n<p style=\"text-align: justify;\">&#8211; <strong>\u00bfAn\u00edmicamente c\u00f3mo est\u00e1n?<\/strong><\/p>\n<p style=\"text-align: justify;\">&#8211; Mi hija muy nerviosa. Ayer (mi\u00e9rcoles) tiritaba porque son ni\u00f1os bien tranquilos. A mi hija no le cab\u00eda en la cabeza lo que hab\u00eda pasado. Porque c\u00f3mo hab\u00eda pasado eso de estos \u2018gallos\u2019, bajarse y pegarles a los ni\u00f1os. Ellas no se metieron porque a lo mejor hasta a ellas les habr\u00edan pegado.<\/p>\n<p style=\"text-align: justify;\">&#8211; <strong>\u00bfLe dijeron el n\u00famero aproximado, 2, 3 sujetos? \u00bfCu\u00e1ntos ser\u00edan?<\/strong><\/p>\n<p style=\"text-align: justify;\">&#8211; Eran dos, dos, y parecen que eran hermanos, porque cuando le dijo \u00abya vamos hermano\u00bb.<\/p>\n<p style=\"text-align: justify;\">&#8211; <strong>\u00bfO sea se bajaron, le pegaron y se fueron?<\/strong><\/p>\n<p style=\"text-align: justify;\">&#8211; S\u00ed, lo que me dec\u00eda mi hija. Claro, se bajaron, les pegaron y se fueron. Incluso la gente, los autos estaban como encerr\u00e1ndolos para que no salieran y se echaron un foco de la camioneta y partieron.<\/p>\n<p style=\"text-align: justify;\">&#8211; <strong>Usted como madre, \u00bfc\u00f3mo se siente con todo esto?<\/strong><\/p>\n<p style=\"text-align: justify;\">&#8211; Mal, porque igual los ni\u00f1os no pueden salir. La gente anda como no s\u00e9, como enferma, estresada, o sea usted no puede estar con una amiga ri\u00e9ndose si van a venir unos tipos a pegarle, pensando que se est\u00e1n riendo de usted, y no es as\u00ed la cosa. Claro, ahora a la ni\u00f1a le voy a decir que no salga o que tenga cuidado, no s\u00e9, porque me va a dar miedo que en cualquier momento le pase lo que pas\u00f3 con el pololo de mi hija.<\/p>\n<p style=\"text-align: justify;\">&#8211; <strong>\u00bfBuscan informaci\u00f3n ustedes de los agresores?<\/strong><\/p>\n<p style=\"text-align: justify;\">&#8211; S\u00ed, tenemos la patente, la foto del veh\u00edculo donde se ven los dos j\u00f3venes\u2026 Uno se ve. Eso nos mandaron gente porque yo lo sub\u00ed a funarlos y mucha gente mand\u00f3 informaci\u00f3n, fotos de gente que sac\u00f3 foto ah\u00ed en el momento. Incluso hay un video donde salen arrancando.<\/p>\n<p style=\"text-align: justify;\">&#8211; <strong>\u00bfEst\u00e1n citadas a la fiscal\u00eda local de San Felipe?<\/strong><\/p>\n<p style=\"text-align: justify;\">&#8211; S\u00ed.<\/p>\n<p style=\"text-align: justify;\">&#8211; <strong>\u00bfAh\u00ed van a poder entregar todas esas pruebas tambi\u00f3n o las entregaron en Carabineros?<\/strong><\/p>\n<p style=\"text-align: justify;\">&#8211; Las entregamos en Carabineros ayer (mi\u00e9rcoles) al tiro.<\/p>\n<p style=\"text-align: justify;\">&#8211; <strong>\u00bfAlgo m\u00e1s que agregar se\u00f1ora Jessica?<\/strong><\/p>\n<p style=\"text-align: justify;\">&#8211; Que es bastante fome esto lo que est\u00e1 pasando aqu\u00ed en San Felipe. Hay gente que anda como no s\u00e9, enloquecida podr\u00eda decirle. Yo estoy choqueada con esto, cuando llegu\u00e9 al Hospital y ver a mi hija tiritando de miedo, pensando que pod\u00edan volver y no s\u00e9, es algo bastante inc\u00f3modo para m\u00ed.<\/p>\n<p style=\"text-align: justify;\">&#8211; <strong>\u00bfCu\u00e1ntos a\u00f1os tiene su hija?<\/strong><\/p>\n<p style=\"text-align: justify;\">&#8211; Mi hija tiene 19 tambien, si son unos \u2018pajaritos\u2019 flaquitos, chiquitos, ni siquiera son grandes, parecen \u2018chiquillos\u2019 de 16, imag\u00ednese, y estos \u2018gallos\u2019 eran unos tontos grandes.<\/p>\n<p style=\"text-align: justify;\"><span style=\"color: #ff0000;\">DISLOCACI\u00d3N DE HOMBRO<\/span><\/p>\n<p style=\"text-align: justify;\">Lesi\u00f3n en la que el hueso de la parte superior del brazo se sale del om\u00f3plato.Un hombro dislocado requiere atenci\u00f3n m\u00e9dica inmediata.<\/p>\n<p style=\"text-align: justify;\">Los s\u00edntomas incluyen hinchaz\u00f3n, imposibilidad de mover la articulaci\u00f3n y dolor.<\/p>\n<p style=\"text-align: justify;\">El tratamiento incluye la colocaci\u00f3n del hueso en su lugar, el uso de una f\u00e9rula, medicamentos y rehabilitaci\u00f3n. Solo algunos casos poco frecuentes necesitan cirug\u00eda.<\/p>\n<figure id=\"attachment_110675\" aria-describedby=\"caption-attachment-110675\" style=\"width: 699px\" class=\"wp-caption alignnone\"><img data-recalc-dims=\"1\" loading=\"lazy\" decoding=\"async\" class=\"size-full wp-image-110675\" src=\"https:\/\/i0.wp.com\/eltrabajo.cl\/portal\/wp-content\/uploads\/2021\/10\/luxo-Lugar.jpg?resize=640%2C481&#038;ssl=1\" alt=\"Intersecci\u00f3n de la Avenida Yungay con Merced, donde ocurrieron los hechos este mi\u00e9rcoles en la tarde.\" width=\"640\" height=\"481\" srcset=\"https:\/\/i0.wp.com\/eltrabajo.cl\/portal\/wp-content\/uploads\/2021\/10\/luxo-Lugar.jpg?w=699&amp;ssl=1 699w, https:\/\/i0.wp.com\/eltrabajo.cl\/portal\/wp-content\/uploads\/2021\/10\/luxo-Lugar.jpg?resize=300%2C225&amp;ssl=1 300w, https:\/\/i0.wp.com\/eltrabajo.cl\/portal\/wp-content\/uploads\/2021\/10\/luxo-Lugar.jpg?resize=200%2C150&amp;ssl=1 200w, https:\/\/i0.wp.com\/eltrabajo.cl\/portal\/wp-content\/uploads\/2021\/10\/luxo-Lugar.jpg?resize=696%2C523&amp;ssl=1 696w\" sizes=\"auto, (max-width: 640px) 100vw, 640px\" \/><figcaption id=\"caption-attachment-110675\" class=\"wp-caption-text\">Intersecci\u00f3n de la Avenida Yungay con Merced, donde ocurrieron los hechos este mi\u00e9rcoles en la tarde.<\/figcaption><\/figure>\n<figure id=\"attachment_110674\" aria-describedby=\"caption-attachment-110674\" style=\"width: 699px\" class=\"wp-caption alignnone\"><img data-recalc-dims=\"1\" loading=\"lazy\" decoding=\"async\" class=\"size-full wp-image-110674\" src=\"https:\/\/i0.wp.com\/eltrabajo.cl\/portal\/wp-content\/uploads\/2021\/10\/luxo-Camioneta.jpg?resize=640%2C427&#038;ssl=1\" alt=\"Ac\u00e1 los sujetos en la camioneta que dice la afectada habr\u00edan agredido a su yerno. (Foto p\u00e1gina As\u00ed no me gusta San Felipe de Facebook).\" width=\"640\" height=\"427\" srcset=\"https:\/\/i0.wp.com\/eltrabajo.cl\/portal\/wp-content\/uploads\/2021\/10\/luxo-Camioneta.jpg?w=699&amp;ssl=1 699w, https:\/\/i0.wp.com\/eltrabajo.cl\/portal\/wp-content\/uploads\/2021\/10\/luxo-Camioneta.jpg?resize=300%2C200&amp;ssl=1 300w, https:\/\/i0.wp.com\/eltrabajo.cl\/portal\/wp-content\/uploads\/2021\/10\/luxo-Camioneta.jpg?resize=200%2C133&amp;ssl=1 200w, https:\/\/i0.wp.com\/eltrabajo.cl\/portal\/wp-content\/uploads\/2021\/10\/luxo-Camioneta.jpg?resize=696%2C464&amp;ssl=1 696w\" sizes=\"auto, (max-width: 640px) 100vw, 640px\" \/><figcaption id=\"caption-attachment-110674\" class=\"wp-caption-text\">Ac\u00e1 los sujetos en la camioneta que dice la afectada habr\u00edan agredido a su yerno. (Foto p\u00e1gina As\u00ed no me gusta San Felipe de Facebook).<\/figcaption><\/figure>\n","protected":false},"excerpt":{"rendered":"<p>V\u00edctima estaba con su polola y otros amigos en Avenida Yungay con Merced cuando se produjo la agresi\u00f3n, desconociendo los motivos de la golpiza. Un joven de 19 a\u00f1os que estaba en&#8230;<\/p>\n","protected":false},"author":482,"featured_media":110674,"comment_status":"closed","ping_status":"open","sticky":false,"template":"","format":"standard","meta":{"advanced_seo_description":"","jetpack_seo_html_title":"","jetpack_seo_noindex":false,"_jetpack_memberships_contains_paid_content":false,"footnotes":""},"categories":[21],"tags":[],"class_list":["post-110673","post","type-post","status-publish","format-standard","has-post-thumbnail","hentry","category-policial"],"jetpack_featured_media_url":"https:\/\/i0.wp.com\/eltrabajo.cl\/portal\/wp-content\/uploads\/2021\/10\/luxo-Camioneta.jpg?fit=699%2C466&ssl=1","jetpack_sharing_enabled":true,"jetpack_likes_enabled":true,"jetpack-related-posts":[],"_links":{"self":[{"href":"https:\/\/eltrabajo.cl\/portal\/wp-json\/wp\/v2\/posts\/110673","targetHints":{"allow":["GET"]}}],"collection":[{"href":"https:\/\/eltrabajo.cl\/portal\/wp-json\/wp\/v2\/posts"}],"about":[{"href":"https:\/\/eltrabajo.cl\/portal\/wp-json\/wp\/v2\/types\/post"}],"author":[{"embeddable":true,"href":"https:\/\/eltrabajo.cl\/portal\/wp-json\/wp\/v2\/users\/482"}],"replies":[{"embeddable":true,"href":"https:\/\/eltrabajo.cl\/portal\/wp-json\/wp\/v2\/comments?post=110673"}],"version-history":[{"count":0,"href":"https:\/\/eltrabajo.cl\/portal\/wp-json\/wp\/v2\/posts\/110673\/revisions"}],"wp:featuredmedia":[{"embeddable":true,"href":"https:\/\/eltrabajo.cl\/portal\/wp-json\/wp\/v2\/media\/110674"}],"wp:attachment":[{"href":"https:\/\/eltrabajo.cl\/portal\/wp-json\/wp\/v2\/media?parent=110673"}],"wp:term":[{"taxonomy":"category","embeddable":true,"href":"https:\/\/eltrabajo.cl\/portal\/wp-json\/wp\/v2\/categories?post=110673"},{"taxonomy":"post_tag","embeddable":true,"href":"https:\/\/eltrabajo.cl\/portal\/wp-json\/wp\/v2\/tags?post=110673"}],"curies":[{"name":"wp","href":"https:\/\/api.w.org\/{rel}","templated":true}]}}