{"id":110686,"date":"2021-10-18T07:40:24","date_gmt":"2021-10-18T10:40:24","guid":{"rendered":"https:\/\/eltrabajo.cl\/portal\/?p=110686"},"modified":"2021-10-17T22:14:03","modified_gmt":"2021-10-18T01:14:03","slug":"con-300-bomberos-y-35-carros-bombas-se-logro-controlar-gran-incendio-forestal","status":"publish","type":"post","link":"https:\/\/eltrabajo.cl\/portal\/con-300-bomberos-y-35-carros-bombas-se-logro-controlar-gran-incendio-forestal\/","title":{"rendered":"Con 300 bomberos y 35 carros bombas se logr\u00f3 controlar gran incendio forestal"},"content":{"rendered":"<p style=\"text-align: left;\"><span style=\"color: #ff0000;\"><strong>Inici\u00f3 en Catemu y fue finalmente frenado en Quebrada Herrera:<\/strong><\/span><\/p>\n<ul style=\"text-align: left;\">\n<li><strong> Apoyaron Bomberos de Hijuelas, Los Andes, Til Til y de otras comunas. Por horas, los bomberos debieron esperar hasta que las llamas fueran controlables.<\/strong><\/li>\n<\/ul>\n<p style=\"text-align: justify;\">Nuevamente un gigantesco incendio forestal se desat\u00f3 por 10 horas en el Valle de Aconcagua, esta vez con mayor fuerza y poder destructivo que el ocurrido hace m\u00e1s de una semana. Este siniestro empez\u00f3 en Catemu, se extendi\u00f3 libremente por la serran\u00eda de los cerros, avanz\u00f3 hasta Panquehue y se volvi\u00f3 imposible de manejar por Bomberos espec\u00edficamente a la altura del peaje Panquehue en la Ruta Los Andes 60 CH, y que al final lleg\u00f3 hasta el sector El Asiento, a decenas de kil\u00f3metros del lugar donde se origin\u00f3.<\/p>\n<p style=\"text-align: justify;\">\n<p style=\"text-align: justify;\"><span style=\"color: #ff0000;\">CON 300 BOMBEROS<\/span><\/p>\n<p style=\"text-align: justify;\">Las c\u00e1maras de <strong>Diario El Trabajo<\/strong> estuvieron en el lugar para tomar registro de la impotencia de los bomberos ante las lenguas de fuego que med\u00edan cerca de 20 metros, devorando \u00e1rboles y bosques por completo. La informaci\u00f3n y detalles de la jornada nos la entreg\u00f3 el comandante de Bomberos San Felipe <strong>Juan Carlos Herrera Lillo<\/strong>.<\/p>\n<p style=\"text-align: justify;\">\u00ab<em>La verdad es que ese incendio empez\u00f3 cerca de las 11:0 de la ma\u00f1ana del viernes en el sector de Catemu, donde se desplazaron unidades bomberiles de dicha comuna, posteriormente se hizo una evaluaci\u00f3n, ya que pas\u00f3 el fuego por el sector a la altura del peaje por la zona de Panquehue. Concurr\u00ed el lugar, no hab\u00eda ninguna posibilidad de poder trabajar con las unidades de San Felipe, ya que el fuego se encontraba aproximadamente de la carretera a 100 metros del interior, donde hay bastante vegetaci\u00f3n seca y una cantidad de peque\u00f1os bosques que est\u00e1n totalmente secos. Nuestra preocupaci\u00f3n era en un principio de evitar que el fuego se ingresara a las viviendas y que aproximadamente a 400 metros hacia arriba hab\u00eda una vivienda y unos galpones tambi\u00e9n, el fuego ya pasadas la 15:00 horas era incontrolable, tuvimos cerrar la carretera antes de abarcar por ambos lados y la verdad es que aproximadamente se tuvo que solicitar apoyo a otros cuerpos de Bomberos, llegaron a aproximadamente 35 carros bomba con casi 300 bomberos que combatieron el incendio, se quemaron casi 40 hect\u00e1reas, eucaliptus y vegetaci\u00f3n colindante de ese sector. Las llamas llegaron al cruce de El Escorial, luego se extendi\u00f3 hasta el sector Quebrada Herrera y El Asiento<\/em>\u00bb, indic\u00f3 Herrera Lillo a <strong>Diario El Trabajo<\/strong>.<\/p>\n<p style=\"text-align: justify;\">&#8211; <strong>\u00bfHasta qu\u00e9 horas debieron trabajar esta emergencia?<\/strong><\/p>\n<p style=\"text-align: justify;\">&#8211; Se trabaj\u00f3 hasta las 22:00 horas, ya para el domingo empez\u00f3 a trabajar el personal de Conaf en ese sector, haciendo lo \u00faltimo de remojo para los que est\u00e1n encendidos. La verdad es que ya nosotros no participamos en esa etapa, creo que lo dimos todo, el fuego se propag\u00f3 a ambos lados de la carretera, situaci\u00f3n muy compleja que se vivi\u00f3 en determinados momentos.<\/p>\n<p style=\"text-align: justify;\">&#8211; <strong>\u00bfEra muy violenta muy cr\u00edtica la situaci\u00f3n?<\/strong><\/p>\n<p style=\"text-align: justify;\">&#8211; S\u00ed, era un fuego que la verdad que muy violento, sin control, pues al trabajar nosotros como bomberos era in\u00fatil pues las llamas eran de aproximadamente entre 20 y 25 metros de altura, se quemaban los eucaliptos como si nada, as\u00ed que la verdad que se trabaj\u00f3 muy arduamente, vino hasta el Cuerpo de Bomberos de Til Til, Hijuelas, Los Andes. La verdad que es un trabajo bastante, fue arduo el hecho de que todos aportaron con su maquinaria, sus tractores, procesadores que tambi\u00e9n pistolas, que tienen agua, los tractores.<\/p>\n<p style=\"text-align: justify;\">&#8211; <strong>Esta vez pareciera que fue m\u00e1s grande que los dem\u00e1s, \u00bfqu\u00e9 le solicita a la ciudadan\u00eda?<\/strong><\/p>\n<p style=\"text-align: justify;\">&#8211; Bueno, la verdad es que hubo un trabajo en conjunto de una situaci\u00f3n que por lo menos hace muchos a\u00f1os que no se ve\u00eda aqu\u00ed en San Felipe, en este sector de Panquehue, lamentablemente por lo que se quema la vegetaci\u00f3n que es una pena. Cada vez vamos a ir teniendo mayor sequ\u00eda y las circunstancias como se ven en ese sector la verdad que no se ve bien para esta temporada. As\u00ed que por favor, la gente a apoyar, a no hacer ning\u00fan tipo de quema y a los que andan haciendo incendios denunciarlos.<\/p>\n<p style=\"text-align: justify;\"><strong>Roberto Gonz\u00e1lez Short<\/strong><\/p>\n<p style=\"text-align: justify;\"><strong>Fotos Gabriel Orellana Pezoa<\/strong><\/p>\n<figure id=\"attachment_110687\" aria-describedby=\"caption-attachment-110687\" style=\"width: 698px\" class=\"wp-caption alignnone\"><img data-recalc-dims=\"1\" loading=\"lazy\" decoding=\"async\" class=\"size-full wp-image-110687\" src=\"https:\/\/i0.wp.com\/eltrabajo.cl\/portal\/wp-content\/uploads\/2021\/10\/Forestal1-1.jpg?resize=640%2C360&#038;ssl=1\" alt=\"DESCONTROLADO.- Este es el infernal escenario visto desde la autopista Los Andes sector peaje de Panquehue, decenas de peque\u00f1os bosques fueron reducidos a cenizas.\" width=\"640\" height=\"360\" srcset=\"https:\/\/i0.wp.com\/eltrabajo.cl\/portal\/wp-content\/uploads\/2021\/10\/Forestal1-1.jpg?w=698&amp;ssl=1 698w, https:\/\/i0.wp.com\/eltrabajo.cl\/portal\/wp-content\/uploads\/2021\/10\/Forestal1-1.jpg?resize=300%2C169&amp;ssl=1 300w, https:\/\/i0.wp.com\/eltrabajo.cl\/portal\/wp-content\/uploads\/2021\/10\/Forestal1-1.jpg?resize=200%2C113&amp;ssl=1 200w, https:\/\/i0.wp.com\/eltrabajo.cl\/portal\/wp-content\/uploads\/2021\/10\/Forestal1-1.jpg?resize=696%2C392&amp;ssl=1 696w\" sizes=\"auto, (max-width: 640px) 100vw, 640px\" \/><figcaption id=\"caption-attachment-110687\" class=\"wp-caption-text\">DESCONTROLADO.- Este es el infernal escenario visto desde la autopista Los Andes sector peaje de Panquehue, decenas de peque\u00f1os bosques fueron reducidos a cenizas.<\/figcaption><\/figure>\n<figure id=\"attachment_110688\" aria-describedby=\"caption-attachment-110688\" style=\"width: 699px\" class=\"wp-caption alignnone\"><img data-recalc-dims=\"1\" loading=\"lazy\" decoding=\"async\" class=\"size-full wp-image-110688\" src=\"https:\/\/i0.wp.com\/eltrabajo.cl\/portal\/wp-content\/uploads\/2021\/10\/Forestal5.jpg?resize=640%2C427&#038;ssl=1\" alt=\"BOMBEROS EN ACCI\u00d3N.- Las c\u00e1maras de Diario El Trabajo registran las acciones de estos bomberos, preparando la zona para que las llamas no avancen.\" width=\"640\" height=\"427\" srcset=\"https:\/\/i0.wp.com\/eltrabajo.cl\/portal\/wp-content\/uploads\/2021\/10\/Forestal5.jpg?w=699&amp;ssl=1 699w, https:\/\/i0.wp.com\/eltrabajo.cl\/portal\/wp-content\/uploads\/2021\/10\/Forestal5.jpg?resize=300%2C200&amp;ssl=1 300w, https:\/\/i0.wp.com\/eltrabajo.cl\/portal\/wp-content\/uploads\/2021\/10\/Forestal5.jpg?resize=200%2C133&amp;ssl=1 200w, https:\/\/i0.wp.com\/eltrabajo.cl\/portal\/wp-content\/uploads\/2021\/10\/Forestal5.jpg?resize=696%2C464&amp;ssl=1 696w\" sizes=\"auto, (max-width: 640px) 100vw, 640px\" \/><figcaption id=\"caption-attachment-110688\" class=\"wp-caption-text\">BOMBEROS EN ACCI\u00d3N.- Las c\u00e1maras de Diario El Trabajo registran las acciones de estos bomberos, preparando la zona para que las llamas no avancen.<\/figcaption><\/figure>\n","protected":false},"excerpt":{"rendered":"<p>Inici\u00f3 en Catemu y fue finalmente frenado en Quebrada Herrera: Apoyaron Bomberos de Hijuelas, Los Andes, Til Til y de otras comunas. Por horas, los bomberos debieron esperar hasta que las llamas&#8230;<\/p>\n","protected":false},"author":482,"featured_media":110687,"comment_status":"closed","ping_status":"open","sticky":false,"template":"","format":"standard","meta":{"advanced_seo_description":"","jetpack_seo_html_title":"","jetpack_seo_noindex":false,"_jetpack_memberships_contains_paid_content":false,"footnotes":""},"categories":[21],"tags":[],"class_list":["post-110686","post","type-post","status-publish","format-standard","has-post-thumbnail","hentry","category-policial"],"jetpack_featured_media_url":"https:\/\/i0.wp.com\/eltrabajo.cl\/portal\/wp-content\/uploads\/2021\/10\/Forestal1-1.jpg?fit=698%2C393&ssl=1","jetpack_sharing_enabled":true,"jetpack_likes_enabled":true,"jetpack-related-posts":[],"_links":{"self":[{"href":"https:\/\/eltrabajo.cl\/portal\/wp-json\/wp\/v2\/posts\/110686","targetHints":{"allow":["GET"]}}],"collection":[{"href":"https:\/\/eltrabajo.cl\/portal\/wp-json\/wp\/v2\/posts"}],"about":[{"href":"https:\/\/eltrabajo.cl\/portal\/wp-json\/wp\/v2\/types\/post"}],"author":[{"embeddable":true,"href":"https:\/\/eltrabajo.cl\/portal\/wp-json\/wp\/v2\/users\/482"}],"replies":[{"embeddable":true,"href":"https:\/\/eltrabajo.cl\/portal\/wp-json\/wp\/v2\/comments?post=110686"}],"version-history":[{"count":0,"href":"https:\/\/eltrabajo.cl\/portal\/wp-json\/wp\/v2\/posts\/110686\/revisions"}],"wp:featuredmedia":[{"embeddable":true,"href":"https:\/\/eltrabajo.cl\/portal\/wp-json\/wp\/v2\/media\/110687"}],"wp:attachment":[{"href":"https:\/\/eltrabajo.cl\/portal\/wp-json\/wp\/v2\/media?parent=110686"}],"wp:term":[{"taxonomy":"category","embeddable":true,"href":"https:\/\/eltrabajo.cl\/portal\/wp-json\/wp\/v2\/categories?post=110686"},{"taxonomy":"post_tag","embeddable":true,"href":"https:\/\/eltrabajo.cl\/portal\/wp-json\/wp\/v2\/tags?post=110686"}],"curies":[{"name":"wp","href":"https:\/\/api.w.org\/{rel}","templated":true}]}}