{"id":110690,"date":"2021-10-18T07:55:26","date_gmt":"2021-10-18T10:55:26","guid":{"rendered":"https:\/\/eltrabajo.cl\/portal\/?p=110690"},"modified":"2021-10-17T22:13:31","modified_gmt":"2021-10-18T01:13:31","slug":"triple-colision-se-registra-en-la-esquina-de-la-cancha-de-tenis","status":"publish","type":"post","link":"https:\/\/eltrabajo.cl\/portal\/triple-colision-se-registra-en-la-esquina-de-la-cancha-de-tenis\/","title":{"rendered":"Triple colisi\u00f3n se registra en la esquina de la cancha de tenis"},"content":{"rendered":"<p style=\"text-align: left;\"><span style=\"color: #ff0000;\"><strong>Justo cuando Municipio quitaba los sem\u00e1foros:<\/strong><\/span><\/p>\n<p style=\"text-align: justify;\">Una m\u00faltiple colisi\u00f3n vehicular se registr\u00f3 la tarde de este s\u00e1bado en la rotonda ubicada en el sector cancha de tenis (Yungay con Chacabuco), minutos despu\u00e9s que la empresa <strong>Auter<\/strong> que trabaja para el Municipio de San Felipe, retirara todos los sem\u00e1foros y por ende quedaran las v\u00edas sin semaforizaci\u00f3n. Las c\u00e1maras de <strong>Diario El Trabajo<\/strong> estaban en el lugar cuando ocurri\u00f3 la aparatosa colisi\u00f3n, la que dej\u00f3 a tres personas heridas, entre ellos un menor de edad.<\/p>\n<p style=\"text-align: justify;\">Uno de los afectados sangraba profusamente desde su cabeza, mientras que los dem\u00e1s registraban golpes de mediana consideraci\u00f3n. Al lugar acudi\u00f3 una ambulancia del SAMU, Bomberos y Carabineros.<\/p>\n<p style=\"text-align: justify;\">\n<p style=\"text-align: justify;\"><span style=\"color: #ff0000;\">MUNICIPIO RESPONDE<\/span><\/p>\n<p style=\"text-align: justify;\">Solicitamos al administrador del Municipio, <strong>Hern\u00e1n Herrera<\/strong>, alguna explicaci\u00f3n, y esta fue la respuesta: \u00ab<em>Se aplicaba una medida preventiva con el retiro de los sem\u00e1foros moment\u00e1neamente, atendiendo que los usuarios de las v\u00edas saben que ante la ausencia desperfecto de los sem\u00e1foros de aplicaci\u00f3n a la Ley de Tr\u00e1nsito respecto a los cruces no regulados, debiendo respetar las se\u00f1ales viales, las cuales se han colocado en los distintos sectores donde se ha procedido al retiro de estos sem\u00e1foros, con el objeto de resguardar el sistema que \u00e9ste contin\u00fae funcionando con posterioridad. Durante muchos meses en varios de estos cruces que son importantes, la comuna se encontraba sin sem\u00e1foros, producto de destrucci\u00f3n y obviamente lo que no queremos que vuelva a ocurrir, por lo que se ha procedido a un retiro moment\u00e1neo para que sea reinstalado dentro de los pr\u00f3ximos d\u00edas. Auter es la empresa que est\u00e1 a cargo de la mantenci\u00f3n de los sem\u00e1foros en la comuna. Los sem\u00e1foros fueron retirados como medida preventiva, pero todos los automovilistas saben que, ante la ausencia de sem\u00e1foros, lo que aplica es respetar las se\u00f1al\u00e9ticas del tr\u00e1nsito<\/em>\u00bb.<\/p>\n<p style=\"text-align: justify;\">\n<p style=\"text-align: justify;\"><span style=\"color: #ff0000;\">SIN SEM\u00c1FOROS<\/span><\/p>\n<p style=\"text-align: justify;\">Las personas que se encontraban en el lugar gritaban a los empleados de la empresa encargada de dar mantenimiento a los sem\u00e1foros en San Felipe, reclam\u00e1ndoles que por culpa de ellos, por quitar los sem\u00e1foros hab\u00eda ocurrido este accidente. Nuestras c\u00e1maras registraron el momento cuando dos camionetas de la empresa Auter sal\u00edan del lugar con los sem\u00e1foros.<\/p>\n<p style=\"text-align: justify;\"><strong>Roberto Gonz\u00e1lez Short<\/strong><\/p>\n<figure id=\"attachment_110691\" aria-describedby=\"caption-attachment-110691\" style=\"width: 698px\" class=\"wp-caption alignnone\"><img data-recalc-dims=\"1\" loading=\"lazy\" decoding=\"async\" class=\"size-full wp-image-110691\" src=\"https:\/\/i0.wp.com\/eltrabajo.cl\/portal\/wp-content\/uploads\/2021\/10\/Multiple1.jpg?resize=640%2C424&#038;ssl=1\" alt=\"EN EL LUGAR.- El menor de edad fue sacado del veh\u00edculo por sus familiares, minutos despu\u00e9s llegaron rescatistas de Bomberos.\" width=\"640\" height=\"424\" srcset=\"https:\/\/i0.wp.com\/eltrabajo.cl\/portal\/wp-content\/uploads\/2021\/10\/Multiple1.jpg?w=698&amp;ssl=1 698w, https:\/\/i0.wp.com\/eltrabajo.cl\/portal\/wp-content\/uploads\/2021\/10\/Multiple1.jpg?resize=300%2C199&amp;ssl=1 300w, https:\/\/i0.wp.com\/eltrabajo.cl\/portal\/wp-content\/uploads\/2021\/10\/Multiple1.jpg?resize=200%2C132&amp;ssl=1 200w, https:\/\/i0.wp.com\/eltrabajo.cl\/portal\/wp-content\/uploads\/2021\/10\/Multiple1.jpg?resize=696%2C461&amp;ssl=1 696w\" sizes=\"auto, (max-width: 640px) 100vw, 640px\" \/><figcaption id=\"caption-attachment-110691\" class=\"wp-caption-text\">EN EL LUGAR.- El menor de edad fue sacado del veh\u00edculo por sus familiares, minutos despu\u00e9s llegaron rescatistas de Bomberos.<\/figcaption><\/figure>\n<figure id=\"attachment_110692\" aria-describedby=\"caption-attachment-110692\" style=\"width: 699px\" class=\"wp-caption alignnone\"><img data-recalc-dims=\"1\" loading=\"lazy\" decoding=\"async\" class=\"size-full wp-image-110692\" src=\"https:\/\/i0.wp.com\/eltrabajo.cl\/portal\/wp-content\/uploads\/2021\/10\/Multiple2.jpg?resize=640%2C427&#038;ssl=1\" alt=\"P\u00c9RDIDAS MATERIALES.- Este veh\u00edculo se estrell\u00f3 contra la reja met\u00e1lica tras el impacto con otro auto.\" width=\"640\" height=\"427\" srcset=\"https:\/\/i0.wp.com\/eltrabajo.cl\/portal\/wp-content\/uploads\/2021\/10\/Multiple2.jpg?w=699&amp;ssl=1 699w, https:\/\/i0.wp.com\/eltrabajo.cl\/portal\/wp-content\/uploads\/2021\/10\/Multiple2.jpg?resize=300%2C200&amp;ssl=1 300w, https:\/\/i0.wp.com\/eltrabajo.cl\/portal\/wp-content\/uploads\/2021\/10\/Multiple2.jpg?resize=200%2C133&amp;ssl=1 200w, https:\/\/i0.wp.com\/eltrabajo.cl\/portal\/wp-content\/uploads\/2021\/10\/Multiple2.jpg?resize=696%2C464&amp;ssl=1 696w\" sizes=\"auto, (max-width: 640px) 100vw, 640px\" \/><figcaption id=\"caption-attachment-110692\" class=\"wp-caption-text\">P\u00c9RDIDAS MATERIALES.- Este veh\u00edculo se estrell\u00f3 contra la reja met\u00e1lica tras el impacto con otro auto.<\/figcaption><\/figure>\n<figure id=\"attachment_110693\" aria-describedby=\"caption-attachment-110693\" style=\"width: 699px\" class=\"wp-caption alignnone\"><img data-recalc-dims=\"1\" loading=\"lazy\" decoding=\"async\" class=\"size-full wp-image-110693\" src=\"https:\/\/i0.wp.com\/eltrabajo.cl\/portal\/wp-content\/uploads\/2021\/10\/Multiple3.jpg?resize=640%2C353&#038;ssl=1\" alt=\"JOVEN HERIDO.- Este joven result\u00f3 con una herida en la cabeza, sangraba mucho tras el impacto.\" width=\"640\" height=\"353\" srcset=\"https:\/\/i0.wp.com\/eltrabajo.cl\/portal\/wp-content\/uploads\/2021\/10\/Multiple3.jpg?w=699&amp;ssl=1 699w, https:\/\/i0.wp.com\/eltrabajo.cl\/portal\/wp-content\/uploads\/2021\/10\/Multiple3.jpg?resize=300%2C166&amp;ssl=1 300w, https:\/\/i0.wp.com\/eltrabajo.cl\/portal\/wp-content\/uploads\/2021\/10\/Multiple3.jpg?resize=200%2C110&amp;ssl=1 200w, https:\/\/i0.wp.com\/eltrabajo.cl\/portal\/wp-content\/uploads\/2021\/10\/Multiple3.jpg?resize=696%2C384&amp;ssl=1 696w\" sizes=\"auto, (max-width: 640px) 100vw, 640px\" \/><figcaption id=\"caption-attachment-110693\" class=\"wp-caption-text\">JOVEN HERIDO.- Este joven result\u00f3 con una herida en la cabeza, sangraba mucho tras el impacto.<\/figcaption><\/figure>\n<figure id=\"attachment_110694\" aria-describedby=\"caption-attachment-110694\" style=\"width: 699px\" class=\"wp-caption alignnone\"><img data-recalc-dims=\"1\" loading=\"lazy\" decoding=\"async\" class=\"size-full wp-image-110694\" src=\"https:\/\/i0.wp.com\/eltrabajo.cl\/portal\/wp-content\/uploads\/2021\/10\/Multiple5.jpg?resize=640%2C426&#038;ssl=1\" alt=\"SIN SEM\u00c1FOROS.- En esta camioneta vemos los sem\u00e1foros retirados del lugar, supuestamente \u2018para evitar des\u00f3rdenes\u2019.\" width=\"640\" height=\"426\" srcset=\"https:\/\/i0.wp.com\/eltrabajo.cl\/portal\/wp-content\/uploads\/2021\/10\/Multiple5.jpg?w=699&amp;ssl=1 699w, https:\/\/i0.wp.com\/eltrabajo.cl\/portal\/wp-content\/uploads\/2021\/10\/Multiple5.jpg?resize=300%2C200&amp;ssl=1 300w, https:\/\/i0.wp.com\/eltrabajo.cl\/portal\/wp-content\/uploads\/2021\/10\/Multiple5.jpg?resize=200%2C133&amp;ssl=1 200w, https:\/\/i0.wp.com\/eltrabajo.cl\/portal\/wp-content\/uploads\/2021\/10\/Multiple5.jpg?resize=696%2C463&amp;ssl=1 696w\" sizes=\"auto, (max-width: 640px) 100vw, 640px\" \/><figcaption id=\"caption-attachment-110694\" class=\"wp-caption-text\">SIN SEM\u00c1FOROS.- En esta camioneta vemos los sem\u00e1foros retirados del lugar, supuestamente \u2018para evitar des\u00f3rdenes\u2019.<\/figcaption><\/figure>\n","protected":false},"excerpt":{"rendered":"<p>Justo cuando Municipio quitaba los sem\u00e1foros: Una m\u00faltiple colisi\u00f3n vehicular se registr\u00f3 la tarde de este s\u00e1bado en la rotonda ubicada en el sector cancha de tenis (Yungay con Chacabuco), minutos despu\u00e9s&#8230;<\/p>\n","protected":false},"author":482,"featured_media":110691,"comment_status":"closed","ping_status":"open","sticky":false,"template":"","format":"standard","meta":{"advanced_seo_description":"","jetpack_seo_html_title":"","jetpack_seo_noindex":false,"_jetpack_memberships_contains_paid_content":false,"footnotes":""},"categories":[21],"tags":[],"class_list":["post-110690","post","type-post","status-publish","format-standard","has-post-thumbnail","hentry","category-policial"],"jetpack_featured_media_url":"https:\/\/i0.wp.com\/eltrabajo.cl\/portal\/wp-content\/uploads\/2021\/10\/Multiple1.jpg?fit=698%2C462&ssl=1","jetpack_sharing_enabled":true,"jetpack_likes_enabled":true,"jetpack-related-posts":[],"_links":{"self":[{"href":"https:\/\/eltrabajo.cl\/portal\/wp-json\/wp\/v2\/posts\/110690","targetHints":{"allow":["GET"]}}],"collection":[{"href":"https:\/\/eltrabajo.cl\/portal\/wp-json\/wp\/v2\/posts"}],"about":[{"href":"https:\/\/eltrabajo.cl\/portal\/wp-json\/wp\/v2\/types\/post"}],"author":[{"embeddable":true,"href":"https:\/\/eltrabajo.cl\/portal\/wp-json\/wp\/v2\/users\/482"}],"replies":[{"embeddable":true,"href":"https:\/\/eltrabajo.cl\/portal\/wp-json\/wp\/v2\/comments?post=110690"}],"version-history":[{"count":0,"href":"https:\/\/eltrabajo.cl\/portal\/wp-json\/wp\/v2\/posts\/110690\/revisions"}],"wp:featuredmedia":[{"embeddable":true,"href":"https:\/\/eltrabajo.cl\/portal\/wp-json\/wp\/v2\/media\/110691"}],"wp:attachment":[{"href":"https:\/\/eltrabajo.cl\/portal\/wp-json\/wp\/v2\/media?parent=110690"}],"wp:term":[{"taxonomy":"category","embeddable":true,"href":"https:\/\/eltrabajo.cl\/portal\/wp-json\/wp\/v2\/categories?post=110690"},{"taxonomy":"post_tag","embeddable":true,"href":"https:\/\/eltrabajo.cl\/portal\/wp-json\/wp\/v2\/tags?post=110690"}],"curies":[{"name":"wp","href":"https:\/\/api.w.org\/{rel}","templated":true}]}}