{"id":110712,"date":"2021-10-19T07:40:38","date_gmt":"2021-10-19T10:40:38","guid":{"rendered":"https:\/\/eltrabajo.cl\/portal\/?p=110712"},"modified":"2021-10-18T23:51:33","modified_gmt":"2021-10-19T02:51:33","slug":"choque-por-alcance-deja-auto-y-conductora-volcados-en-un-canal","status":"publish","type":"post","link":"https:\/\/eltrabajo.cl\/portal\/choque-por-alcance-deja-auto-y-conductora-volcados-en-un-canal\/","title":{"rendered":"Choque por alcance deja auto y conductora volcados en un canal"},"content":{"rendered":"<p style=\"text-align: justify;\">Una colisi\u00f3n aparentemente por alcance se registr\u00f3 la tarde de este lunes en Avenida Yungay, a la altura del Liceo Bicentenario Corina Urbina, en la que se vieron implicados dos veh\u00edculos menores, quedando uno de ellos incrustado en el interior del canal de la alameda. La mujer que conduc\u00eda el veh\u00edculo KIA patente DK LY 23 y que fue rescatada del interior del auto en el canal, fue trasladada al Hospital San Camilo por personal del SAMU, mientras que Carabineros realiz\u00f3 el protocolo de seguridad en la v\u00eda. No se reportaron lesiones graves en ninguno de los conductores.<\/p>\n<p style=\"text-align: justify;\"><strong>(Fotos Roberto Gonz\u00e1lez Short)<\/strong><\/p>\n<figure id=\"attachment_110713\" aria-describedby=\"caption-attachment-110713\" style=\"width: 699px\" class=\"wp-caption alignnone\"><img data-recalc-dims=\"1\" loading=\"lazy\" decoding=\"async\" class=\"size-full wp-image-110713\" src=\"https:\/\/i0.wp.com\/eltrabajo.cl\/portal\/wp-content\/uploads\/2021\/10\/Canal3.jpg?resize=640%2C424&#038;ssl=1\" alt=\"CONDUCTORA LESIONADA.- Las c\u00e1maras de Diario El Trabajo registran el momento cuando esta vecina es trasladada a la ambulancia por personal del SAMU.\" width=\"640\" height=\"424\" srcset=\"https:\/\/i0.wp.com\/eltrabajo.cl\/portal\/wp-content\/uploads\/2021\/10\/Canal3.jpg?w=699&amp;ssl=1 699w, https:\/\/i0.wp.com\/eltrabajo.cl\/portal\/wp-content\/uploads\/2021\/10\/Canal3.jpg?resize=300%2C199&amp;ssl=1 300w, https:\/\/i0.wp.com\/eltrabajo.cl\/portal\/wp-content\/uploads\/2021\/10\/Canal3.jpg?resize=200%2C132&amp;ssl=1 200w, https:\/\/i0.wp.com\/eltrabajo.cl\/portal\/wp-content\/uploads\/2021\/10\/Canal3.jpg?resize=696%2C461&amp;ssl=1 696w\" sizes=\"auto, (max-width: 640px) 100vw, 640px\" \/><figcaption id=\"caption-attachment-110713\" class=\"wp-caption-text\">CONDUCTORA LESIONADA.- Las c\u00e1maras de Diario El Trabajo registran el momento cuando esta vecina es trasladada a la ambulancia por personal del SAMU.<\/figcaption><\/figure>\n<figure id=\"attachment_110714\" aria-describedby=\"caption-attachment-110714\" style=\"width: 699px\" class=\"wp-caption alignnone\"><img data-recalc-dims=\"1\" loading=\"lazy\" decoding=\"async\" class=\"size-full wp-image-110714\" src=\"https:\/\/i0.wp.com\/eltrabajo.cl\/portal\/wp-content\/uploads\/2021\/10\/Canal4.jpg?resize=640%2C396&#038;ssl=1\" alt=\"SIEMPRE BOMBEROS.- Bomberos sanfelipe\u00f1os lograron rescatar a la conductora y ponerla a salvo.\" width=\"640\" height=\"396\" srcset=\"https:\/\/i0.wp.com\/eltrabajo.cl\/portal\/wp-content\/uploads\/2021\/10\/Canal4.jpg?w=699&amp;ssl=1 699w, https:\/\/i0.wp.com\/eltrabajo.cl\/portal\/wp-content\/uploads\/2021\/10\/Canal4.jpg?resize=300%2C185&amp;ssl=1 300w, https:\/\/i0.wp.com\/eltrabajo.cl\/portal\/wp-content\/uploads\/2021\/10\/Canal4.jpg?resize=200%2C124&amp;ssl=1 200w, https:\/\/i0.wp.com\/eltrabajo.cl\/portal\/wp-content\/uploads\/2021\/10\/Canal4.jpg?resize=696%2C430&amp;ssl=1 696w\" sizes=\"auto, (max-width: 640px) 100vw, 640px\" \/><figcaption id=\"caption-attachment-110714\" class=\"wp-caption-text\">SIEMPRE BOMBEROS.- Bomberos sanfelipe\u00f1os lograron rescatar a la conductora y ponerla a salvo.<\/figcaption><\/figure>\n","protected":false},"excerpt":{"rendered":"<p>Una colisi\u00f3n aparentemente por alcance se registr\u00f3 la tarde de este lunes en Avenida Yungay, a la altura del Liceo Bicentenario Corina Urbina, en la que se vieron implicados dos veh\u00edculos menores,&#8230;<\/p>\n","protected":false},"author":482,"featured_media":110714,"comment_status":"closed","ping_status":"open","sticky":false,"template":"","format":"standard","meta":{"advanced_seo_description":"","jetpack_seo_html_title":"","jetpack_seo_noindex":false,"_jetpack_memberships_contains_paid_content":false,"footnotes":""},"categories":[21],"tags":[],"class_list":["post-110712","post","type-post","status-publish","format-standard","has-post-thumbnail","hentry","category-policial"],"jetpack_featured_media_url":"https:\/\/i0.wp.com\/eltrabajo.cl\/portal\/wp-content\/uploads\/2021\/10\/Canal4.jpg?fit=699%2C432&ssl=1","jetpack_sharing_enabled":true,"jetpack_likes_enabled":true,"jetpack-related-posts":[],"_links":{"self":[{"href":"https:\/\/eltrabajo.cl\/portal\/wp-json\/wp\/v2\/posts\/110712","targetHints":{"allow":["GET"]}}],"collection":[{"href":"https:\/\/eltrabajo.cl\/portal\/wp-json\/wp\/v2\/posts"}],"about":[{"href":"https:\/\/eltrabajo.cl\/portal\/wp-json\/wp\/v2\/types\/post"}],"author":[{"embeddable":true,"href":"https:\/\/eltrabajo.cl\/portal\/wp-json\/wp\/v2\/users\/482"}],"replies":[{"embeddable":true,"href":"https:\/\/eltrabajo.cl\/portal\/wp-json\/wp\/v2\/comments?post=110712"}],"version-history":[{"count":0,"href":"https:\/\/eltrabajo.cl\/portal\/wp-json\/wp\/v2\/posts\/110712\/revisions"}],"wp:featuredmedia":[{"embeddable":true,"href":"https:\/\/eltrabajo.cl\/portal\/wp-json\/wp\/v2\/media\/110714"}],"wp:attachment":[{"href":"https:\/\/eltrabajo.cl\/portal\/wp-json\/wp\/v2\/media?parent=110712"}],"wp:term":[{"taxonomy":"category","embeddable":true,"href":"https:\/\/eltrabajo.cl\/portal\/wp-json\/wp\/v2\/categories?post=110712"},{"taxonomy":"post_tag","embeddable":true,"href":"https:\/\/eltrabajo.cl\/portal\/wp-json\/wp\/v2\/tags?post=110712"}],"curies":[{"name":"wp","href":"https:\/\/api.w.org\/{rel}","templated":true}]}}