{"id":110716,"date":"2021-10-19T07:45:44","date_gmt":"2021-10-19T10:45:44","guid":{"rendered":"https:\/\/eltrabajo.cl\/portal\/?p=110716"},"modified":"2021-10-18T23:55:22","modified_gmt":"2021-10-19T02:55:22","slug":"lavador-de-autos-acusa-a-ciudadano-haitiano-de-robar-su-bicicleta","status":"publish","type":"post","link":"https:\/\/eltrabajo.cl\/portal\/lavador-de-autos-acusa-a-ciudadano-haitiano-de-robar-su-bicicleta\/","title":{"rendered":"Lavador de autos acusa a ciudadano haitiano de robar su bicicleta"},"content":{"rendered":"<p style=\"text-align: left;\"><span style=\"color: #ff0000;\"><strong>La ten\u00eda estacionada frente a un carro en Coimas a metros de la plaza:<\/strong><\/span><\/p>\n<p style=\"text-align: justify;\">Un lavador de autos denuncia que un ciudadano haitiano le sustrajo su bicicleta que ten\u00eda apoyada en un carrito en calle Coimas, frente al pasaje Juana Ross, al costado de un centro de fotocopiado.<\/p>\n<p style=\"text-align: justify;\">El afectado, <strong>Juan Domingo Rojas Astargo<\/strong>, dice que lo lamenta porque por culpa de uno \u2018pagan el pato\u2019 todos.<\/p>\n<p style=\"text-align: justify;\">&#8211; <strong>\u00bfDon Juan le robaron la bicicleta?<\/strong><\/p>\n<p style=\"text-align: justify;\">&#8211; S\u00ed, me robaron la bicicleta, un ni\u00f1o que trabaja conmigo me dijo que vio \u00e9l que la tom\u00f3 un haitiano que andaba con un gorro amarillo, uno flaco, alto, estaba aqu\u00ed en la plastificadora de don Luis. De ah\u00ed sali\u00f3, tom\u00f3 la bicicleta y se la llev\u00f3.<\/p>\n<p style=\"text-align: justify;\">&#8211; <strong>\u00bfAs\u00ed de simple?<\/strong><\/p>\n<p style=\"text-align: justify;\">&#8211; As\u00ed de simple, me la rob\u00f3 sin tener compasi\u00f3n.<\/p>\n<p style=\"text-align: justify;\">&#8211; <strong>\u00bfQu\u00e9 bicicleta es?<\/strong><\/p>\n<p style=\"text-align: justify;\">&#8211; Es una Oxford color azul, no es cara, pero a m\u00ed me hace falta. Porque yo la ocupo para trabajo porque yo vivo all\u00e1 en la Villa Industrial, tengo que irme y venirme a pie, a veces tengo que ir a lavar autos a poblaciones, la ocupo para eso yo, es una herramienta de trabajo, entonces es malo lo que hizo el haitiano. Porque vienen de afuera y c\u00f3mo se le ocurre andar rob\u00e1ndole las cosas a uno, que saben que uno es pobre. No tiene plata para comprarse bicicletas todos los d\u00edas.<\/p>\n<p style=\"text-align: justify;\">&#8211; <strong>\u00bfUsted la deja confiado ah\u00ed?<\/strong><\/p>\n<p style=\"text-align: justify;\">&#8211; Yo la dejo todos los d\u00edas confiado aqu\u00ed en el carro. Nunca pens\u00e9 que un haitiano me la iba a robar. No puedo creer que un haitiano me haya llevado la bicicleta.<\/p>\n<p style=\"text-align: justify;\">&#8211; <strong>\u00bfPor qu\u00e9?<\/strong><\/p>\n<p style=\"text-align: justify;\">&#8211; Porque resulta que ellos aqu\u00ed no est\u00e1n en su pa\u00eds. Entonces que le vengan a hacerle da\u00f1o a uno. Yo no le entiendo eso.<\/p>\n<p style=\"text-align: justify;\">&#8211; <strong>\u00bfAhora qu\u00e9 va a hacer?<\/strong><\/p>\n<p style=\"text-align: justify;\">&#8211; No s\u00e9 qu\u00e9 hacer. Aqu\u00ed, si sale en las c\u00e1maras, yo creo que s\u00ed, don Luis dijo que la c\u00e1mara llega ac\u00e1 donde estaba la bicicleta. Si sale voy a tener que reclamar.<\/p>\n<p style=\"text-align: justify;\">&#8211; <strong>\u00bfJuntar plata para comprarse otra?<\/strong><\/p>\n<p style=\"text-align: justify;\">&#8211; O juntar plata para comprarme otra bicicleta. Porque tampoco me dar\u00eda el cuero para reclamar contra \u00e9l porqu\u00e9 se la llev\u00f3, prefiero no hacerlo. Es un haitiano, me dar\u00eda no s\u00e9 qu\u00e9 ir a reclamar, mejor no reclamo. Junto unas monedas y me compro una.<\/p>\n<p style=\"text-align: justify;\">&#8211; <strong>Pero igual queda con esa sensaci\u00f3n mala.<\/strong><\/p>\n<p style=\"text-align: justify;\">&#8211; Claro, de los haitianos, entonces por uno van a \u2018pagar el pato\u2019 todos los haitianos. Entonces eso es malo, pero no voy a reclamar, si sale en las c\u00e1maras no voy a reclamar. Solamente si leen esto alg\u00fan haitiano y sabe, que me la venga a dejar aqu\u00ed en la plastificadora. Si alg\u00fan haitiano lee esto, que le diga que me la venga a entregar y por \u00faltimo yo tengo buen coraz\u00f3n. Por \u00faltimo, si da la cara yo le voy a decir: \u00abSabe compadre, ll\u00e9vesela\u2026 se la regalo, pero no hagas m\u00e1s eso de andar robando porque no y ll\u00e9vate la bicicleta, te la doy\u00bb, \u00bfme entiende?<\/p>\n<p style=\"text-align: justify;\">En todo caso si alguien quiere donarle una bicicleta, bienvenida sea.<\/p>\n<figure id=\"attachment_110717\" aria-describedby=\"caption-attachment-110717\" style=\"width: 699px\" class=\"wp-caption alignnone\"><img data-recalc-dims=\"1\" loading=\"lazy\" decoding=\"async\" class=\"size-full wp-image-110717\" src=\"https:\/\/i0.wp.com\/eltrabajo.cl\/portal\/wp-content\/uploads\/2021\/10\/Robo.jpg?resize=640%2C481&#038;ssl=1\" alt=\"El afectado, Juan Domingo Rojas (a la izquierda), junto a su compa\u00f1ero de trabajo Luli, frente al carro donde estaba la bicicleta.\" width=\"640\" height=\"481\" srcset=\"https:\/\/i0.wp.com\/eltrabajo.cl\/portal\/wp-content\/uploads\/2021\/10\/Robo.jpg?w=699&amp;ssl=1 699w, https:\/\/i0.wp.com\/eltrabajo.cl\/portal\/wp-content\/uploads\/2021\/10\/Robo.jpg?resize=300%2C225&amp;ssl=1 300w, https:\/\/i0.wp.com\/eltrabajo.cl\/portal\/wp-content\/uploads\/2021\/10\/Robo.jpg?resize=200%2C150&amp;ssl=1 200w, https:\/\/i0.wp.com\/eltrabajo.cl\/portal\/wp-content\/uploads\/2021\/10\/Robo.jpg?resize=696%2C523&amp;ssl=1 696w\" sizes=\"auto, (max-width: 640px) 100vw, 640px\" \/><figcaption id=\"caption-attachment-110717\" class=\"wp-caption-text\">El afectado, Juan Domingo Rojas (a la izquierda), junto a su compa\u00f1ero de trabajo Luli, frente al carro donde estaba la bicicleta.<\/figcaption><\/figure>\n","protected":false},"excerpt":{"rendered":"<p>La ten\u00eda estacionada frente a un carro en Coimas a metros de la plaza: Un lavador de autos denuncia que un ciudadano haitiano le sustrajo su bicicleta que ten\u00eda apoyada en un&#8230;<\/p>\n","protected":false},"author":482,"featured_media":110717,"comment_status":"closed","ping_status":"open","sticky":false,"template":"","format":"standard","meta":{"advanced_seo_description":"","jetpack_seo_html_title":"","jetpack_seo_noindex":false,"_jetpack_memberships_contains_paid_content":false,"footnotes":""},"categories":[21],"tags":[],"class_list":["post-110716","post","type-post","status-publish","format-standard","has-post-thumbnail","hentry","category-policial"],"jetpack_featured_media_url":"https:\/\/i0.wp.com\/eltrabajo.cl\/portal\/wp-content\/uploads\/2021\/10\/Robo.jpg?fit=699%2C525&ssl=1","jetpack_sharing_enabled":true,"jetpack_likes_enabled":true,"jetpack-related-posts":[],"_links":{"self":[{"href":"https:\/\/eltrabajo.cl\/portal\/wp-json\/wp\/v2\/posts\/110716","targetHints":{"allow":["GET"]}}],"collection":[{"href":"https:\/\/eltrabajo.cl\/portal\/wp-json\/wp\/v2\/posts"}],"about":[{"href":"https:\/\/eltrabajo.cl\/portal\/wp-json\/wp\/v2\/types\/post"}],"author":[{"embeddable":true,"href":"https:\/\/eltrabajo.cl\/portal\/wp-json\/wp\/v2\/users\/482"}],"replies":[{"embeddable":true,"href":"https:\/\/eltrabajo.cl\/portal\/wp-json\/wp\/v2\/comments?post=110716"}],"version-history":[{"count":0,"href":"https:\/\/eltrabajo.cl\/portal\/wp-json\/wp\/v2\/posts\/110716\/revisions"}],"wp:featuredmedia":[{"embeddable":true,"href":"https:\/\/eltrabajo.cl\/portal\/wp-json\/wp\/v2\/media\/110717"}],"wp:attachment":[{"href":"https:\/\/eltrabajo.cl\/portal\/wp-json\/wp\/v2\/media?parent=110716"}],"wp:term":[{"taxonomy":"category","embeddable":true,"href":"https:\/\/eltrabajo.cl\/portal\/wp-json\/wp\/v2\/categories?post=110716"},{"taxonomy":"post_tag","embeddable":true,"href":"https:\/\/eltrabajo.cl\/portal\/wp-json\/wp\/v2\/tags?post=110716"}],"curies":[{"name":"wp","href":"https:\/\/api.w.org\/{rel}","templated":true}]}}