{"id":110732,"date":"2021-10-20T07:35:02","date_gmt":"2021-10-20T10:35:02","guid":{"rendered":"https:\/\/eltrabajo.cl\/portal\/?p=110732"},"modified":"2021-10-19T21:54:04","modified_gmt":"2021-10-20T00:54:04","slug":"cuantiosos-danos-al-comercio-dejan-desmanes-tras-marchas-pacificas","status":"publish","type":"post","link":"https:\/\/eltrabajo.cl\/portal\/cuantiosos-danos-al-comercio-dejan-desmanes-tras-marchas-pacificas\/","title":{"rendered":"Cuantiosos da\u00f1os al comercio dejan desmanes tras marchas pac\u00edficas"},"content":{"rendered":"<p style=\"text-align: justify;\">Varias han sido las marchas que se desarrollaron de manera pac\u00edfica por calles y avenidas tanto de Los Andes como de San Felipe, pese a ello se registraron varios ataques a la propiedad privada, por ejemplo la oficina de Correos de Chile en Los Andes, supermercado Unimarc de San Felipe, la bencinera Shell de calle Merced y hasta un poste del alumbrado p\u00fablico fue destruido y derribado camino a puente Enc\u00f3n.<\/p>\n<p style=\"text-align: justify;\">\n<p style=\"text-align: justify;\"><span style=\"color: #ff0000;\">TRES DETENIDOS<\/span><\/p>\n<p style=\"text-align: justify;\">En la parte policial el reporte de las autoridades indica que s\u00f3lo tres personas resultaron detenidas por Carabineros.<\/p>\n<p style=\"text-align: justify;\">Importante se\u00f1alar que el vandalismo lo realizaron unas pocas personas, mientras que la mayor\u00eda marcharon en familia y hasta con sus hijos de manera pac\u00edfica, recordando el 18-O, tambi\u00e9n remarcado como el \u2018Estallido Social\u2019.<\/p>\n<figure id=\"attachment_110733\" aria-describedby=\"caption-attachment-110733\" style=\"width: 699px\" class=\"wp-caption alignnone\"><img data-recalc-dims=\"1\" loading=\"lazy\" decoding=\"async\" class=\"size-full wp-image-110733\" src=\"https:\/\/i0.wp.com\/eltrabajo.cl\/portal\/wp-content\/uploads\/2021\/10\/Desmanes1.jpg?resize=640%2C378&#038;ssl=1\" alt=\"UNA FECHA TRISTEMENTE C\u00c9LEBRE.- Aqu\u00ed vemos los da\u00f1os generados en la bencinera Shell de calle Merced en la cudad de San Felipe. (Foto Gabriel Orellana Pezoa)\" width=\"640\" height=\"378\" srcset=\"https:\/\/i0.wp.com\/eltrabajo.cl\/portal\/wp-content\/uploads\/2021\/10\/Desmanes1.jpg?w=699&amp;ssl=1 699w, https:\/\/i0.wp.com\/eltrabajo.cl\/portal\/wp-content\/uploads\/2021\/10\/Desmanes1.jpg?resize=300%2C177&amp;ssl=1 300w, https:\/\/i0.wp.com\/eltrabajo.cl\/portal\/wp-content\/uploads\/2021\/10\/Desmanes1.jpg?resize=200%2C118&amp;ssl=1 200w, https:\/\/i0.wp.com\/eltrabajo.cl\/portal\/wp-content\/uploads\/2021\/10\/Desmanes1.jpg?resize=696%2C411&amp;ssl=1 696w\" sizes=\"auto, (max-width: 640px) 100vw, 640px\" \/><figcaption id=\"caption-attachment-110733\" class=\"wp-caption-text\">UNA FECHA TRISTEMENTE C\u00c9LEBRE.- Aqu\u00ed vemos los da\u00f1os generados en la bencinera Shell de calle Merced en la cudad de San Felipe. (Foto Gabriel Orellana Pezoa)<\/figcaption><\/figure>\n<figure id=\"attachment_110734\" aria-describedby=\"caption-attachment-110734\" style=\"width: 699px\" class=\"wp-caption alignnone\"><img data-recalc-dims=\"1\" loading=\"lazy\" decoding=\"async\" class=\"size-full wp-image-110734\" src=\"https:\/\/i0.wp.com\/eltrabajo.cl\/portal\/wp-content\/uploads\/2021\/10\/Desmanes2.jpg?resize=640%2C930&#038;ssl=1\" alt=\"Aqu\u00ed vemos la zona del supermercado Unimarc, en donde los bomberos debieron emplearse a fondo para controlar los incendios. (Foto Gabriel Orellana Pezoa)\" width=\"640\" height=\"930\" srcset=\"https:\/\/i0.wp.com\/eltrabajo.cl\/portal\/wp-content\/uploads\/2021\/10\/Desmanes2.jpg?w=699&amp;ssl=1 699w, https:\/\/i0.wp.com\/eltrabajo.cl\/portal\/wp-content\/uploads\/2021\/10\/Desmanes2.jpg?resize=206%2C300&amp;ssl=1 206w, https:\/\/i0.wp.com\/eltrabajo.cl\/portal\/wp-content\/uploads\/2021\/10\/Desmanes2.jpg?resize=103%2C150&amp;ssl=1 103w, https:\/\/i0.wp.com\/eltrabajo.cl\/portal\/wp-content\/uploads\/2021\/10\/Desmanes2.jpg?resize=696%2C1012&amp;ssl=1 696w\" sizes=\"auto, (max-width: 640px) 100vw, 640px\" \/><figcaption id=\"caption-attachment-110734\" class=\"wp-caption-text\">Aqu\u00ed vemos la zona del supermercado Unimarc, en donde los bomberos debieron emplearse a fondo para controlar los incendios. (Foto Gabriel Orellana Pezoa)<\/figcaption><\/figure>\n","protected":false},"excerpt":{"rendered":"<p>Varias han sido las marchas que se desarrollaron de manera pac\u00edfica por calles y avenidas tanto de Los Andes como de San Felipe, pese a ello se registraron varios ataques a la&#8230;<\/p>\n","protected":false},"author":482,"featured_media":110733,"comment_status":"closed","ping_status":"open","sticky":false,"template":"","format":"standard","meta":{"advanced_seo_description":"","jetpack_seo_html_title":"","jetpack_seo_noindex":false,"_jetpack_memberships_contains_paid_content":false,"footnotes":""},"categories":[21],"tags":[],"class_list":["post-110732","post","type-post","status-publish","format-standard","has-post-thumbnail","hentry","category-policial"],"jetpack_featured_media_url":"https:\/\/i0.wp.com\/eltrabajo.cl\/portal\/wp-content\/uploads\/2021\/10\/Desmanes1.jpg?fit=699%2C413&ssl=1","jetpack_sharing_enabled":true,"jetpack_likes_enabled":true,"jetpack-related-posts":[],"_links":{"self":[{"href":"https:\/\/eltrabajo.cl\/portal\/wp-json\/wp\/v2\/posts\/110732","targetHints":{"allow":["GET"]}}],"collection":[{"href":"https:\/\/eltrabajo.cl\/portal\/wp-json\/wp\/v2\/posts"}],"about":[{"href":"https:\/\/eltrabajo.cl\/portal\/wp-json\/wp\/v2\/types\/post"}],"author":[{"embeddable":true,"href":"https:\/\/eltrabajo.cl\/portal\/wp-json\/wp\/v2\/users\/482"}],"replies":[{"embeddable":true,"href":"https:\/\/eltrabajo.cl\/portal\/wp-json\/wp\/v2\/comments?post=110732"}],"version-history":[{"count":0,"href":"https:\/\/eltrabajo.cl\/portal\/wp-json\/wp\/v2\/posts\/110732\/revisions"}],"wp:featuredmedia":[{"embeddable":true,"href":"https:\/\/eltrabajo.cl\/portal\/wp-json\/wp\/v2\/media\/110733"}],"wp:attachment":[{"href":"https:\/\/eltrabajo.cl\/portal\/wp-json\/wp\/v2\/media?parent=110732"}],"wp:term":[{"taxonomy":"category","embeddable":true,"href":"https:\/\/eltrabajo.cl\/portal\/wp-json\/wp\/v2\/categories?post=110732"},{"taxonomy":"post_tag","embeddable":true,"href":"https:\/\/eltrabajo.cl\/portal\/wp-json\/wp\/v2\/tags?post=110732"}],"curies":[{"name":"wp","href":"https:\/\/api.w.org\/{rel}","templated":true}]}}