{"id":110739,"date":"2021-10-20T07:45:29","date_gmt":"2021-10-20T10:45:29","guid":{"rendered":"https:\/\/eltrabajo.cl\/portal\/?p=110739"},"modified":"2021-10-19T21:57:46","modified_gmt":"2021-10-20T00:57:46","slug":"la-liga-vecinal-comienza-a-pensar-en-su-retorno","status":"publish","type":"post","link":"https:\/\/eltrabajo.cl\/portal\/la-liga-vecinal-comienza-a-pensar-en-su-retorno\/","title":{"rendered":"La Liga Vecinal comienza a pensar en su retorno"},"content":{"rendered":"<p style=\"text-align: justify;\">En una reuni\u00f3n a la que asistir\u00edan la totalidad de los principales directivos de los clubes que conforman esa organizaci\u00f3n deportiva, anoche, en su sede ubicada en la cancha Parras\u00eda, comenzaba a tomar forma el retorno formal de la Liga Vecinal.<\/p>\n<p style=\"text-align: justify;\">Una fuente altamente confiable indic\u00f3 a nuestro medio que la idea de la Liga es retornar en el corto plazo (noviembre), ya que est\u00e1n dadas las condiciones sanitarias para hacerlo, partiendo por el que los jugadores ya est\u00e1n vacunados, requisito que ser\u00e1 indispensable para poder actuar.<\/p>\n<p style=\"text-align: justify;\">Si bien es cierto que existe un amplio consenso respecto a que se debe volver a la competencia, a\u00fan queda por dilucidar si se retomar\u00e1 el torneo que debi\u00f3 suspenderse cuando lleg\u00f3 la pandemia del Coronavirus\u00a0 Covid 19, \u00f3 si se har\u00e1 el ejercicio de hacer un torneo de transici\u00f3n, que sirva como un ensayo general para afinar cosas importantes, como lo ser\u00e1n los aforos en la cancha Parras\u00eda y el correspondiente Protocolo Sanitario que se aplicar\u00e1 para el retorno de una competencia que se echa de menos, que es ejemplo de camarader\u00eda y respeto deportivo.<\/p>\n<figure id=\"attachment_110740\" aria-describedby=\"caption-attachment-110740\" style=\"width: 698px\" class=\"wp-caption alignnone\"><img data-recalc-dims=\"1\" loading=\"lazy\" decoding=\"async\" class=\"size-full wp-image-110740\" src=\"https:\/\/i0.wp.com\/eltrabajo.cl\/portal\/wp-content\/uploads\/2021\/10\/Liga-vecinal.jpg?resize=640%2C302&#038;ssl=1\" alt=\"La Liga Vecinal ya comienza a preparar su retorno.\" width=\"640\" height=\"302\" srcset=\"https:\/\/i0.wp.com\/eltrabajo.cl\/portal\/wp-content\/uploads\/2021\/10\/Liga-vecinal.jpg?w=698&amp;ssl=1 698w, https:\/\/i0.wp.com\/eltrabajo.cl\/portal\/wp-content\/uploads\/2021\/10\/Liga-vecinal.jpg?resize=300%2C141&amp;ssl=1 300w, https:\/\/i0.wp.com\/eltrabajo.cl\/portal\/wp-content\/uploads\/2021\/10\/Liga-vecinal.jpg?resize=200%2C94&amp;ssl=1 200w, https:\/\/i0.wp.com\/eltrabajo.cl\/portal\/wp-content\/uploads\/2021\/10\/Liga-vecinal.jpg?resize=696%2C328&amp;ssl=1 696w\" sizes=\"auto, (max-width: 640px) 100vw, 640px\" \/><figcaption id=\"caption-attachment-110740\" class=\"wp-caption-text\">La Liga Vecinal ya comienza a preparar su retorno.<\/figcaption><\/figure>\n","protected":false},"excerpt":{"rendered":"<p>En una reuni\u00f3n a la que asistir\u00edan la totalidad de los principales directivos de los clubes que conforman esa organizaci\u00f3n deportiva, anoche, en su sede ubicada en la cancha Parras\u00eda, comenzaba a&#8230;<\/p>\n","protected":false},"author":482,"featured_media":110740,"comment_status":"closed","ping_status":"open","sticky":false,"template":"","format":"standard","meta":{"advanced_seo_description":"","jetpack_seo_html_title":"","jetpack_seo_noindex":false,"_jetpack_memberships_contains_paid_content":false,"footnotes":""},"categories":[19],"tags":[],"class_list":["post-110739","post","type-post","status-publish","format-standard","has-post-thumbnail","hentry","category-deportes"],"jetpack_featured_media_url":"https:\/\/i0.wp.com\/eltrabajo.cl\/portal\/wp-content\/uploads\/2021\/10\/Liga-vecinal.jpg?fit=698%2C329&ssl=1","jetpack_sharing_enabled":true,"jetpack_likes_enabled":true,"jetpack-related-posts":[],"_links":{"self":[{"href":"https:\/\/eltrabajo.cl\/portal\/wp-json\/wp\/v2\/posts\/110739","targetHints":{"allow":["GET"]}}],"collection":[{"href":"https:\/\/eltrabajo.cl\/portal\/wp-json\/wp\/v2\/posts"}],"about":[{"href":"https:\/\/eltrabajo.cl\/portal\/wp-json\/wp\/v2\/types\/post"}],"author":[{"embeddable":true,"href":"https:\/\/eltrabajo.cl\/portal\/wp-json\/wp\/v2\/users\/482"}],"replies":[{"embeddable":true,"href":"https:\/\/eltrabajo.cl\/portal\/wp-json\/wp\/v2\/comments?post=110739"}],"version-history":[{"count":0,"href":"https:\/\/eltrabajo.cl\/portal\/wp-json\/wp\/v2\/posts\/110739\/revisions"}],"wp:featuredmedia":[{"embeddable":true,"href":"https:\/\/eltrabajo.cl\/portal\/wp-json\/wp\/v2\/media\/110740"}],"wp:attachment":[{"href":"https:\/\/eltrabajo.cl\/portal\/wp-json\/wp\/v2\/media?parent=110739"}],"wp:term":[{"taxonomy":"category","embeddable":true,"href":"https:\/\/eltrabajo.cl\/portal\/wp-json\/wp\/v2\/categories?post=110739"},{"taxonomy":"post_tag","embeddable":true,"href":"https:\/\/eltrabajo.cl\/portal\/wp-json\/wp\/v2\/tags?post=110739"}],"curies":[{"name":"wp","href":"https:\/\/api.w.org\/{rel}","templated":true}]}}