{"id":110824,"date":"2021-10-25T07:55:46","date_gmt":"2021-10-25T10:55:46","guid":{"rendered":"https:\/\/eltrabajo.cl\/portal\/?p=110824"},"modified":"2021-10-24T22:20:51","modified_gmt":"2021-10-25T01:20:51","slug":"detienen-a-conductor-que-guiaba-automovil-robado-en-portonazo","status":"publish","type":"post","link":"https:\/\/eltrabajo.cl\/portal\/detienen-a-conductor-que-guiaba-automovil-robado-en-portonazo\/","title":{"rendered":"Detienen a conductor que guiaba autom\u00f3vil robado en \u2018portonazo\u2019"},"content":{"rendered":"<p style=\"text-align: left;\"><span style=\"color: #ff0000;\"><strong>Detenci\u00f3n la realiz\u00f3 Carabineros frente al cuartel de la PDI:<\/strong><\/span><\/p>\n<p style=\"text-align: justify;\">El conductor de un autom\u00f3vil fue detenido frente al cuartel de la Polic\u00eda de Investigaciones, en pleno centro de San Felipe, por personal de Carabineros, espec\u00edficamente de la SIP, luego que fuera sorprendido conduciendo un veh\u00edculo con encargo por Robo con Intimidaci\u00f3n bajo la modalidad de \u2018portonazo\u2019 en la Regi\u00f3n Metropolitana.<\/p>\n<p style=\"text-align: justify;\">Desde Carabineros se\u00f1alaron que personal de la SIP de la 2\u00aa Comisar\u00eda San Felipe, mientras realizaba patrullajes preventivos en el sector c\u00e9ntrico de la ciudad y tras la detenci\u00f3n en el sem\u00e1foro de calle Coimas con Freire, se percat\u00f3 que el veh\u00edculo que los anteced\u00eda\u00a0manten\u00eda\u00a0la patente trasera\u00a0doblada, procediendo a la fiscalizaci\u00f3n de este veh\u00edculo que correspond\u00eda a un modelo Station Wagon\u00a0de alta gama, logrando establecer a trav\u00e9s de su n\u00famero de chasis,\u00a0que \u00e9ste manten\u00eda encargo policial por el delito de Robo con Intimidaci\u00f3n, modalidad \u2018portonazo\u2019, de la Regi\u00f3n Metropolitana. Adem\u00e1s, que las\u00a0placas patentes que portaba\u00a0eran\u00a0falsas, procediendo a la detenci\u00f3n de su conductor para trasladarlo hasta el cuartel policial.<\/p>\n<p style=\"text-align: justify;\">El conductor detenido, de iniciales <strong>M.M.H.M.<\/strong>, 33 a\u00f1os de edad, pas\u00f3 a control de detenci\u00f3n para ser formalizado por el delito de Receptaci\u00f3n, quedando con Arresto Domiciliario Nocturno. Se fij\u00f3 un plazo de investigaci\u00f3n de 60 d\u00edas. El veh\u00edculo corresponde a uno marca Peugeot, que por informaci\u00f3n obtenida por este medio el d\u00eda 21 de septiembre hab\u00eda sido robado a su due\u00f1o por cuatro delincuentes.<\/p>\n<figure id=\"attachment_110825\" aria-describedby=\"caption-attachment-110825\" style=\"width: 700px\" class=\"wp-caption alignnone\"><img data-recalc-dims=\"1\" loading=\"lazy\" decoding=\"async\" class=\"size-full wp-image-110825\" src=\"https:\/\/i0.wp.com\/eltrabajo.cl\/portal\/wp-content\/uploads\/2021\/10\/auto.jpg?resize=640%2C642&#038;ssl=1\" alt=\"Este es el auto que registraba encargo por robo en la Regi\u00f3n Metropolitana.\" width=\"640\" height=\"642\" srcset=\"https:\/\/i0.wp.com\/eltrabajo.cl\/portal\/wp-content\/uploads\/2021\/10\/auto.jpg?w=700&amp;ssl=1 700w, https:\/\/i0.wp.com\/eltrabajo.cl\/portal\/wp-content\/uploads\/2021\/10\/auto.jpg?resize=300%2C300&amp;ssl=1 300w, https:\/\/i0.wp.com\/eltrabajo.cl\/portal\/wp-content\/uploads\/2021\/10\/auto.jpg?resize=150%2C150&amp;ssl=1 150w, https:\/\/i0.wp.com\/eltrabajo.cl\/portal\/wp-content\/uploads\/2021\/10\/auto.jpg?resize=696%2C698&amp;ssl=1 696w\" sizes=\"auto, (max-width: 640px) 100vw, 640px\" \/><figcaption id=\"caption-attachment-110825\" class=\"wp-caption-text\">Este es el auto que registraba encargo por robo en la Regi\u00f3n Metropolitana.<\/figcaption><\/figure>\n","protected":false},"excerpt":{"rendered":"<p>Detenci\u00f3n la realiz\u00f3 Carabineros frente al cuartel de la PDI: El conductor de un autom\u00f3vil fue detenido frente al cuartel de la Polic\u00eda de Investigaciones, en pleno centro de San Felipe, por&#8230;<\/p>\n","protected":false},"author":482,"featured_media":110825,"comment_status":"closed","ping_status":"open","sticky":false,"template":"","format":"standard","meta":{"advanced_seo_description":"","jetpack_seo_html_title":"","jetpack_seo_noindex":false,"_jetpack_memberships_contains_paid_content":false,"footnotes":""},"categories":[21],"tags":[],"class_list":["post-110824","post","type-post","status-publish","format-standard","has-post-thumbnail","hentry","category-policial"],"jetpack_featured_media_url":"https:\/\/i0.wp.com\/eltrabajo.cl\/portal\/wp-content\/uploads\/2021\/10\/auto.jpg?fit=700%2C702&ssl=1","jetpack_sharing_enabled":true,"jetpack_likes_enabled":true,"jetpack-related-posts":[],"_links":{"self":[{"href":"https:\/\/eltrabajo.cl\/portal\/wp-json\/wp\/v2\/posts\/110824","targetHints":{"allow":["GET"]}}],"collection":[{"href":"https:\/\/eltrabajo.cl\/portal\/wp-json\/wp\/v2\/posts"}],"about":[{"href":"https:\/\/eltrabajo.cl\/portal\/wp-json\/wp\/v2\/types\/post"}],"author":[{"embeddable":true,"href":"https:\/\/eltrabajo.cl\/portal\/wp-json\/wp\/v2\/users\/482"}],"replies":[{"embeddable":true,"href":"https:\/\/eltrabajo.cl\/portal\/wp-json\/wp\/v2\/comments?post=110824"}],"version-history":[{"count":0,"href":"https:\/\/eltrabajo.cl\/portal\/wp-json\/wp\/v2\/posts\/110824\/revisions"}],"wp:featuredmedia":[{"embeddable":true,"href":"https:\/\/eltrabajo.cl\/portal\/wp-json\/wp\/v2\/media\/110825"}],"wp:attachment":[{"href":"https:\/\/eltrabajo.cl\/portal\/wp-json\/wp\/v2\/media?parent=110824"}],"wp:term":[{"taxonomy":"category","embeddable":true,"href":"https:\/\/eltrabajo.cl\/portal\/wp-json\/wp\/v2\/categories?post=110824"},{"taxonomy":"post_tag","embeddable":true,"href":"https:\/\/eltrabajo.cl\/portal\/wp-json\/wp\/v2\/tags?post=110824"}],"curies":[{"name":"wp","href":"https:\/\/api.w.org\/{rel}","templated":true}]}}