{"id":110892,"date":"2021-10-28T08:00:19","date_gmt":"2021-10-28T11:00:19","guid":{"rendered":"https:\/\/eltrabajo.cl\/portal\/?p=110892"},"modified":"2021-10-27T22:35:01","modified_gmt":"2021-10-28T01:35:01","slug":"setecientos-cincuenta-kilos-de-marihuana-cripy-decomiso-la-pdi-de-los-andes","status":"publish","type":"post","link":"https:\/\/eltrabajo.cl\/portal\/setecientos-cincuenta-kilos-de-marihuana-cripy-decomiso-la-pdi-de-los-andes\/","title":{"rendered":"Setecientos cincuenta kilos de marihuana \u2018Cripy\u2019 decomis\u00f3 la PDI de Los Andes"},"content":{"rendered":"<ul style=\"text-align: justify;\">\n<li style=\"text-align: left;\"><strong> La droga era transportada en un cami\u00f3n especialmente acondicionado para su traslado. Hay una persona detenida de nacional colombiana.- <\/strong><\/li>\n<\/ul>\n<p style=\"text-align: justify;\">Un duro golpe al narcotr\u00e1fico a nivel nacional dio la Brigada Antinarc\u00f3ticos y Contra el Crimen Organizado (<strong>Brianco<\/strong>) de la Polic\u00eda de Investigaciones (PDI) de Los Andes, luego de descubrir ocultas en un cami\u00f3n, m\u00e1s de media tonelada de marihuana tipo \u2018Cripy\u2019 proveniente desde el extranjero.<\/p>\n<p style=\"text-align: justify;\">Tras un trabajo de investigaci\u00f3n policial, efectivos de la unidad andina lograron adem\u00e1s detener al conductor del veh\u00edculo, de nacionalidad colombiana, siendo hasta el momento la \u00fanica persona que se encuentra privada de libertad tras este importante y millonario decomiso.<\/p>\n<p style=\"text-align: justify;\">Hasta el cuartel general de la PDI llegaron diversas autoridades, entre ellos el Ministro del Interior y Seguridad P\u00fablica, <strong>Rodrigo Delgado<\/strong>; el jefe Nacional de la Brianco, prefecto <strong>Alex Schwarzenberg<\/strong>, y los delegados provinciales de Aconcagua.<\/p>\n<p style=\"text-align: justify;\">Fue el prefecto Schwarzenberg quien detall\u00f3 que <em>\u00abeste procedimiento que se genera por el an\u00e1lisis de informaci\u00f3n y cruce de antecedentes que permiti\u00f3 a la Brianco de Los Andes neutralizar el intento de ingreso de un cargamento de 750 kilos de cannabis tipo \u2018Cripy\u2019 que ven\u00eda de la zona norte hacia la zona central, espec\u00edficamente a la regi\u00f3n Metropolitana\u00bb.<\/em><\/p>\n<p style=\"text-align: justify;\">El jefe nacional de la unidad policial adem\u00e1s agreg\u00f3 que <em>\u00abde este procedimiento result\u00f3 una persona detenida de nacionalidad colombiana, quien trasladaba esta gran cantidad de droga en un veh\u00edculo acondicionado para ocultar su transporte il\u00edcito en la estructura de la carrocer\u00eda\u00bb.<\/em><\/p>\n<p style=\"text-align: justify;\">Espec\u00edficamente el cami\u00f3n hab\u00eda sido modificado en las paredes y cielo de la zona de carga, construyendo estructuras falsas para esconder la droga.<\/p>\n<p style=\"text-align: justify;\">\u00ab<em>Esto se suma al trabajo de la PDI con otras instituciones y ha permitido que hasta el momento se hayan incautado 34 toneladas de drogas, incautado armas y bienes a las distintas bandas que intentan operar en nuestro pa\u00eds\u00bb,<\/em> se\u00f1al\u00f3.<\/p>\n<p style=\"text-align: justify;\">Por su parte el fiscal <strong>Jorge Alfaro<\/strong>, quien lleva a cabo esta investigaci\u00f3n en el juzgado andino, indic\u00f3 que <em>\u00abtrabajamos conjuntamente entre la fiscal\u00eda local y la PDI, lo que ha permitido realizar investigaciones con decomisos importantes de drogas. Lo que motiva a seguir trabajando de manera conjunta, a partir de esto y la detenci\u00f3n de este imputado, iniciamos una investigaci\u00f3n respecto de la que habr\u00e1 m\u00e1s diligencias para determinar el origen de la droga y otros part\u00edcipes de los mismo\u00bb.<\/em><\/p>\n<p style=\"text-align: justify;\">La marihuana tipo \u2018Cripy\u2019 es una especie de la cannabis que se cultiva y genera en Colombia, por lo que tanto la PDI como la Fiscal\u00eda de Los Andes, trabajan para esclarecer por d\u00f3nde ingres\u00f3 esta gran cantidad de sustancia il\u00edcita y qui\u00e9n o qui\u00e9nes son los responsables de este acto.<\/p>\n<figure id=\"attachment_110894\" aria-describedby=\"caption-attachment-110894\" style=\"width: 698px\" class=\"wp-caption alignnone\"><img data-recalc-dims=\"1\" loading=\"lazy\" decoding=\"async\" class=\"size-full wp-image-110894\" src=\"https:\/\/i0.wp.com\/eltrabajo.cl\/portal\/wp-content\/uploads\/2021\/10\/Brianco-4-PDI.jpg?resize=640%2C360&#038;ssl=1\" alt=\"Autoridades nacionales y locales dan cuenta del gran operativo de la PDI de Los Andes en el cual se incautaron 750 kilos de marihuana \u2018Cripy\u2019. \" width=\"640\" height=\"360\" srcset=\"https:\/\/i0.wp.com\/eltrabajo.cl\/portal\/wp-content\/uploads\/2021\/10\/Brianco-4-PDI.jpg?w=698&amp;ssl=1 698w, https:\/\/i0.wp.com\/eltrabajo.cl\/portal\/wp-content\/uploads\/2021\/10\/Brianco-4-PDI.jpg?resize=300%2C169&amp;ssl=1 300w, https:\/\/i0.wp.com\/eltrabajo.cl\/portal\/wp-content\/uploads\/2021\/10\/Brianco-4-PDI.jpg?resize=200%2C113&amp;ssl=1 200w, https:\/\/i0.wp.com\/eltrabajo.cl\/portal\/wp-content\/uploads\/2021\/10\/Brianco-4-PDI.jpg?resize=696%2C392&amp;ssl=1 696w\" sizes=\"auto, (max-width: 640px) 100vw, 640px\" \/><figcaption id=\"caption-attachment-110894\" class=\"wp-caption-text\">Autoridades nacionales y locales dan cuenta del gran operativo de la PDI de Los Andes en el cual se incautaron 750 kilos de marihuana \u2018Cripy\u2019.<\/figcaption><\/figure>\n<figure id=\"attachment_110893\" aria-describedby=\"caption-attachment-110893\" style=\"width: 698px\" class=\"wp-caption alignnone\"><img data-recalc-dims=\"1\" loading=\"lazy\" decoding=\"async\" class=\"size-full wp-image-110893\" src=\"https:\/\/i0.wp.com\/eltrabajo.cl\/portal\/wp-content\/uploads\/2021\/10\/Brianco-2-PDI.jpg?resize=640%2C463&#038;ssl=1\" alt=\"Oculta en el cielo y en las paredes del cami\u00f3n ven\u00eda m\u00e1s de media tonelada de droga, la que fue incautada en un duro golpe al narcotr\u00e1fico a nivel nacional dado por la Brigada Antinarc\u00f3ticos y Contra el Crimen Organizado (Brianco) de la Polic\u00eda de Investigaciones de Los Andes.\" width=\"640\" height=\"463\" srcset=\"https:\/\/i0.wp.com\/eltrabajo.cl\/portal\/wp-content\/uploads\/2021\/10\/Brianco-2-PDI.jpg?w=698&amp;ssl=1 698w, https:\/\/i0.wp.com\/eltrabajo.cl\/portal\/wp-content\/uploads\/2021\/10\/Brianco-2-PDI.jpg?resize=300%2C217&amp;ssl=1 300w, https:\/\/i0.wp.com\/eltrabajo.cl\/portal\/wp-content\/uploads\/2021\/10\/Brianco-2-PDI.jpg?resize=200%2C145&amp;ssl=1 200w, https:\/\/i0.wp.com\/eltrabajo.cl\/portal\/wp-content\/uploads\/2021\/10\/Brianco-2-PDI.jpg?resize=696%2C504&amp;ssl=1 696w, https:\/\/i0.wp.com\/eltrabajo.cl\/portal\/wp-content\/uploads\/2021\/10\/Brianco-2-PDI.jpg?resize=324%2C235&amp;ssl=1 324w\" sizes=\"auto, (max-width: 640px) 100vw, 640px\" \/><figcaption id=\"caption-attachment-110893\" class=\"wp-caption-text\">Oculta en el cielo y en las paredes del cami\u00f3n ven\u00eda m\u00e1s de media tonelada de droga, la que fue incautada en un duro golpe al narcotr\u00e1fico a nivel nacional dado por la Brigada Antinarc\u00f3ticos y Contra el Crimen Organizado (Brianco) de la Polic\u00eda de Investigaciones de Los Andes.<\/figcaption><\/figure>\n","protected":false},"excerpt":{"rendered":"<p>La droga era transportada en un cami\u00f3n especialmente acondicionado para su traslado. Hay una persona detenida de nacional colombiana.- Un duro golpe al narcotr\u00e1fico a nivel nacional dio la Brigada Antinarc\u00f3ticos y&#8230;<\/p>\n","protected":false},"author":482,"featured_media":110894,"comment_status":"closed","ping_status":"open","sticky":false,"template":"","format":"standard","meta":{"advanced_seo_description":"","jetpack_seo_html_title":"","jetpack_seo_noindex":false,"_jetpack_memberships_contains_paid_content":false,"footnotes":""},"categories":[21],"tags":[],"class_list":["post-110892","post","type-post","status-publish","format-standard","has-post-thumbnail","hentry","category-policial"],"jetpack_featured_media_url":"https:\/\/i0.wp.com\/eltrabajo.cl\/portal\/wp-content\/uploads\/2021\/10\/Brianco-4-PDI.jpg?fit=698%2C393&ssl=1","jetpack_sharing_enabled":true,"jetpack_likes_enabled":true,"jetpack-related-posts":[],"_links":{"self":[{"href":"https:\/\/eltrabajo.cl\/portal\/wp-json\/wp\/v2\/posts\/110892","targetHints":{"allow":["GET"]}}],"collection":[{"href":"https:\/\/eltrabajo.cl\/portal\/wp-json\/wp\/v2\/posts"}],"about":[{"href":"https:\/\/eltrabajo.cl\/portal\/wp-json\/wp\/v2\/types\/post"}],"author":[{"embeddable":true,"href":"https:\/\/eltrabajo.cl\/portal\/wp-json\/wp\/v2\/users\/482"}],"replies":[{"embeddable":true,"href":"https:\/\/eltrabajo.cl\/portal\/wp-json\/wp\/v2\/comments?post=110892"}],"version-history":[{"count":0,"href":"https:\/\/eltrabajo.cl\/portal\/wp-json\/wp\/v2\/posts\/110892\/revisions"}],"wp:featuredmedia":[{"embeddable":true,"href":"https:\/\/eltrabajo.cl\/portal\/wp-json\/wp\/v2\/media\/110894"}],"wp:attachment":[{"href":"https:\/\/eltrabajo.cl\/portal\/wp-json\/wp\/v2\/media?parent=110892"}],"wp:term":[{"taxonomy":"category","embeddable":true,"href":"https:\/\/eltrabajo.cl\/portal\/wp-json\/wp\/v2\/categories?post=110892"},{"taxonomy":"post_tag","embeddable":true,"href":"https:\/\/eltrabajo.cl\/portal\/wp-json\/wp\/v2\/tags?post=110892"}],"curies":[{"name":"wp","href":"https:\/\/api.w.org\/{rel}","templated":true}]}}