{"id":110938,"date":"2021-11-02T07:35:41","date_gmt":"2021-11-02T10:35:41","guid":{"rendered":"https:\/\/eltrabajo.cl\/portal\/?p=110938"},"modified":"2021-11-01T20:36:17","modified_gmt":"2021-11-01T23:36:17","slug":"equipo-u21-de-union-san-felipe-avanza-en-el-torneo-de-futbol-joven","status":"publish","type":"post","link":"https:\/\/eltrabajo.cl\/portal\/equipo-u21-de-union-san-felipe-avanza-en-el-torneo-de-futbol-joven\/","title":{"rendered":"Equipo U21 de Uni\u00f3n San Felipe avanza en el torneo de F\u00fatbol Joven"},"content":{"rendered":"<p style=\"text-align: justify;\">El conjunto menor de 21 a\u00f1os de Uni\u00f3n San Felipe cerr\u00f3 de manera perfecta la llave clasificatoria ante su similar de Cobresal, al vencer al conjunto minero por 2 goles a 1, en el partido de revancha disputado el s\u00e1bado reci\u00e9n pasado en el Complejo Deportivo del club sanfelipe\u00f1o.<\/p>\n<p style=\"text-align: justify;\">Los goles del conjunto sanfelipe\u00f1o corrieron por cuenta de <strong>Ignacio Mes\u00edas<\/strong> en el 64\u2019 y <strong>Gregorio D\u00edaz<\/strong>, cuando el reloj marcaba los 79 minutos de juego. Con esto los dirigidos de <strong>Miguel S\u00e1nchez<\/strong> lograron sortear los dieciseisavos de final del campeonato 2021 del F\u00fatbol Joven chileno.<\/p>\n<p style=\"text-align: justify;\">Por su parte el cuadro U-18 unionista qued\u00f3 en el camino al ser superado 2 a 3 por Cobresal en el encuentro de vuelta disputado durante la misma jornada sabatina en el centro de entrenamiento del Un\u00ed Un\u00ed.<\/p>\n<figure id=\"attachment_110939\" aria-describedby=\"caption-attachment-110939\" style=\"width: 699px\" class=\"wp-caption alignnone\"><img data-recalc-dims=\"1\" loading=\"lazy\" decoding=\"async\" class=\"size-full wp-image-110939\" src=\"https:\/\/i0.wp.com\/eltrabajo.cl\/portal\/wp-content\/uploads\/2021\/11\/u21-del-uni-uni.jpg?resize=640%2C568&#038;ssl=1\" alt=\"De forma impecable el equipo U21 del Un\u00ed Un\u00ed avanz\u00f3 en el torneo de F\u00fatbol Joven de la ANFP.\" width=\"640\" height=\"568\" srcset=\"https:\/\/i0.wp.com\/eltrabajo.cl\/portal\/wp-content\/uploads\/2021\/11\/u21-del-uni-uni.jpg?w=699&amp;ssl=1 699w, https:\/\/i0.wp.com\/eltrabajo.cl\/portal\/wp-content\/uploads\/2021\/11\/u21-del-uni-uni.jpg?resize=300%2C266&amp;ssl=1 300w, https:\/\/i0.wp.com\/eltrabajo.cl\/portal\/wp-content\/uploads\/2021\/11\/u21-del-uni-uni.jpg?resize=169%2C150&amp;ssl=1 169w, https:\/\/i0.wp.com\/eltrabajo.cl\/portal\/wp-content\/uploads\/2021\/11\/u21-del-uni-uni.jpg?resize=696%2C617&amp;ssl=1 696w\" sizes=\"auto, (max-width: 640px) 100vw, 640px\" \/><figcaption id=\"caption-attachment-110939\" class=\"wp-caption-text\">De forma impecable el equipo U21 del Un\u00ed Un\u00ed avanz\u00f3 en el torneo de F\u00fatbol Joven de la ANFP.<\/figcaption><\/figure>\n","protected":false},"excerpt":{"rendered":"<p>El conjunto menor de 21 a\u00f1os de Uni\u00f3n San Felipe cerr\u00f3 de manera perfecta la llave clasificatoria ante su similar de Cobresal, al vencer al conjunto minero por 2 goles a 1,&#8230;<\/p>\n","protected":false},"author":482,"featured_media":110939,"comment_status":"closed","ping_status":"open","sticky":false,"template":"","format":"standard","meta":{"advanced_seo_description":"","jetpack_seo_html_title":"","jetpack_seo_noindex":false,"_jetpack_memberships_contains_paid_content":false,"footnotes":""},"categories":[19],"tags":[],"class_list":["post-110938","post","type-post","status-publish","format-standard","has-post-thumbnail","hentry","category-deportes"],"jetpack_featured_media_url":"https:\/\/i0.wp.com\/eltrabajo.cl\/portal\/wp-content\/uploads\/2021\/11\/u21-del-uni-uni.jpg?fit=699%2C620&ssl=1","jetpack_sharing_enabled":true,"jetpack_likes_enabled":true,"jetpack-related-posts":[],"_links":{"self":[{"href":"https:\/\/eltrabajo.cl\/portal\/wp-json\/wp\/v2\/posts\/110938","targetHints":{"allow":["GET"]}}],"collection":[{"href":"https:\/\/eltrabajo.cl\/portal\/wp-json\/wp\/v2\/posts"}],"about":[{"href":"https:\/\/eltrabajo.cl\/portal\/wp-json\/wp\/v2\/types\/post"}],"author":[{"embeddable":true,"href":"https:\/\/eltrabajo.cl\/portal\/wp-json\/wp\/v2\/users\/482"}],"replies":[{"embeddable":true,"href":"https:\/\/eltrabajo.cl\/portal\/wp-json\/wp\/v2\/comments?post=110938"}],"version-history":[{"count":0,"href":"https:\/\/eltrabajo.cl\/portal\/wp-json\/wp\/v2\/posts\/110938\/revisions"}],"wp:featuredmedia":[{"embeddable":true,"href":"https:\/\/eltrabajo.cl\/portal\/wp-json\/wp\/v2\/media\/110939"}],"wp:attachment":[{"href":"https:\/\/eltrabajo.cl\/portal\/wp-json\/wp\/v2\/media?parent=110938"}],"wp:term":[{"taxonomy":"category","embeddable":true,"href":"https:\/\/eltrabajo.cl\/portal\/wp-json\/wp\/v2\/categories?post=110938"},{"taxonomy":"post_tag","embeddable":true,"href":"https:\/\/eltrabajo.cl\/portal\/wp-json\/wp\/v2\/tags?post=110938"}],"curies":[{"name":"wp","href":"https:\/\/api.w.org\/{rel}","templated":true}]}}