{"id":110951,"date":"2021-11-02T07:55:24","date_gmt":"2021-11-02T10:55:24","guid":{"rendered":"https:\/\/eltrabajo.cl\/portal\/?p=110951"},"modified":"2021-11-01T20:44:46","modified_gmt":"2021-11-01T23:44:46","slug":"alumno-de-la-escuela-de-montana-muere-tras-perder-el-equilibrio-y-caer-desde-gran-altura","status":"publish","type":"post","link":"https:\/\/eltrabajo.cl\/portal\/alumno-de-la-escuela-de-montana-muere-tras-perder-el-equilibrio-y-caer-desde-gran-altura\/","title":{"rendered":"Alumno de la Escuela de Monta\u00f1a muere tras perder el equilibrio y caer desde gran altura"},"content":{"rendered":"<p style=\"text-align: justify;\"><strong>LOS ANDES.-<\/strong> Fue a trav\u00e9s de un comunicado oficial que la Escuela de Alta Monta\u00f1a del Ej\u00e9rcito de Chile, con asiento en la provincia de Los Andes, dio a conocer a la opini\u00f3n p\u00fablica el deceso de uno de sus alumnos, quien al transitar por un sendero perdi\u00f3 el equilibrio, cayendo de una gran altura. En el comunicado se indica que, pese a todos los esfuerzos por salvar su vida, el alumno lamentablemente falleci\u00f3.<\/p>\n<p style=\"text-align: justify;\">\n<p style=\"text-align: justify;\"><span style=\"color: #ff0000;\">COMUNICADO OFICIAL<\/span><\/p>\n<p style=\"text-align: justify;\">A continuaci\u00f3n dejamos el comunicado de la Escuela de Monta\u00f1a:<\/p>\n<p style=\"text-align: justify;\">\u00ab<em>En horas de la ma\u00f1ana del d\u00eda domingo y en circunstancias en que los alumnos del Curso Regular de Monta\u00f1a se encontraban en una marcha a pie de regreso de un ejercicio de escalada de combate en el cerro El Refugio, cercano a la localidad de R\u00edo Blanco, un alumno perdi\u00f3 el equilibrio al transitar por un sendero, lo que produjo su ca\u00edda desde gran altura. En el lugar del accidente recibi\u00f3 los Primeros Auxilios por parte del enfermero del curso, para posteriormente ser evacuado v\u00eda a\u00e9rea al Hospital Militar de Santiago, centro asistencial donde se produjo su deceso. Producto de los hechos descritos, se dio cuenta inmediatamente a los estamentos correspondientes, a fin de dar inicio a las investigaciones de rigor. En forma paralela se ha dispuesto efectuar una Investigaci\u00f3n Sumaria Administrativa. <\/em><\/p>\n<p style=\"text-align: justify;\"><em>La Escuela de Monta\u00f1a lamenta profundamente la p\u00e9rdida de uno de sus camaradas de armas, hecho que enluta a la Instituci\u00f3n, la cual ha dispuesto los apoyos correspondientes a la familia afectada<\/em>\u00bb, se\u00f1ala el comunicado.<\/p>\n<p style=\"text-align: justify;\">\n<p style=\"text-align: justify;\"><span style=\"color: #ff0000;\">OTRA TRAGEDIA<\/span><\/p>\n<p style=\"text-align: justify;\">Importante se\u00f1alar que esta clase de \u2018accidentes\u2019 no son ajenos a esta Escuela Militar, pues hace dos a\u00f1os, en noviembre de 2019, el joven identificado con las iniciales <strong>D.I.C.H.<\/strong>, de 18 a\u00f1os de edad, se encontraba junto a otro compa\u00f1ero desarrollando labores de guardia en uno de los accesos al recinto militar, cuando de pronto comenzaron a manipular las armas. Fue entonces que el otro soldado, de modo accidental, habr\u00eda accionado el gatillo, produci\u00e9ndose el disparo que dio en el rostro al joven, quien muri\u00f3 de manera inmediata.<\/p>\n<figure id=\"attachment_110952\" aria-describedby=\"caption-attachment-110952\" style=\"width: 699px\" class=\"wp-caption alignnone\"><img data-recalc-dims=\"1\" loading=\"lazy\" decoding=\"async\" class=\"size-full wp-image-110952\" src=\"https:\/\/i0.wp.com\/eltrabajo.cl\/portal\/wp-content\/uploads\/2021\/11\/Escuela.jpg?resize=640%2C481&#038;ssl=1\" alt=\"Nuevamente la Escuela de Alta Monta\u00f1a del Ej\u00e9rcito de Chile, en Los Andes, reporta otra muerte accidental.\" width=\"640\" height=\"481\" srcset=\"https:\/\/i0.wp.com\/eltrabajo.cl\/portal\/wp-content\/uploads\/2021\/11\/Escuela.jpg?w=699&amp;ssl=1 699w, https:\/\/i0.wp.com\/eltrabajo.cl\/portal\/wp-content\/uploads\/2021\/11\/Escuela.jpg?resize=300%2C225&amp;ssl=1 300w, https:\/\/i0.wp.com\/eltrabajo.cl\/portal\/wp-content\/uploads\/2021\/11\/Escuela.jpg?resize=200%2C150&amp;ssl=1 200w, https:\/\/i0.wp.com\/eltrabajo.cl\/portal\/wp-content\/uploads\/2021\/11\/Escuela.jpg?resize=696%2C523&amp;ssl=1 696w\" sizes=\"auto, (max-width: 640px) 100vw, 640px\" \/><figcaption id=\"caption-attachment-110952\" class=\"wp-caption-text\">Nuevamente la Escuela de Alta Monta\u00f1a del Ej\u00e9rcito de Chile, en Los Andes, reporta otra muerte accidental.<\/figcaption><\/figure>\n","protected":false},"excerpt":{"rendered":"<p>LOS ANDES.- Fue a trav\u00e9s de un comunicado oficial que la Escuela de Alta Monta\u00f1a del Ej\u00e9rcito de Chile, con asiento en la provincia de Los Andes, dio a conocer a la&#8230;<\/p>\n","protected":false},"author":482,"featured_media":110952,"comment_status":"closed","ping_status":"open","sticky":false,"template":"","format":"standard","meta":{"advanced_seo_description":"","jetpack_seo_html_title":"","jetpack_seo_noindex":false,"_jetpack_memberships_contains_paid_content":false,"footnotes":""},"categories":[21],"tags":[],"class_list":["post-110951","post","type-post","status-publish","format-standard","has-post-thumbnail","hentry","category-policial"],"jetpack_featured_media_url":"https:\/\/i0.wp.com\/eltrabajo.cl\/portal\/wp-content\/uploads\/2021\/11\/Escuela.jpg?fit=699%2C525&ssl=1","jetpack_sharing_enabled":true,"jetpack_likes_enabled":true,"jetpack-related-posts":[],"_links":{"self":[{"href":"https:\/\/eltrabajo.cl\/portal\/wp-json\/wp\/v2\/posts\/110951","targetHints":{"allow":["GET"]}}],"collection":[{"href":"https:\/\/eltrabajo.cl\/portal\/wp-json\/wp\/v2\/posts"}],"about":[{"href":"https:\/\/eltrabajo.cl\/portal\/wp-json\/wp\/v2\/types\/post"}],"author":[{"embeddable":true,"href":"https:\/\/eltrabajo.cl\/portal\/wp-json\/wp\/v2\/users\/482"}],"replies":[{"embeddable":true,"href":"https:\/\/eltrabajo.cl\/portal\/wp-json\/wp\/v2\/comments?post=110951"}],"version-history":[{"count":0,"href":"https:\/\/eltrabajo.cl\/portal\/wp-json\/wp\/v2\/posts\/110951\/revisions"}],"wp:featuredmedia":[{"embeddable":true,"href":"https:\/\/eltrabajo.cl\/portal\/wp-json\/wp\/v2\/media\/110952"}],"wp:attachment":[{"href":"https:\/\/eltrabajo.cl\/portal\/wp-json\/wp\/v2\/media?parent=110951"}],"wp:term":[{"taxonomy":"category","embeddable":true,"href":"https:\/\/eltrabajo.cl\/portal\/wp-json\/wp\/v2\/categories?post=110951"},{"taxonomy":"post_tag","embeddable":true,"href":"https:\/\/eltrabajo.cl\/portal\/wp-json\/wp\/v2\/tags?post=110951"}],"curies":[{"name":"wp","href":"https:\/\/api.w.org\/{rel}","templated":true}]}}