{"id":110972,"date":"2021-11-03T07:50:48","date_gmt":"2021-11-03T10:50:48","guid":{"rendered":"https:\/\/eltrabajo.cl\/portal\/?p=110972"},"modified":"2021-11-02T23:21:37","modified_gmt":"2021-11-03T02:21:37","slug":"joven-devastado-tras-robo-de-su-vehiculo-frente-a-la-disco-cesar","status":"publish","type":"post","link":"https:\/\/eltrabajo.cl\/portal\/joven-devastado-tras-robo-de-su-vehiculo-frente-a-la-disco-cesar\/","title":{"rendered":"Joven devastado tras robo de su veh\u00edculo frente a la disco C\u00e9sar"},"content":{"rendered":"<ul style=\"text-align: justify;\">\n<li style=\"text-align: left;\"><strong>Debi\u00f3 estacionar en la carretera al acudir a una fiesta con aforo limitado en el conocido centro nocturno, el cual ten\u00eda su estacionamiento copado.<\/strong><\/li>\n<\/ul>\n<p style=\"text-align: justify;\"><strong>H\u00e9ctor Silva Aranda<\/strong> nos relata que su hijo de 20 a\u00f1os se encuentra devastado luego de sufrir el robo de su autom\u00f3vil que dej\u00f3 estacionado en la carretera San Mart\u00edn para asistir a una fiesta a la disco C\u00e9sar ubicada en el lugar. El caso ocurri\u00f3 este s\u00e1bado 30 de octubre.<\/p>\n<p style=\"text-align: justify;\">Adem\u00e1s, comenta que est\u00e1n analizando alguna acci\u00f3n legal contra los organizadores, porque la fiesta era con aforo limitado, garantizando de esta manera estacionamiento en el recinto. Algo que en la pr\u00e1ctica no se cumpli\u00f3, debiendo estacionarlo en la carretera San Mart\u00edn desde donde se lo robaron.<\/p>\n<p style=\"text-align: justify;\">Cuenta a nuestro medio que asisti\u00f3 a una fiesta en la C\u00e9sar: <em>\u00abHab\u00edan comprado sus entradas y todo, al momento de llegar al evento le dijeron <strong>\u2018que no pod\u00eda dejar el auto en el estacionamiento porque estaba lleno\u2019<\/strong>. As\u00ed es que \u00e9l puso el auto afuera en la carretera San Mart\u00edn, donde hab\u00eda m\u00e1s veh\u00edculos. Ah\u00ed \u00e9l lleg\u00f3 a las 12:20 horas <\/em>(de la noche)<em> y se estaba retirando a las 04:10 <\/em>(de la madrugada)<em> y ya el auto no estaba a esa hora cuando \u00e9l se retir\u00f3. Se hizo la constancia en Carabineros de Curimon y hasta el d\u00eda de hoy <\/em>(ayer)<em> no se ha encontrado. Han dado pistas que anda por aqu\u00ed, por all\u00e1, en una poblaci\u00f3n ac\u00e1 en San Felipe, pero nada concreto\u00bb,<\/em> cuenta H\u00e9ctor, padre de la v\u00edctima del robo.<\/p>\n<p style=\"text-align: justify;\">&#8211; <strong>\u00bfCu\u00e1les son las caracter\u00edsticas del veh\u00edculo?<\/strong><\/p>\n<p style=\"text-align: justify;\">&#8211; Es un auto azul marca K\u00eda, modelo R\u00edo, patente WS-5001. Es a\u00f1o 2007. Se lo hab\u00edamos comprado hace poco a mi hijo que es mayor de edad. \u00c9l nos contaba que anterior al robo de su veh\u00edculo, hab\u00edan sustra\u00eddo otro ah\u00ed mismo, pero ellos tuvieron m\u00e1s suerte porque lo encontraron altiro. Ahora, las personas que organizaron el evento no han dado raz\u00f3n nada de que si era con aforo y con entrada, \u00bfpor qu\u00e9 el estacionamiento estaba completo?<\/p>\n<p style=\"text-align: justify;\">&#8211; <strong>\u00bfEn ese sentido ustedes pretenden alg\u00fan tipo de acci\u00f3n legal?<\/strong><\/p>\n<p style=\"text-align: justify;\">&#8211; Ahora lo estamos viendo ya con el abogado para ver qu\u00e9 pasos a seguir, porque si es una fiesta que dice que es un aforo limitado, solamente con entrada, \u00bfpor qu\u00e9 el estacionamiento no estaba acondicionado para ese aforo?.<\/p>\n<p style=\"text-align: justify;\">&#8211; <strong>\u00bfO sea usted dice el hecho de tener entrada ya daba derecho de contar con un estacionamiento en el recinto?<\/strong><\/p>\n<p style=\"text-align: justify;\">&#8211; Obviamente, si ellos estaban ofreciendo el servicio completo, entonces lo que estamos viendo con el abogado es por qu\u00e9 ellos no ten\u00edan los estacionamientos para el total de ventas de entradas que vendieron, o vendieron m\u00e1s de las que ten\u00edan que haber hecho o vendido. Eso lo estamos viendo ahora.<\/p>\n<p style=\"text-align: justify;\">&#8211; <strong>\u00bfEn la publicidad se aseguraba estacionamiento?<\/strong><\/p>\n<p style=\"text-align: justify;\">&#8211; Dec\u00eda que era una fiesta con aforo limitado, estacionamiento, m\u00fasica todo como siempre se ponen en las publicaciones.<\/p>\n<p style=\"text-align: justify;\">&#8211; <strong>\u00bfC\u00f3mo creen ustedes que se robaron el auto, habr\u00e1n roto alg\u00fan vidrio, con una llave?<\/strong><\/p>\n<p style=\"text-align: justify;\">&#8211; Yo creo que debieron haber reventado una chapa del auto porque por ejemplo no se vieron vidrios ah\u00ed en el sector donde estaba estacionado. Nosotros fuimos a dar una vuelta para all\u00e1 y no reventaron ni un vidrio, as\u00ed es que la impresi\u00f3n que tenemos es que reventaron la chapa.<\/p>\n<p style=\"text-align: justify;\">&#8211; <strong>\u00bfLes cost\u00f3 harto tener el auto?<\/strong><\/p>\n<p style=\"text-align: justify;\">&#8211; S\u00ed, porque imag\u00ednate que era el primer auto de mi hijo, entonces cost\u00f3 harto. Porque \u00e9l estudia y est\u00e1 trabajando los d\u00edas festivos, fines de semana est\u00e1 haciendo trabajos, le cost\u00f3 bastante. Juntamos la \u2018platita\u2019 entre todos para poder compr\u00e1rselo.<\/p>\n<p style=\"text-align: justify;\">&#8211; <strong>\u00bfC\u00f3mo est\u00e1 \u00e9l?<\/strong><\/p>\n<p style=\"text-align: justify;\">&#8211; Buuu, est\u00e1 pero devastado, como todo joven a los 20 a\u00f1os que le roben su primer veh\u00edculo que cost\u00f3 tenerlo, pero por lo menos nosotros le damos el consuelo que por \u00faltimo fue el auto, a \u00e9l como persona y sus amigos que andaban, no les pas\u00f3 nada, porque podr\u00eda haber sido un asalto y puede haber sido m\u00e1s complicado.<\/p>\n<p style=\"text-align: justify;\">&#8211; <strong>\u00bfEn qu\u00e9 se devolvieron, en alg\u00fan radio taxi o con amigos?<\/strong><\/p>\n<p style=\"text-align: justify;\">&#8211; No, los fuimos a buscar nosotros como pap\u00e1s los fuimos a buscar.<\/p>\n<p style=\"text-align: justify;\">Al finalizar hace un llamado a las personas que tengan alguna informaci\u00f3n del auto y deja su tel\u00e9fono de contacto +56 9 8286 9483, H\u00e9ctor Silva Aranda.<\/p>\n<figure id=\"attachment_110973\" aria-describedby=\"caption-attachment-110973\" style=\"width: 699px\" class=\"wp-caption alignnone\"><img data-recalc-dims=\"1\" loading=\"lazy\" decoding=\"async\" class=\"size-full wp-image-110973\" src=\"https:\/\/i0.wp.com\/eltrabajo.cl\/portal\/wp-content\/uploads\/2021\/11\/Auto.jpg?resize=640%2C504&#038;ssl=1\" alt=\"Este es el autom\u00f3vil robado el d\u00eda s\u00e1bado 30 de octubre desde la carretera San Mart\u00edn, frente a la disco C\u00e9sar.\" width=\"640\" height=\"504\" srcset=\"https:\/\/i0.wp.com\/eltrabajo.cl\/portal\/wp-content\/uploads\/2021\/11\/Auto.jpg?w=699&amp;ssl=1 699w, https:\/\/i0.wp.com\/eltrabajo.cl\/portal\/wp-content\/uploads\/2021\/11\/Auto.jpg?resize=300%2C236&amp;ssl=1 300w, https:\/\/i0.wp.com\/eltrabajo.cl\/portal\/wp-content\/uploads\/2021\/11\/Auto.jpg?resize=190%2C150&amp;ssl=1 190w, https:\/\/i0.wp.com\/eltrabajo.cl\/portal\/wp-content\/uploads\/2021\/11\/Auto.jpg?resize=696%2C549&amp;ssl=1 696w\" sizes=\"auto, (max-width: 640px) 100vw, 640px\" \/><figcaption id=\"caption-attachment-110973\" class=\"wp-caption-text\">Este es el autom\u00f3vil robado el d\u00eda s\u00e1bado 30 de octubre desde la carretera San Mart\u00edn, frente a la disco C\u00e9sar.<\/figcaption><\/figure>\n","protected":false},"excerpt":{"rendered":"<p>Debi\u00f3 estacionar en la carretera al acudir a una fiesta con aforo limitado en el conocido centro nocturno, el cual ten\u00eda su estacionamiento copado. H\u00e9ctor Silva Aranda nos relata que su hijo&#8230;<\/p>\n","protected":false},"author":482,"featured_media":110973,"comment_status":"closed","ping_status":"open","sticky":false,"template":"","format":"standard","meta":{"advanced_seo_description":"","jetpack_seo_html_title":"","jetpack_seo_noindex":false,"_jetpack_memberships_contains_paid_content":false,"footnotes":""},"categories":[21],"tags":[],"class_list":["post-110972","post","type-post","status-publish","format-standard","has-post-thumbnail","hentry","category-policial"],"jetpack_featured_media_url":"https:\/\/i0.wp.com\/eltrabajo.cl\/portal\/wp-content\/uploads\/2021\/11\/Auto.jpg?fit=699%2C551&ssl=1","jetpack_sharing_enabled":true,"jetpack_likes_enabled":true,"jetpack-related-posts":[],"_links":{"self":[{"href":"https:\/\/eltrabajo.cl\/portal\/wp-json\/wp\/v2\/posts\/110972","targetHints":{"allow":["GET"]}}],"collection":[{"href":"https:\/\/eltrabajo.cl\/portal\/wp-json\/wp\/v2\/posts"}],"about":[{"href":"https:\/\/eltrabajo.cl\/portal\/wp-json\/wp\/v2\/types\/post"}],"author":[{"embeddable":true,"href":"https:\/\/eltrabajo.cl\/portal\/wp-json\/wp\/v2\/users\/482"}],"replies":[{"embeddable":true,"href":"https:\/\/eltrabajo.cl\/portal\/wp-json\/wp\/v2\/comments?post=110972"}],"version-history":[{"count":0,"href":"https:\/\/eltrabajo.cl\/portal\/wp-json\/wp\/v2\/posts\/110972\/revisions"}],"wp:featuredmedia":[{"embeddable":true,"href":"https:\/\/eltrabajo.cl\/portal\/wp-json\/wp\/v2\/media\/110973"}],"wp:attachment":[{"href":"https:\/\/eltrabajo.cl\/portal\/wp-json\/wp\/v2\/media?parent=110972"}],"wp:term":[{"taxonomy":"category","embeddable":true,"href":"https:\/\/eltrabajo.cl\/portal\/wp-json\/wp\/v2\/categories?post=110972"},{"taxonomy":"post_tag","embeddable":true,"href":"https:\/\/eltrabajo.cl\/portal\/wp-json\/wp\/v2\/tags?post=110972"}],"curies":[{"name":"wp","href":"https:\/\/api.w.org\/{rel}","templated":true}]}}