{"id":110975,"date":"2021-11-03T07:55:58","date_gmt":"2021-11-03T10:55:58","guid":{"rendered":"https:\/\/eltrabajo.cl\/portal\/?p=110975"},"modified":"2021-11-02T23:23:20","modified_gmt":"2021-11-03T02:23:20","slug":"en-prision-preventiva-sujetos-que-asaltaron-a-hombre-dejandolo-grave","status":"publish","type":"post","link":"https:\/\/eltrabajo.cl\/portal\/en-prision-preventiva-sujetos-que-asaltaron-a-hombre-dejandolo-grave\/","title":{"rendered":"En prisi\u00f3n preventiva sujetos que asaltaron a hombre dej\u00e1ndolo grave"},"content":{"rendered":"<ul style=\"text-align: justify;\">\n<li style=\"text-align: left;\"><strong>V\u00edctima se dirig\u00eda a su domicilio tras compartir en un pub cuando fue abordado por antisociales en plena v\u00eda p\u00fablica, los cuales con un arma de fuego, arma blanca y un martillo lo intimidan y lo golpean en su cabeza.<\/strong><\/li>\n<\/ul>\n<p style=\"text-align: justify;\">Personal de la SIP de Carabineros de San Felipe detuvo el d\u00eda s\u00e1bado 30 de octubre, pasadas las 10 de la ma\u00f1ana, a dos antisociales acusados de haber asaltado, durante la madrugada, a un hombre que se dirig\u00eda a su domicilio luego de haber estado compartiendo con amigos en un pub. Se trata de un ingeniero en prevenci\u00f3n de riesgos. Ambos imputados quedaron en prisi\u00f3n preventiva.<\/p>\n<p style=\"text-align: justify;\">El asalto ocurri\u00f3 en la intersecci\u00f3n\u00a0de O\u2019Higgins con Riquelme. La v\u00edctima, tras la llegada de personal de Carabineros, fue llevada en forma inmediata al hospital de San Felipe, resultando con lesiones graves.<\/p>\n<p style=\"text-align: justify;\">Desde Carabineros indicaron que las detenciones se produjeron tras una denuncia efectuada por una v\u00edctima de 37 a\u00f1os, quien a eso de las 04:30 horas de la madrugada sale del pub hacia el sector central a dejar a una amiga. La deja en su domicilio y cuando ven\u00eda de regreso a su casa es interceptado por tres individuos; dos hombres y una mujer, los cuales con un arma de fuego, arma blanca y un martillo lo intimidan, lo golpean en su cabeza. Le roban su tel\u00e9fono celular y las zapatillas que andaba vistiendo en ese momento. Luego del asalto los sujetos se dan a la fuga en direcci\u00f3n a la Villa 250 A\u00f1os, mientras tanto, testigos toman contacto con personal de Carabineros.<\/p>\n<p style=\"text-align: justify;\">Con los antecedentes en mano, personal de la SIP de San Felipe comenz\u00f3 a efectuar diligencias investigativas para dar con el paradero de los antisociales, por lo que a eso de las 10:20 horas aproximadamente, se logra la captura de\u00a0dos de los tres sujetos que participaron en el delito, los que fueron reconocidos por la v\u00edctima.<\/p>\n<p style=\"text-align: justify;\">Se trata de dos hombres de iniciales <strong>R.M.R.T.<\/strong> de 31 a\u00f1os, apodado \u2018El Lechero\u2019, y <strong>R.E.F.P.<\/strong> apodado \u2018El Pi\u00f1a\u2019,\u00bb tambi\u00e9n de 31 a\u00f1os.<\/p>\n<p style=\"text-align: justify;\">La mujer no pudo ser detenida, pero estar\u00eda completamente identificada por la polic\u00eda y su captura ser\u00eda inminente.<\/p>\n<p style=\"text-align: justify;\">Adem\u00e1s de las detenciones, se incautaron un\u00a0arma de fuego, un cuchillo y un cartucho de escopeta usados para cometer el atraco.<\/p>\n<p style=\"text-align: justify;\">Los dos antisociales pasaron a control de detenci\u00f3n por el delito de Robo con violencia, quedando en prisi\u00f3n preventiva por ser ambos un peligro para la sociedad y peligro de fuga.<\/p>\n<figure id=\"attachment_110976\" aria-describedby=\"caption-attachment-110976\" style=\"width: 699px\" class=\"wp-caption alignnone\"><img data-recalc-dims=\"1\" loading=\"lazy\" decoding=\"async\" class=\"size-full wp-image-110976\" src=\"https:\/\/i0.wp.com\/eltrabajo.cl\/portal\/wp-content\/uploads\/2021\/11\/asalto-Detenido.jpg?resize=640%2C303&#038;ssl=1\" alt=\"Uno de los imputados siendo trasladado por Carabineros, luego de haber sido detenido.\" width=\"640\" height=\"303\" srcset=\"https:\/\/i0.wp.com\/eltrabajo.cl\/portal\/wp-content\/uploads\/2021\/11\/asalto-Detenido.jpg?w=699&amp;ssl=1 699w, https:\/\/i0.wp.com\/eltrabajo.cl\/portal\/wp-content\/uploads\/2021\/11\/asalto-Detenido.jpg?resize=300%2C142&amp;ssl=1 300w, https:\/\/i0.wp.com\/eltrabajo.cl\/portal\/wp-content\/uploads\/2021\/11\/asalto-Detenido.jpg?resize=200%2C95&amp;ssl=1 200w, https:\/\/i0.wp.com\/eltrabajo.cl\/portal\/wp-content\/uploads\/2021\/11\/asalto-Detenido.jpg?resize=696%2C330&amp;ssl=1 696w\" sizes=\"auto, (max-width: 640px) 100vw, 640px\" \/><figcaption id=\"caption-attachment-110976\" class=\"wp-caption-text\">Uno de los imputados siendo trasladado por Carabineros, luego de haber sido detenido.<\/figcaption><\/figure>\n<figure id=\"attachment_110977\" aria-describedby=\"caption-attachment-110977\" style=\"width: 700px\" class=\"wp-caption alignnone\"><img data-recalc-dims=\"1\" loading=\"lazy\" decoding=\"async\" class=\"size-full wp-image-110977\" src=\"https:\/\/i0.wp.com\/eltrabajo.cl\/portal\/wp-content\/uploads\/2021\/11\/asalto-Armas.jpg?resize=640%2C389&#038;ssl=1\" alt=\"Las armas usadas para asaltar al hombre de 37 a\u00f1os.\" width=\"640\" height=\"389\" srcset=\"https:\/\/i0.wp.com\/eltrabajo.cl\/portal\/wp-content\/uploads\/2021\/11\/asalto-Armas.jpg?w=700&amp;ssl=1 700w, https:\/\/i0.wp.com\/eltrabajo.cl\/portal\/wp-content\/uploads\/2021\/11\/asalto-Armas.jpg?resize=300%2C182&amp;ssl=1 300w, https:\/\/i0.wp.com\/eltrabajo.cl\/portal\/wp-content\/uploads\/2021\/11\/asalto-Armas.jpg?resize=200%2C121&amp;ssl=1 200w, https:\/\/i0.wp.com\/eltrabajo.cl\/portal\/wp-content\/uploads\/2021\/11\/asalto-Armas.jpg?resize=696%2C423&amp;ssl=1 696w\" sizes=\"auto, (max-width: 640px) 100vw, 640px\" \/><figcaption id=\"caption-attachment-110977\" class=\"wp-caption-text\">Las armas usadas para asaltar al hombre de 37 a\u00f1os.<\/figcaption><\/figure>\n","protected":false},"excerpt":{"rendered":"<p>V\u00edctima se dirig\u00eda a su domicilio tras compartir en un pub cuando fue abordado por antisociales en plena v\u00eda p\u00fablica, los cuales con un arma de fuego, arma blanca y un martillo&#8230;<\/p>\n","protected":false},"author":482,"featured_media":110976,"comment_status":"closed","ping_status":"open","sticky":false,"template":"","format":"standard","meta":{"advanced_seo_description":"","jetpack_seo_html_title":"","jetpack_seo_noindex":false,"_jetpack_memberships_contains_paid_content":false,"footnotes":""},"categories":[21],"tags":[],"class_list":["post-110975","post","type-post","status-publish","format-standard","has-post-thumbnail","hentry","category-policial"],"jetpack_featured_media_url":"https:\/\/i0.wp.com\/eltrabajo.cl\/portal\/wp-content\/uploads\/2021\/11\/asalto-Detenido.jpg?fit=699%2C331&ssl=1","jetpack_sharing_enabled":true,"jetpack_likes_enabled":true,"jetpack-related-posts":[],"_links":{"self":[{"href":"https:\/\/eltrabajo.cl\/portal\/wp-json\/wp\/v2\/posts\/110975","targetHints":{"allow":["GET"]}}],"collection":[{"href":"https:\/\/eltrabajo.cl\/portal\/wp-json\/wp\/v2\/posts"}],"about":[{"href":"https:\/\/eltrabajo.cl\/portal\/wp-json\/wp\/v2\/types\/post"}],"author":[{"embeddable":true,"href":"https:\/\/eltrabajo.cl\/portal\/wp-json\/wp\/v2\/users\/482"}],"replies":[{"embeddable":true,"href":"https:\/\/eltrabajo.cl\/portal\/wp-json\/wp\/v2\/comments?post=110975"}],"version-history":[{"count":0,"href":"https:\/\/eltrabajo.cl\/portal\/wp-json\/wp\/v2\/posts\/110975\/revisions"}],"wp:featuredmedia":[{"embeddable":true,"href":"https:\/\/eltrabajo.cl\/portal\/wp-json\/wp\/v2\/media\/110976"}],"wp:attachment":[{"href":"https:\/\/eltrabajo.cl\/portal\/wp-json\/wp\/v2\/media?parent=110975"}],"wp:term":[{"taxonomy":"category","embeddable":true,"href":"https:\/\/eltrabajo.cl\/portal\/wp-json\/wp\/v2\/categories?post=110975"},{"taxonomy":"post_tag","embeddable":true,"href":"https:\/\/eltrabajo.cl\/portal\/wp-json\/wp\/v2\/tags?post=110975"}],"curies":[{"name":"wp","href":"https:\/\/api.w.org\/{rel}","templated":true}]}}