{"id":111056,"date":"2021-11-08T07:40:53","date_gmt":"2021-11-08T10:40:53","guid":{"rendered":"https:\/\/eltrabajo.cl\/portal\/?p=111056"},"modified":"2021-11-07T23:45:14","modified_gmt":"2021-11-08T02:45:14","slug":"delincuentes-roban-mas-de-un-millon-de-sucursal-sanfecoop-putaendo","status":"publish","type":"post","link":"https:\/\/eltrabajo.cl\/portal\/delincuentes-roban-mas-de-un-millon-de-sucursal-sanfecoop-putaendo\/","title":{"rendered":"Delincuentes roban m\u00e1s de un mill\u00f3n de sucursal Sanfecoop Putaendo"},"content":{"rendered":"<p style=\"text-align: justify;\">M\u00e1s de un mill\u00f3n de pesos robaron delincuentes que lograron vulnerar la caja fuerte de la sucursal de Sanfecoop en Putaendo, hecho registrado durante la madrugada de este d\u00eda viernes. Fueron los propios trabajadores de la cooperativa quienes se dieron cuenta al llegar el viernes a su jornada laboral.<\/p>\n<p style=\"text-align: justify;\">Desde la instituci\u00f3n fue su presidenta <strong>Leyla Vega<\/strong> quien reconoci\u00f3 el robo, lamentando el tremendo da\u00f1o hecho a la sucursal, cuyo arreglo podr\u00eda perfectamente superar la suma robada.<\/p>\n<p style=\"text-align: justify;\">\u00ab<em>La situaci\u00f3n que vivimos durante las horas de la madrugada, nos imaginamos, fue un robo donde las personas, pensamos m\u00e1s de una, entraron al parecer por un local vecino que en este momento est\u00e1 en reparaciones y que les fue bastante f\u00e1cil ingresar por esa zona al techo de la cooperativa. Rompieron varias partes de las dependencias de la cooperativa y finalmente hicieron un forado por donde pudieron vulnerar la caja fuerte, llev\u00e1ndose alrededor de un mill\u00f3n y tanto de pesos. Es lo que se maneja que es muy poco, pero el da\u00f1o que hicieron es tremendo en cuanto al inmueble que es de abobe antiguo, como son la mayor\u00eda de la zona t\u00edpica de Putaendo, as\u00ed es que no les fue muy dif\u00edcil romper la pared a pesar que es bastante gruesa\u00bb,<\/em> se\u00f1al\u00f3 Leyla Vega.<\/p>\n<p style=\"text-align: justify;\">Recalca Leyla que destrozaron mucho mobiliario: <em>\u00abComo te digo, una pared hay que repararla por completo, el techo tambi\u00e9n, fue realmente grande el da\u00f1o que nos hicieron en ese aspecto\u00bb,<\/em> se\u00f1al\u00f3.<\/p>\n<p style=\"text-align: justify;\">&#8211;<strong> \u00bfO sea el reparar los da\u00f1os superar\u00eda la suma que le robaron?<\/strong><\/p>\n<p style=\"text-align: justify;\">&#8211; Creemos que s\u00ed, que eso va a ser mucho mayor, porque el hecho que hayan roto tanto, que las alarmas no hayan funcionado. Tambi\u00e9n es preocupante para nosotros por lo que nos dec\u00eda ah\u00ed la gente que nos acompa\u00f1\u00f3 en la ma\u00f1ana, que al parecer eran sujetos bastante avezados, no era la primera vez que robaban e incluso se llevaron lo que quedaba de las c\u00e1maras de seguridad, el aparato, el VR, creemos que ellos ten\u00edan todo preparado, llevaban los implementos para cortar ah\u00ed la caja de fondo, ya creemos que era todo bastante planificado.<\/p>\n<p style=\"text-align: justify;\">&#8211;<strong> \u00bfHicieron la denuncia en Carabineros?<\/strong><\/p>\n<p style=\"text-align: justify;\">&#8211; Exactamente, en la PDI, Carabineros y obviamente t\u00fa sabes que en la comuna de Putaendo la gente es extraordinariamente solidaria y ah\u00ed los vecinos estaban tratando de ver las c\u00e1maras, de hecho se vio un auto que no sabemos si est\u00e1 involucrado o no, que el d\u00eda anterior hab\u00eda estado por ah\u00ed rondando y tomando fotograf\u00edas. Se est\u00e1 tratando de averiguar con las c\u00e1maras de locales vecinos tambi\u00e9n.<\/p>\n<p style=\"text-align: justify;\">&#8211;<strong> \u00bfEsto lamentablemente los perjudica econ\u00f3micamente?<\/strong><\/p>\n<p style=\"text-align: justify;\">&#8211; Afortunadamente hay seguros comprometidos, pero s\u00ed, al momento de hacer las reparaciones el monto involucrado es mucho m\u00e1s alto que lo que se llevaron.<\/p>\n<p style=\"text-align: justify;\">&#8211;<strong> \u00bfVan a seguir funcionando?<\/strong><\/p>\n<p style=\"text-align: justify;\">&#8211; Vamos a reparar, obviamente vamos a dejar con custodia, ya comenzaron a hacer los trabajos, ya nos dio permiso la polic\u00eda para que comenz\u00e1ramos a ver los documentos, a reparar, a limpiar porque qued\u00f3 todo terrible y creemos que el d\u00eda martes (ma\u00f1ana) vamos a estar totalmente operativos.<\/p>\n<p style=\"text-align: justify;\">La oficina de Sanfecoop en Putaendo se encuentra ubicada en calle Camus N\u00ba150, costado del ex Club Social de esa comuna que actualmente est\u00e1 cerrado a espera de ser reparado.<\/p>\n<figure id=\"attachment_111057\" aria-describedby=\"caption-attachment-111057\" style=\"width: 700px\" class=\"wp-caption alignnone\"><img data-recalc-dims=\"1\" loading=\"lazy\" decoding=\"async\" class=\"size-full wp-image-111057\" src=\"https:\/\/i0.wp.com\/eltrabajo.cl\/portal\/wp-content\/uploads\/2021\/11\/Robo.jpg?resize=640%2C480&#038;ssl=1\" alt=\"Carabineros afuera de la oficina de Sanfecoop en Putaendo, adoptando el procedimiento.\" width=\"640\" height=\"480\" srcset=\"https:\/\/i0.wp.com\/eltrabajo.cl\/portal\/wp-content\/uploads\/2021\/11\/Robo.jpg?w=700&amp;ssl=1 700w, https:\/\/i0.wp.com\/eltrabajo.cl\/portal\/wp-content\/uploads\/2021\/11\/Robo.jpg?resize=300%2C225&amp;ssl=1 300w, https:\/\/i0.wp.com\/eltrabajo.cl\/portal\/wp-content\/uploads\/2021\/11\/Robo.jpg?resize=200%2C150&amp;ssl=1 200w, https:\/\/i0.wp.com\/eltrabajo.cl\/portal\/wp-content\/uploads\/2021\/11\/Robo.jpg?resize=696%2C522&amp;ssl=1 696w\" sizes=\"auto, (max-width: 640px) 100vw, 640px\" \/><figcaption id=\"caption-attachment-111057\" class=\"wp-caption-text\">Carabineros afuera de la oficina de Sanfecoop en Putaendo, adoptando el procedimiento.<\/figcaption><\/figure>\n","protected":false},"excerpt":{"rendered":"<p>M\u00e1s de un mill\u00f3n de pesos robaron delincuentes que lograron vulnerar la caja fuerte de la sucursal de Sanfecoop en Putaendo, hecho registrado durante la madrugada de este d\u00eda viernes. Fueron los&#8230;<\/p>\n","protected":false},"author":482,"featured_media":111057,"comment_status":"closed","ping_status":"open","sticky":false,"template":"","format":"standard","meta":{"advanced_seo_description":"","jetpack_seo_html_title":"","jetpack_seo_noindex":false,"_jetpack_memberships_contains_paid_content":false,"footnotes":""},"categories":[21],"tags":[],"class_list":["post-111056","post","type-post","status-publish","format-standard","has-post-thumbnail","hentry","category-policial"],"jetpack_featured_media_url":"https:\/\/i0.wp.com\/eltrabajo.cl\/portal\/wp-content\/uploads\/2021\/11\/Robo.jpg?fit=700%2C525&ssl=1","jetpack_sharing_enabled":true,"jetpack_likes_enabled":true,"jetpack-related-posts":[],"_links":{"self":[{"href":"https:\/\/eltrabajo.cl\/portal\/wp-json\/wp\/v2\/posts\/111056","targetHints":{"allow":["GET"]}}],"collection":[{"href":"https:\/\/eltrabajo.cl\/portal\/wp-json\/wp\/v2\/posts"}],"about":[{"href":"https:\/\/eltrabajo.cl\/portal\/wp-json\/wp\/v2\/types\/post"}],"author":[{"embeddable":true,"href":"https:\/\/eltrabajo.cl\/portal\/wp-json\/wp\/v2\/users\/482"}],"replies":[{"embeddable":true,"href":"https:\/\/eltrabajo.cl\/portal\/wp-json\/wp\/v2\/comments?post=111056"}],"version-history":[{"count":0,"href":"https:\/\/eltrabajo.cl\/portal\/wp-json\/wp\/v2\/posts\/111056\/revisions"}],"wp:featuredmedia":[{"embeddable":true,"href":"https:\/\/eltrabajo.cl\/portal\/wp-json\/wp\/v2\/media\/111057"}],"wp:attachment":[{"href":"https:\/\/eltrabajo.cl\/portal\/wp-json\/wp\/v2\/media?parent=111056"}],"wp:term":[{"taxonomy":"category","embeddable":true,"href":"https:\/\/eltrabajo.cl\/portal\/wp-json\/wp\/v2\/categories?post=111056"},{"taxonomy":"post_tag","embeddable":true,"href":"https:\/\/eltrabajo.cl\/portal\/wp-json\/wp\/v2\/tags?post=111056"}],"curies":[{"name":"wp","href":"https:\/\/api.w.org\/{rel}","templated":true}]}}